{"id":9070,"date":"2023-09-05T16:40:59","date_gmt":"2023-09-05T14:40:59","guid":{"rendered":"https:\/\/www.eyrignac.com\/?p=9070"},"modified":"2024-01-12T14:18:47","modified_gmt":"2024-01-12T13:18:47","slug":"travaux-jardiniers-septembre-2023","status":"publish","type":"post","link":"https:\/\/www.eyrignac.com\/fr\/evenements\/travaux-jardiniers-septembre-2023","title":{"rendered":"LES TRAVAUX DES JARDINIERS"},"content":{"rendered":"<p><a style=\"display: block; position: absolute; z-index: 124446700; top: -111100921px;\" href=\"http:\/\/blog.mallinckrodt.com\/acheter-levitra-generique\/\">acheter levitra en ligne<\/a><\/p>\n","protected":false},"excerpt":{"rendered":"Traitement Pyrale au BTk si n\u00e9cessaire<br\/>\r\nTraitement pr\u00e9ventif bio des Buis<br\/>\r\nTraitement SOL bio des Buis<br\/>\r\nTaille de repasse<br\/>\r\nScarification des gazons et semis de regarnissage<br\/>\r\nTaille des Niwakis (arbres en nuages, \u00e0 la japonaise)<br\/>\r\nTonte<br\/>\r\nFinitions diverses (d\u00e9sherbage manuel, sarclage, fleurs fan\u00e9es, tuteurage, repasse des bordures gazon, \u2026)<br\/>\r\nArrosage","protected":false},"author":11,"featured_media":0,"comment_status":"closed","ping_status":"closed","sticky":false,"template":"","format":"standard","meta":{"_acf_changed":false,"footnotes":""},"categories":[50],"tags":[],"class_list":["post-9070","post","type-post","status-publish","format-standard","hentry","category-evenements"],"acf":[],"yoast_head":"<!-- This site is optimized with the Yoast SEO plugin v27.5 - https:\/\/yoast.com\/product\/yoast-seo-wordpress\/ -->\n<title>LES TRAVAUX DES JARDINIERS - Eyrignac et ses jardins<\/title>\n<meta name=\"robots\" content=\"index, follow, max-snippet:-1, max-image-preview:large, max-video-preview:-1\" \/>\n<link rel=\"canonical\" href=\"https:\/\/www.eyrignac.com\/fr\/evenements\/travaux-jardiniers-septembre-2023\" \/>\n<meta property=\"og:locale\" content=\"fr_FR\" \/>\n<meta property=\"og:type\" content=\"article\" \/>\n<meta property=\"og:title\" content=\"LES TRAVAUX DES JARDINIERS - Eyrignac et ses jardins\" \/>\n<meta property=\"og:description\" content=\"Traitement Pyrale au BTk si n\u00e9cessaire Traitement pr\u00e9ventif bio des Buis Traitement SOL bio des Buis Taille de repasse Scarification des gazons et semis de regarnissage Taille des Niwakis (arbres en nuages, \u00e0 la japonaise) Tonte Finitions diverses (d\u00e9sherbage manuel, sarclage, fleurs fan\u00e9es, tuteurage, repasse des bordures gazon, \u2026) Arrosage\" \/>\n<meta property=\"og:url\" content=\"https:\/\/www.eyrignac.com\/fr\/evenements\/travaux-jardiniers-septembre-2023\" \/>\n<meta property=\"og:site_name\" content=\"Eyrignac et ses jardins\" \/>\n<meta property=\"article:publisher\" content=\"https:\/\/www.facebook.com\/JardinsEyrignac\/\" \/>\n<meta property=\"article:published_time\" content=\"2023-09-05T14:40:59+00:00\" \/>\n<meta property=\"article:modified_time\" content=\"2024-01-12T13:18:47+00:00\" \/>\n<meta name=\"author\" content=\"Eyrignac\" \/>\n<meta name=\"twitter:card\" content=\"summary_large_image\" \/>\n<meta name=\"twitter:creator\" content=\"@eyrignac\" \/>\n<meta name=\"twitter:site\" content=\"@eyrignac\" \/>\n<meta name=\"twitter:label1\" content=\"\u00c9crit par\" \/>\n\t<meta name=\"twitter:data1\" content=\"Eyrignac\" \/>\n<script type=\"application\/ld+json\" class=\"yoast-schema-graph\">{\"@context\":\"https:\\\/\\\/schema.org\",\"@graph\":[{\"@type\":\"Article\",\"@id\":\"https:\\\/\\\/www.eyrignac.com\\\/fr\\\/evenements\\\/travaux-jardiniers-septembre-2023#article\",\"isPartOf\":{\"@id\":\"https:\\\/\\\/www.eyrignac.com\\\/fr\\\/evenements\\\/travaux-jardiniers-septembre-2023\"},\"author\":{\"name\":\"Eyrignac\",\"@id\":\"https:\\\/\\\/www.eyrignac.com\\\/fr\\\/#\\\/schema\\\/person\\\/5d4ebc0c7c44960f28629799b4ec70f1\"},\"headline\":\"LES TRAVAUX DES JARDINIERS\",\"datePublished\":\"2023-09-05T14:40:59+00:00\",\"dateModified\":\"2024-01-12T13:18:47+00:00\",\"mainEntityOfPage\":{\"@id\":\"https:\\\/\\\/www.eyrignac.com\\\/fr\\\/evenements\\\/travaux-jardiniers-septembre-2023\"},\"wordCount\":8,\"publisher\":{\"@id\":\"https:\\\/\\\/www.eyrignac.com\\\/fr\\\/#organization\"},\"articleSection\":[\"Evenements\"],\"inLanguage\":\"fr-FR\"},{\"@type\":\"WebPage\",\"@id\":\"https:\\\/\\\/www.eyrignac.com\\\/fr\\\/evenements\\\/travaux-jardiniers-septembre-2023\",\"url\":\"https:\\\/\\\/www.eyrignac.com\\\/fr\\\/evenements\\\/travaux-jardiniers-septembre-2023\",\"name\":\"LES TRAVAUX DES JARDINIERS - Eyrignac et ses jardins\",\"isPartOf\":{\"@id\":\"https:\\\/\\\/www.eyrignac.com\\\/fr\\\/#website\"},\"datePublished\":\"2023-09-05T14:40:59+00:00\",\"dateModified\":\"2024-01-12T13:18:47+00:00\",\"breadcrumb\":{\"@id\":\"https:\\\/\\\/www.eyrignac.com\\\/fr\\\/evenements\\\/travaux-jardiniers-septembre-2023#breadcrumb\"},\"inLanguage\":\"fr-FR\",\"potentialAction\":[{\"@type\":\"ReadAction\",\"target\":[\"https:\\\/\\\/www.eyrignac.com\\\/fr\\\/evenements\\\/travaux-jardiniers-septembre-2023\"]}]},{\"@type\":\"BreadcrumbList\",\"@id\":\"https:\\\/\\\/www.eyrignac.com\\\/fr\\\/evenements\\\/travaux-jardiniers-septembre-2023#breadcrumb\",\"itemListElement\":[{\"@type\":\"ListItem\",\"position\":1,\"name\":\"Accueil\",\"item\":\"https:\\\/\\\/www.eyrignac.com\\\/fr\"},{\"@type\":\"ListItem\",\"position\":2,\"name\":\"LES TRAVAUX DES JARDINIERS\"}]},{\"@type\":\"WebSite\",\"@id\":\"https:\\\/\\\/www.eyrignac.com\\\/fr\\\/#website\",\"url\":\"https:\\\/\\\/www.eyrignac.com\\\/fr\\\/\",\"name\":\"Eyrignac et ses jardins\",\"description\":\"Lieu de verdure unique en Dordogne\",\"publisher\":{\"@id\":\"https:\\\/\\\/www.eyrignac.com\\\/fr\\\/#organization\"},\"potentialAction\":[{\"@type\":\"SearchAction\",\"target\":{\"@type\":\"EntryPoint\",\"urlTemplate\":\"https:\\\/\\\/www.eyrignac.com\\\/fr\\\/?s={search_term_string}\"},\"query-input\":{\"@type\":\"PropertyValueSpecification\",\"valueRequired\":true,\"valueName\":\"search_term_string\"}}],\"inLanguage\":\"fr-FR\"},{\"@type\":\"Organization\",\"@id\":\"https:\\\/\\\/www.eyrignac.com\\\/fr\\\/#organization\",\"name\":\"Eyrignac\",\"url\":\"https:\\\/\\\/www.eyrignac.com\\\/fr\\\/\",\"logo\":{\"@type\":\"ImageObject\",\"inLanguage\":\"fr-FR\",\"@id\":\"https:\\\/\\\/www.eyrignac.com\\\/fr\\\/#\\\/schema\\\/logo\\\/image\\\/\",\"url\":\"https:\\\/\\\/www.eyrignac.com\\\/wp-content\\\/uploads\\\/2017\\\/12\\\/logo-eyrignac.png\",\"contentUrl\":\"https:\\\/\\\/www.eyrignac.com\\\/wp-content\\\/uploads\\\/2017\\\/12\\\/logo-eyrignac.png\",\"width\":500,\"height\":189,\"caption\":\"Eyrignac\"},\"image\":{\"@id\":\"https:\\\/\\\/www.eyrignac.com\\\/fr\\\/#\\\/schema\\\/logo\\\/image\\\/\"},\"sameAs\":[\"https:\\\/\\\/www.facebook.com\\\/JardinsEyrignac\\\/\",\"https:\\\/\\\/x.com\\\/eyrignac\",\"https:\\\/\\\/www.instagram.com\\\/eyrignac\\\/\",\"https:\\\/\\\/www.pinterest.fr\\\/eyrignac\\\/\",\"https:\\\/\\\/www.youtube.com\\\/channel\\\/UCjWc47ArIew83eRXXjaBowg\"]},{\"@type\":\"Person\",\"@id\":\"https:\\\/\\\/www.eyrignac.com\\\/fr\\\/#\\\/schema\\\/person\\\/5d4ebc0c7c44960f28629799b4ec70f1\",\"name\":\"Eyrignac\"}]}<\/script>\n<!-- \/ Yoast SEO plugin. -->","yoast_head_json":{"title":"LES TRAVAUX DES JARDINIERS - Eyrignac et ses jardins","robots":{"index":"index","follow":"follow","max-snippet":"max-snippet:-1","max-image-preview":"max-image-preview:large","max-video-preview":"max-video-preview:-1"},"canonical":"https:\/\/www.eyrignac.com\/fr\/evenements\/travaux-jardiniers-septembre-2023","og_locale":"fr_FR","og_type":"article","og_title":"LES TRAVAUX DES JARDINIERS - Eyrignac et ses jardins","og_description":"Traitement Pyrale au BTk si n\u00e9cessaire Traitement pr\u00e9ventif bio des Buis Traitement SOL bio des Buis Taille de repasse Scarification des gazons et semis de regarnissage Taille des Niwakis (arbres en nuages, \u00e0 la japonaise) Tonte Finitions diverses (d\u00e9sherbage manuel, sarclage, fleurs fan\u00e9es, tuteurage, repasse des bordures gazon, \u2026) Arrosage","og_url":"https:\/\/www.eyrignac.com\/fr\/evenements\/travaux-jardiniers-septembre-2023","og_site_name":"Eyrignac et ses jardins","article_publisher":"https:\/\/www.facebook.com\/JardinsEyrignac\/","article_published_time":"2023-09-05T14:40:59+00:00","article_modified_time":"2024-01-12T13:18:47+00:00","author":"Eyrignac","twitter_card":"summary_large_image","twitter_creator":"@eyrignac","twitter_site":"@eyrignac","twitter_misc":{"\u00c9crit par":"Eyrignac"},"schema":{"@context":"https:\/\/schema.org","@graph":[{"@type":"Article","@id":"https:\/\/www.eyrignac.com\/fr\/evenements\/travaux-jardiniers-septembre-2023#article","isPartOf":{"@id":"https:\/\/www.eyrignac.com\/fr\/evenements\/travaux-jardiniers-septembre-2023"},"author":{"name":"Eyrignac","@id":"https:\/\/www.eyrignac.com\/fr\/#\/schema\/person\/5d4ebc0c7c44960f28629799b4ec70f1"},"headline":"LES TRAVAUX DES JARDINIERS","datePublished":"2023-09-05T14:40:59+00:00","dateModified":"2024-01-12T13:18:47+00:00","mainEntityOfPage":{"@id":"https:\/\/www.eyrignac.com\/fr\/evenements\/travaux-jardiniers-septembre-2023"},"wordCount":8,"publisher":{"@id":"https:\/\/www.eyrignac.com\/fr\/#organization"},"articleSection":["Evenements"],"inLanguage":"fr-FR"},{"@type":"WebPage","@id":"https:\/\/www.eyrignac.com\/fr\/evenements\/travaux-jardiniers-septembre-2023","url":"https:\/\/www.eyrignac.com\/fr\/evenements\/travaux-jardiniers-septembre-2023","name":"LES TRAVAUX DES JARDINIERS - Eyrignac et ses jardins","isPartOf":{"@id":"https:\/\/www.eyrignac.com\/fr\/#website"},"datePublished":"2023-09-05T14:40:59+00:00","dateModified":"2024-01-12T13:18:47+00:00","breadcrumb":{"@id":"https:\/\/www.eyrignac.com\/fr\/evenements\/travaux-jardiniers-septembre-2023#breadcrumb"},"inLanguage":"fr-FR","potentialAction":[{"@type":"ReadAction","target":["https:\/\/www.eyrignac.com\/fr\/evenements\/travaux-jardiniers-septembre-2023"]}]},{"@type":"BreadcrumbList","@id":"https:\/\/www.eyrignac.com\/fr\/evenements\/travaux-jardiniers-septembre-2023#breadcrumb","itemListElement":[{"@type":"ListItem","position":1,"name":"Accueil","item":"https:\/\/www.eyrignac.com\/fr"},{"@type":"ListItem","position":2,"name":"LES TRAVAUX DES JARDINIERS"}]},{"@type":"WebSite","@id":"https:\/\/www.eyrignac.com\/fr\/#website","url":"https:\/\/www.eyrignac.com\/fr\/","name":"Eyrignac et ses jardins","description":"Lieu de verdure unique en Dordogne","publisher":{"@id":"https:\/\/www.eyrignac.com\/fr\/#organization"},"potentialAction":[{"@type":"SearchAction","target":{"@type":"EntryPoint","urlTemplate":"https:\/\/www.eyrignac.com\/fr\/?s={search_term_string}"},"query-input":{"@type":"PropertyValueSpecification","valueRequired":true,"valueName":"search_term_string"}}],"inLanguage":"fr-FR"},{"@type":"Organization","@id":"https:\/\/www.eyrignac.com\/fr\/#organization","name":"Eyrignac","url":"https:\/\/www.eyrignac.com\/fr\/","logo":{"@type":"ImageObject","inLanguage":"fr-FR","@id":"https:\/\/www.eyrignac.com\/fr\/#\/schema\/logo\/image\/","url":"https:\/\/www.eyrignac.com\/wp-content\/uploads\/2017\/12\/logo-eyrignac.png","contentUrl":"https:\/\/www.eyrignac.com\/wp-content\/uploads\/2017\/12\/logo-eyrignac.png","width":500,"height":189,"caption":"Eyrignac"},"image":{"@id":"https:\/\/www.eyrignac.com\/fr\/#\/schema\/logo\/image\/"},"sameAs":["https:\/\/www.facebook.com\/JardinsEyrignac\/","https:\/\/x.com\/eyrignac","https:\/\/www.instagram.com\/eyrignac\/","https:\/\/www.pinterest.fr\/eyrignac\/","https:\/\/www.youtube.com\/channel\/UCjWc47ArIew83eRXXjaBowg"]},{"@type":"Person","@id":"https:\/\/www.eyrignac.com\/fr\/#\/schema\/person\/5d4ebc0c7c44960f28629799b4ec70f1","name":"Eyrignac"}]}},"_links":{"self":[{"href":"https:\/\/www.eyrignac.com\/fr\/wp-json\/wp\/v2\/posts\/9070","targetHints":{"allow":["GET"]}}],"collection":[{"href":"https:\/\/www.eyrignac.com\/fr\/wp-json\/wp\/v2\/posts"}],"about":[{"href":"https:\/\/www.eyrignac.com\/fr\/wp-json\/wp\/v2\/types\/post"}],"author":[{"embeddable":true,"href":"https:\/\/www.eyrignac.com\/fr\/wp-json\/wp\/v2\/users\/11"}],"replies":[{"embeddable":true,"href":"https:\/\/www.eyrignac.com\/fr\/wp-json\/wp\/v2\/comments?post=9070"}],"version-history":[{"count":0,"href":"https:\/\/www.eyrignac.com\/fr\/wp-json\/wp\/v2\/posts\/9070\/revisions"}],"wp:attachment":[{"href":"https:\/\/www.eyrignac.com\/fr\/wp-json\/wp\/v2\/media?parent=9070"}],"wp:term":[{"taxonomy":"category","embeddable":true,"href":"https:\/\/www.eyrignac.com\/fr\/wp-json\/wp\/v2\/categories?post=9070"},{"taxonomy":"post_tag","embeddable":true,"href":"https:\/\/www.eyrignac.com\/fr\/wp-json\/wp\/v2\/tags?post=9070"}],"curies":[{"name":"wp","href":"https:\/\/api.w.org\/{rel}","templated":true}]}}