{"id":8836,"date":"2023-04-05T15:05:11","date_gmt":"2023-04-05T13:05:11","guid":{"rendered":"https:\/\/www.eyrignac.com\/?p=8836"},"modified":"2023-03-24T15:06:11","modified_gmt":"2023-03-24T14:06:11","slug":"travaux-jardiniers-avril-2023","status":"publish","type":"post","link":"https:\/\/www.eyrignac.com\/fr\/evenements\/travaux-jardiniers-avril-2023","title":{"rendered":"LES TRAVAUX DES JARDINIERS"},"content":{"rendered":"","protected":false},"excerpt":{"rendered":"Taille Lierre sur les murs<br\/>\r\nTraitement pr\u00e9ventif bio des Buis<br\/>\r\nFertilisation des gazons et traitement antigerminatif des gazons contre les gramin\u00e9es estivales ind\u00e9sirables<br\/>\r\nArrosage et fertilisation organique et min\u00e9rale des vases de topiaires<br\/>\r\nTaille Buis et taille des topiaires <br\/>\r\nTonte<br\/>\r\nMise en place des vases de fleurs","protected":false},"author":11,"featured_media":0,"comment_status":"open","ping_status":"open","sticky":false,"template":"","format":"standard","meta":{"_acf_changed":false,"footnotes":""},"categories":[50],"tags":[],"class_list":["post-8836","post","type-post","status-publish","format-standard","hentry","category-evenements"],"acf":[],"yoast_head":"<!-- This site is optimized with the Yoast SEO plugin v27.5 - https:\/\/yoast.com\/product\/yoast-seo-wordpress\/ -->\n<title>LES TRAVAUX DES JARDINIERS - Eyrignac et ses jardins<\/title>\n<meta name=\"robots\" content=\"index, follow, max-snippet:-1, max-image-preview:large, max-video-preview:-1\" \/>\n<link rel=\"canonical\" href=\"https:\/\/www.eyrignac.com\/fr\/evenements\/travaux-jardiniers-avril-2023\" \/>\n<meta property=\"og:locale\" content=\"fr_FR\" \/>\n<meta property=\"og:type\" content=\"article\" \/>\n<meta property=\"og:title\" content=\"LES TRAVAUX DES JARDINIERS - Eyrignac et ses jardins\" \/>\n<meta property=\"og:description\" content=\"Taille Lierre sur les murs Traitement pr\u00e9ventif bio des Buis Fertilisation des gazons et traitement antigerminatif des gazons contre les gramin\u00e9es estivales ind\u00e9sirables Arrosage et fertilisation organique et min\u00e9rale des vases de topiaires Taille Buis et taille des topiaires  Tonte Mise en place des vases de fleurs\" \/>\n<meta property=\"og:url\" content=\"https:\/\/www.eyrignac.com\/fr\/evenements\/travaux-jardiniers-avril-2023\" \/>\n<meta property=\"og:site_name\" content=\"Eyrignac et ses jardins\" \/>\n<meta property=\"article:publisher\" content=\"https:\/\/www.facebook.com\/JardinsEyrignac\/\" \/>\n<meta property=\"article:published_time\" content=\"2023-04-05T13:05:11+00:00\" \/>\n<meta name=\"author\" content=\"Eyrignac\" \/>\n<meta name=\"twitter:card\" content=\"summary_large_image\" \/>\n<meta name=\"twitter:creator\" content=\"@eyrignac\" \/>\n<meta name=\"twitter:site\" content=\"@eyrignac\" \/>\n<meta name=\"twitter:label1\" content=\"\u00c9crit par\" \/>\n\t<meta name=\"twitter:data1\" content=\"Eyrignac\" \/>\n<script type=\"application\/ld+json\" class=\"yoast-schema-graph\">{\"@context\":\"https:\\\/\\\/schema.org\",\"@graph\":[{\"@type\":\"Article\",\"@id\":\"https:\\\/\\\/www.eyrignac.com\\\/fr\\\/evenements\\\/travaux-jardiniers-avril-2023#article\",\"isPartOf\":{\"@id\":\"https:\\\/\\\/www.eyrignac.com\\\/fr\\\/evenements\\\/travaux-jardiniers-avril-2023\"},\"author\":{\"name\":\"Eyrignac\",\"@id\":\"https:\\\/\\\/www.eyrignac.com\\\/fr\\\/#\\\/schema\\\/person\\\/5d4ebc0c7c44960f28629799b4ec70f1\"},\"headline\":\"LES TRAVAUX DES JARDINIERS\",\"datePublished\":\"2023-04-05T13:05:11+00:00\",\"mainEntityOfPage\":{\"@id\":\"https:\\\/\\\/www.eyrignac.com\\\/fr\\\/evenements\\\/travaux-jardiniers-avril-2023\"},\"wordCount\":4,\"commentCount\":0,\"publisher\":{\"@id\":\"https:\\\/\\\/www.eyrignac.com\\\/fr\\\/#organization\"},\"articleSection\":[\"Evenements\"],\"inLanguage\":\"fr-FR\",\"potentialAction\":[{\"@type\":\"CommentAction\",\"name\":\"Comment\",\"target\":[\"https:\\\/\\\/www.eyrignac.com\\\/fr\\\/evenements\\\/travaux-jardiniers-avril-2023#respond\"]}]},{\"@type\":\"WebPage\",\"@id\":\"https:\\\/\\\/www.eyrignac.com\\\/fr\\\/evenements\\\/travaux-jardiniers-avril-2023\",\"url\":\"https:\\\/\\\/www.eyrignac.com\\\/fr\\\/evenements\\\/travaux-jardiniers-avril-2023\",\"name\":\"LES TRAVAUX DES JARDINIERS - Eyrignac et ses jardins\",\"isPartOf\":{\"@id\":\"https:\\\/\\\/www.eyrignac.com\\\/fr\\\/#website\"},\"datePublished\":\"2023-04-05T13:05:11+00:00\",\"breadcrumb\":{\"@id\":\"https:\\\/\\\/www.eyrignac.com\\\/fr\\\/evenements\\\/travaux-jardiniers-avril-2023#breadcrumb\"},\"inLanguage\":\"fr-FR\",\"potentialAction\":[{\"@type\":\"ReadAction\",\"target\":[\"https:\\\/\\\/www.eyrignac.com\\\/fr\\\/evenements\\\/travaux-jardiniers-avril-2023\"]}]},{\"@type\":\"BreadcrumbList\",\"@id\":\"https:\\\/\\\/www.eyrignac.com\\\/fr\\\/evenements\\\/travaux-jardiniers-avril-2023#breadcrumb\",\"itemListElement\":[{\"@type\":\"ListItem\",\"position\":1,\"name\":\"Accueil\",\"item\":\"https:\\\/\\\/www.eyrignac.com\\\/fr\"},{\"@type\":\"ListItem\",\"position\":2,\"name\":\"LES TRAVAUX DES JARDINIERS\"}]},{\"@type\":\"WebSite\",\"@id\":\"https:\\\/\\\/www.eyrignac.com\\\/fr\\\/#website\",\"url\":\"https:\\\/\\\/www.eyrignac.com\\\/fr\\\/\",\"name\":\"Eyrignac et ses jardins\",\"description\":\"Lieu de verdure unique en Dordogne\",\"publisher\":{\"@id\":\"https:\\\/\\\/www.eyrignac.com\\\/fr\\\/#organization\"},\"potentialAction\":[{\"@type\":\"SearchAction\",\"target\":{\"@type\":\"EntryPoint\",\"urlTemplate\":\"https:\\\/\\\/www.eyrignac.com\\\/fr\\\/?s={search_term_string}\"},\"query-input\":{\"@type\":\"PropertyValueSpecification\",\"valueRequired\":true,\"valueName\":\"search_term_string\"}}],\"inLanguage\":\"fr-FR\"},{\"@type\":\"Organization\",\"@id\":\"https:\\\/\\\/www.eyrignac.com\\\/fr\\\/#organization\",\"name\":\"Eyrignac\",\"url\":\"https:\\\/\\\/www.eyrignac.com\\\/fr\\\/\",\"logo\":{\"@type\":\"ImageObject\",\"inLanguage\":\"fr-FR\",\"@id\":\"https:\\\/\\\/www.eyrignac.com\\\/fr\\\/#\\\/schema\\\/logo\\\/image\\\/\",\"url\":\"https:\\\/\\\/www.eyrignac.com\\\/wp-content\\\/uploads\\\/2017\\\/12\\\/logo-eyrignac.png\",\"contentUrl\":\"https:\\\/\\\/www.eyrignac.com\\\/wp-content\\\/uploads\\\/2017\\\/12\\\/logo-eyrignac.png\",\"width\":500,\"height\":189,\"caption\":\"Eyrignac\"},\"image\":{\"@id\":\"https:\\\/\\\/www.eyrignac.com\\\/fr\\\/#\\\/schema\\\/logo\\\/image\\\/\"},\"sameAs\":[\"https:\\\/\\\/www.facebook.com\\\/JardinsEyrignac\\\/\",\"https:\\\/\\\/x.com\\\/eyrignac\",\"https:\\\/\\\/www.instagram.com\\\/eyrignac\\\/\",\"https:\\\/\\\/www.pinterest.fr\\\/eyrignac\\\/\",\"https:\\\/\\\/www.youtube.com\\\/channel\\\/UCjWc47ArIew83eRXXjaBowg\"]},{\"@type\":\"Person\",\"@id\":\"https:\\\/\\\/www.eyrignac.com\\\/fr\\\/#\\\/schema\\\/person\\\/5d4ebc0c7c44960f28629799b4ec70f1\",\"name\":\"Eyrignac\"}]}<\/script>\n<!-- \/ Yoast SEO plugin. -->","yoast_head_json":{"title":"LES TRAVAUX DES JARDINIERS - Eyrignac et ses jardins","robots":{"index":"index","follow":"follow","max-snippet":"max-snippet:-1","max-image-preview":"max-image-preview:large","max-video-preview":"max-video-preview:-1"},"canonical":"https:\/\/www.eyrignac.com\/fr\/evenements\/travaux-jardiniers-avril-2023","og_locale":"fr_FR","og_type":"article","og_title":"LES TRAVAUX DES JARDINIERS - Eyrignac et ses jardins","og_description":"Taille Lierre sur les murs Traitement pr\u00e9ventif bio des Buis Fertilisation des gazons et traitement antigerminatif des gazons contre les gramin\u00e9es estivales ind\u00e9sirables Arrosage et fertilisation organique et min\u00e9rale des vases de topiaires Taille Buis et taille des topiaires  Tonte Mise en place des vases de fleurs","og_url":"https:\/\/www.eyrignac.com\/fr\/evenements\/travaux-jardiniers-avril-2023","og_site_name":"Eyrignac et ses jardins","article_publisher":"https:\/\/www.facebook.com\/JardinsEyrignac\/","article_published_time":"2023-04-05T13:05:11+00:00","author":"Eyrignac","twitter_card":"summary_large_image","twitter_creator":"@eyrignac","twitter_site":"@eyrignac","twitter_misc":{"\u00c9crit par":"Eyrignac"},"schema":{"@context":"https:\/\/schema.org","@graph":[{"@type":"Article","@id":"https:\/\/www.eyrignac.com\/fr\/evenements\/travaux-jardiniers-avril-2023#article","isPartOf":{"@id":"https:\/\/www.eyrignac.com\/fr\/evenements\/travaux-jardiniers-avril-2023"},"author":{"name":"Eyrignac","@id":"https:\/\/www.eyrignac.com\/fr\/#\/schema\/person\/5d4ebc0c7c44960f28629799b4ec70f1"},"headline":"LES TRAVAUX DES JARDINIERS","datePublished":"2023-04-05T13:05:11+00:00","mainEntityOfPage":{"@id":"https:\/\/www.eyrignac.com\/fr\/evenements\/travaux-jardiniers-avril-2023"},"wordCount":4,"commentCount":0,"publisher":{"@id":"https:\/\/www.eyrignac.com\/fr\/#organization"},"articleSection":["Evenements"],"inLanguage":"fr-FR","potentialAction":[{"@type":"CommentAction","name":"Comment","target":["https:\/\/www.eyrignac.com\/fr\/evenements\/travaux-jardiniers-avril-2023#respond"]}]},{"@type":"WebPage","@id":"https:\/\/www.eyrignac.com\/fr\/evenements\/travaux-jardiniers-avril-2023","url":"https:\/\/www.eyrignac.com\/fr\/evenements\/travaux-jardiniers-avril-2023","name":"LES TRAVAUX DES JARDINIERS - Eyrignac et ses jardins","isPartOf":{"@id":"https:\/\/www.eyrignac.com\/fr\/#website"},"datePublished":"2023-04-05T13:05:11+00:00","breadcrumb":{"@id":"https:\/\/www.eyrignac.com\/fr\/evenements\/travaux-jardiniers-avril-2023#breadcrumb"},"inLanguage":"fr-FR","potentialAction":[{"@type":"ReadAction","target":["https:\/\/www.eyrignac.com\/fr\/evenements\/travaux-jardiniers-avril-2023"]}]},{"@type":"BreadcrumbList","@id":"https:\/\/www.eyrignac.com\/fr\/evenements\/travaux-jardiniers-avril-2023#breadcrumb","itemListElement":[{"@type":"ListItem","position":1,"name":"Accueil","item":"https:\/\/www.eyrignac.com\/fr"},{"@type":"ListItem","position":2,"name":"LES TRAVAUX DES JARDINIERS"}]},{"@type":"WebSite","@id":"https:\/\/www.eyrignac.com\/fr\/#website","url":"https:\/\/www.eyrignac.com\/fr\/","name":"Eyrignac et ses jardins","description":"Lieu de verdure unique en Dordogne","publisher":{"@id":"https:\/\/www.eyrignac.com\/fr\/#organization"},"potentialAction":[{"@type":"SearchAction","target":{"@type":"EntryPoint","urlTemplate":"https:\/\/www.eyrignac.com\/fr\/?s={search_term_string}"},"query-input":{"@type":"PropertyValueSpecification","valueRequired":true,"valueName":"search_term_string"}}],"inLanguage":"fr-FR"},{"@type":"Organization","@id":"https:\/\/www.eyrignac.com\/fr\/#organization","name":"Eyrignac","url":"https:\/\/www.eyrignac.com\/fr\/","logo":{"@type":"ImageObject","inLanguage":"fr-FR","@id":"https:\/\/www.eyrignac.com\/fr\/#\/schema\/logo\/image\/","url":"https:\/\/www.eyrignac.com\/wp-content\/uploads\/2017\/12\/logo-eyrignac.png","contentUrl":"https:\/\/www.eyrignac.com\/wp-content\/uploads\/2017\/12\/logo-eyrignac.png","width":500,"height":189,"caption":"Eyrignac"},"image":{"@id":"https:\/\/www.eyrignac.com\/fr\/#\/schema\/logo\/image\/"},"sameAs":["https:\/\/www.facebook.com\/JardinsEyrignac\/","https:\/\/x.com\/eyrignac","https:\/\/www.instagram.com\/eyrignac\/","https:\/\/www.pinterest.fr\/eyrignac\/","https:\/\/www.youtube.com\/channel\/UCjWc47ArIew83eRXXjaBowg"]},{"@type":"Person","@id":"https:\/\/www.eyrignac.com\/fr\/#\/schema\/person\/5d4ebc0c7c44960f28629799b4ec70f1","name":"Eyrignac"}]}},"_links":{"self":[{"href":"https:\/\/www.eyrignac.com\/fr\/wp-json\/wp\/v2\/posts\/8836","targetHints":{"allow":["GET"]}}],"collection":[{"href":"https:\/\/www.eyrignac.com\/fr\/wp-json\/wp\/v2\/posts"}],"about":[{"href":"https:\/\/www.eyrignac.com\/fr\/wp-json\/wp\/v2\/types\/post"}],"author":[{"embeddable":true,"href":"https:\/\/www.eyrignac.com\/fr\/wp-json\/wp\/v2\/users\/11"}],"replies":[{"embeddable":true,"href":"https:\/\/www.eyrignac.com\/fr\/wp-json\/wp\/v2\/comments?post=8836"}],"version-history":[{"count":0,"href":"https:\/\/www.eyrignac.com\/fr\/wp-json\/wp\/v2\/posts\/8836\/revisions"}],"wp:attachment":[{"href":"https:\/\/www.eyrignac.com\/fr\/wp-json\/wp\/v2\/media?parent=8836"}],"wp:term":[{"taxonomy":"category","embeddable":true,"href":"https:\/\/www.eyrignac.com\/fr\/wp-json\/wp\/v2\/categories?post=8836"},{"taxonomy":"post_tag","embeddable":true,"href":"https:\/\/www.eyrignac.com\/fr\/wp-json\/wp\/v2\/tags?post=8836"}],"curies":[{"name":"wp","href":"https:\/\/api.w.org\/{rel}","templated":true}]}}