{"id":6488,"date":"2023-05-15T08:22:31","date_gmt":"2023-05-15T06:22:31","guid":{"rendered":"https:\/\/www.eyrignac.com\/?p=6488"},"modified":"2023-05-17T08:55:40","modified_gmt":"2023-05-17T06:55:40","slug":"atelier-broderie-dans-les-jardins-d-eyrignac","status":"publish","type":"post","link":"https:\/\/www.eyrignac.com\/fr\/actualites\/atelier-broderie-dans-les-jardins-d-eyrignac","title":{"rendered":"Atelier-broderie dans les jardins d&rsquo;Eyrignac"},"content":{"rendered":"<div class=\"wpb-content-wrapper\"><p>[vc_row][vc_column][vc_column_text]<\/p>\n<h3><span style=\"font-weight: 400;\">Dimanche 28 mai 2023 de 14h \u00e0 18h<\/span><\/h3>\n<p>[\/vc_column_text][\/vc_column][\/vc_row][vc_row][vc_column][vc_empty_space][vc_column_text]<strong>Au cours d\u2019un nouvel atelier anim\u00e9 au c\u0153ur des jardins par l\u2019association Au Fil de la Bouriane, les visiteurs pourront s\u2019initier en famille \u00e0 l\u2019art de la broderie ou affiner leur technique gr\u00e2ce aux conseils avis\u00e9s de brodeuses passionn\u00e9es.<\/strong>[\/vc_column_text][\/vc_column][\/vc_row][vc_row][vc_column][vc_column_text]<\/p>\n<h2>La broderie, une parenth\u00e8se relaxante au coeur des jardins d&rsquo;Eyrignac<\/h2>\n<p>[\/vc_column_text][\/vc_column][\/vc_row][vc_row][vc_column width=\u00a0\u00bb2\/3&Prime;][vc_column_text]L\u2019art de la broderie et l\u2019art des jardins ont tiss\u00e9 des liens \u00e9troits depuis la Renaissance, s\u2019influen\u00e7ant l\u2019un l\u2019autre. Ainsi dans l\u2019art des jardins trouve-t-on l\u2019expression \u201cparterre de broderie\u201d dont le parterre situ\u00e9 au pied du Manoir dans le jardin \u00e0 la fran\u00e7aise est un exemple ; quant \u00e0 la broderie, elle se d\u00e9cline en une vari\u00e9t\u00e9 de motifs floraux, de toute taille, de toutes teintes, r\u00e9alisables avec toutes les techniques propres \u00e0 cet art.<br \/>\nCette association th\u00e9matique sera donc naturellement \u00e0 l&rsquo;honneur pour une parenth\u00e8se conviviale et relaxante en plein air accessible \u00e0 tous, \u00e0 partir de 8 ans.<\/p>\n<p>A l\u2019issue de l\u2019atelier-broderie, les participants repartiront avec leur r\u00e9alisation qui sera un clin d\u2019oeil au couple jardin-borderie, apr\u00e8s avoir appr\u00e9ci\u00e9 la fra\u00eecheur d\u00e9salt\u00e9rante d&rsquo;une d\u00e9licieuse citronnade maison \u00e0 la vanille bourbon, pr\u00e9par\u00e9e par le restaurant C\u00f4t\u00e9 Jardins.<\/p>\n<p>3 mod\u00e8les de kit \u00e0 broder sont propos\u00e9s :<\/p>\n<ul>\n<li><strong>Mod\u00e8le enfant 8-10 ans :<\/strong> les enfants broderont un petit animal du jardin dans les teintes de leur choix. Leur cr\u00e9ation sera mise en valeur dans un tambour qu\u2019ils pourront accrocher fi\u00e8rement dans leur chambre ;<\/li>\n<li><strong>Mod\u00e8le adulte d\u00e9butant et mod\u00e8le adulte confirm\u00e9 \u00e0 partir de 11 ans :<\/strong> les brodeuses et brodeurs broderont selon leur niveau de pratique des motifs floraux qui orneront un chapeau de paille qu\u2019ils pourront porter ou offrir.<\/li>\n<\/ul>\n<p>[\/vc_column_text][\/vc_column][vc_column width=\u00a0\u00bb1\/3&Prime; css=\u00a0\u00bb.vc_custom_1649337547112{margin-top: 5px !important;margin-right: 25px !important;margin-bottom: 5px !important;margin-left: 25px !important;border-top-width: 5px !important;border-right-width: 25px !important;border-bottom-width: 5px !important;border-left-width: 25px !important;padding-top: 5px !important;padding-right: 25px !important;padding-bottom: 5px !important;padding-left: 25px !important;background-color: #eded8e !important;}\u00a0\u00bb][vc_column_text]<\/p>\n<h3>Informations billetterie<\/h3>\n<p>[\/vc_column_text][vc_separator color=\u00a0\u00bbblack\u00a0\u00bb align=\u00a0\u00bbalign_left\u00a0\u00bb el_width=\u00a0\u00bb20&Prime;][vc_column_text]<strong>Animation sur r\u00e9servation sur la <a href=\"https:\/\/www.eyrignac.com\/fr\/billetterie\">billetterie en ligne<\/a>.<\/strong><br \/>\nTarifs :<\/p>\n<ul>\n<li>adulte 24.90 \u20ac<\/li>\n<li>adolescent 11-17 ans : 18.50 \u20ac<\/li>\n<li>Enfant 8-10 ans : 14.50 \u20ac<\/li>\n<\/ul>\n<p>Le billet est valable toute la journ\u00e9e et inclut :<\/p>\n<ul>\n<li>La visite libre des jardins<\/li>\n<li>la participation \u00e0 4h d\u2019atelier, 1 kit \u00e0 broder par personne ainsi qu\u2019une pause rafra\u00eechissement.<\/li>\n<\/ul>\n<p>[\/vc_column_text][\/vc_column][\/vc_row][vc_row][vc_column][vc_empty_space][vc_media_grid grid_id=\u00a0\u00bbvc_gid:1683128596820-35fdd4ca-0a44-6&Prime; include=\u00a0\u00bb6485,1548,7970,1679,7968,3201&Prime;][vc_empty_space][\/vc_column][\/vc_row][vc_row][vc_column][vc_column_text]<\/p>\n<h2>A voir aussi<\/h2>\n<p>[\/vc_column_text][vc_column_text]Avant ou apr\u00e8s l&rsquo;atelier broderie, les visiteurs pourront bien s\u00fbr se promener dans l\u2019ensemble du jardin et d\u00e9couvrir les <a href=\"https:\/\/www.eyrignac.com\/fr\/decouvrir-jardins-eyrignac\">jardins \u00e0 la fran\u00e7aises, le Jardin Blanc, le Jardin des Sources<\/a>\u2026<\/p>\n<p>Pour les amateurs de promenade en pleine nature, il est possible d\u2019orienter la visite d\u2019Eyrignac vers une promenade bien-\u00eatre : la \u201c<a href=\"https:\/\/www.eyrignac.com\/fr\/actualites\/decouverte-sensorielle-jardins-eyrignac-serenite-deconnexion-paradis-verdure\">D\u00e9couverte sensorielle<\/a>\u201d disponible \u00e0 l\u2019accueil et\/ou de compl\u00e9ter la visite des jardins par l\u2019un des <a href=\"https:\/\/www.eyrignac.com\/fr\/decouvrir-les-jardins-eyrignac\/les-sentiers-botaniques-eyrignac\">sentiers botaniques<\/a> trac\u00e9s sur le domaine.[\/vc_column_text][\/vc_column][\/vc_row]<\/p>\n<\/div>","protected":false},"excerpt":{"rendered":"Le dimanche 28 mai 2023, un nouvel atelier anim\u00e9 au c\u0153ur des jardins par l\u2019association Au Fil de la Bouriane, les visiteurs pourront s\u2019initier en famille \u00e0 l\u2019art de la broderie ou affiner leur technique gr\u00e2ce aux conseils avis\u00e9s de brodeuses passionn\u00e9es.","protected":false},"author":8,"featured_media":7970,"comment_status":"closed","ping_status":"open","sticky":false,"template":"","format":"standard","meta":{"_acf_changed":false,"footnotes":""},"categories":[5],"tags":[],"class_list":["post-6488","post","type-post","status-publish","format-standard","has-post-thumbnail","hentry","category-actualites"],"acf":[],"yoast_head":"<!-- This site is optimized with the Yoast SEO plugin v27.5 - https:\/\/yoast.com\/product\/yoast-seo-wordpress\/ -->\n<title>Atelier broderie dans les jardins d&#039;Eyrignac en Dordogne&quot;<\/title>\n<meta name=\"description\" content=\"Le dimanche 28 mai 2023, atelier d&#039;initiation \u00e0 la broderie anim\u00e9 par l&#039;association au Fil de la Bouriane au coeur des jardins.\" \/>\n<meta name=\"robots\" content=\"index, follow, max-snippet:-1, max-image-preview:large, max-video-preview:-1\" \/>\n<link rel=\"canonical\" href=\"https:\/\/www.eyrignac.com\/fr\/actualites\/atelier-broderie-dans-les-jardins-d-eyrignac\" \/>\n<meta property=\"og:locale\" content=\"fr_FR\" \/>\n<meta property=\"og:type\" content=\"article\" \/>\n<meta property=\"og:title\" content=\"Atelier broderie dans les jardins d&#039;Eyrignac en Dordogne&quot;\" \/>\n<meta property=\"og:description\" content=\"Le dimanche 28 mai 2023, atelier d&#039;initiation \u00e0 la broderie anim\u00e9 par l&#039;association au Fil de la Bouriane au coeur des jardins.\" \/>\n<meta property=\"og:url\" content=\"https:\/\/www.eyrignac.com\/fr\/actualites\/atelier-broderie-dans-les-jardins-d-eyrignac\" \/>\n<meta property=\"og:site_name\" content=\"Eyrignac et ses jardins\" \/>\n<meta property=\"article:publisher\" content=\"https:\/\/www.facebook.com\/JardinsEyrignac\/\" \/>\n<meta property=\"article:published_time\" content=\"2023-05-15T06:22:31+00:00\" \/>\n<meta property=\"article:modified_time\" content=\"2023-05-17T06:55:40+00:00\" \/>\n<meta property=\"og:image\" content=\"https:\/\/www.eyrignac.com\/wp-content\/uploads\/2021\/08\/eyrignac_atelier_broderie.jpg\" \/>\n\t<meta property=\"og:image:width\" content=\"1500\" \/>\n\t<meta property=\"og:image:height\" content=\"1500\" \/>\n\t<meta property=\"og:image:type\" content=\"image\/jpeg\" \/>\n<meta name=\"author\" content=\"C\u00e9cile Engelen\" \/>\n<meta name=\"twitter:card\" content=\"summary_large_image\" \/>\n<meta name=\"twitter:creator\" content=\"@eyrignac\" \/>\n<meta name=\"twitter:site\" content=\"@eyrignac\" \/>\n<meta name=\"twitter:label1\" content=\"\u00c9crit par\" \/>\n\t<meta name=\"twitter:data1\" content=\"C\u00e9cile Engelen\" \/>\n\t<meta name=\"twitter:label2\" content=\"Dur\u00e9e de lecture estim\u00e9e\" \/>\n\t<meta name=\"twitter:data2\" content=\"3 minutes\" \/>\n<script type=\"application\/ld+json\" class=\"yoast-schema-graph\">{\"@context\":\"https:\\\/\\\/schema.org\",\"@graph\":[{\"@type\":\"Article\",\"@id\":\"https:\\\/\\\/www.eyrignac.com\\\/fr\\\/actualites\\\/atelier-broderie-dans-les-jardins-d-eyrignac#article\",\"isPartOf\":{\"@id\":\"https:\\\/\\\/www.eyrignac.com\\\/fr\\\/actualites\\\/atelier-broderie-dans-les-jardins-d-eyrignac\"},\"author\":{\"name\":\"C\u00e9cile Engelen\",\"@id\":\"https:\\\/\\\/www.eyrignac.com\\\/fr\\\/#\\\/schema\\\/person\\\/b4e5794153fc497d1d8f02101a4c82be\"},\"headline\":\"Atelier-broderie dans les jardins d&rsquo;Eyrignac\",\"datePublished\":\"2023-05-15T06:22:31+00:00\",\"dateModified\":\"2023-05-17T06:55:40+00:00\",\"mainEntityOfPage\":{\"@id\":\"https:\\\/\\\/www.eyrignac.com\\\/fr\\\/actualites\\\/atelier-broderie-dans-les-jardins-d-eyrignac\"},\"wordCount\":623,\"publisher\":{\"@id\":\"https:\\\/\\\/www.eyrignac.com\\\/fr\\\/#organization\"},\"image\":{\"@id\":\"https:\\\/\\\/www.eyrignac.com\\\/fr\\\/actualites\\\/atelier-broderie-dans-les-jardins-d-eyrignac#primaryimage\"},\"thumbnailUrl\":\"https:\\\/\\\/www.eyrignac.com\\\/wp-content\\\/uploads\\\/2021\\\/08\\\/eyrignac_atelier_broderie.jpg\",\"articleSection\":[\"Actualit\u00e9s\"],\"inLanguage\":\"fr-FR\"},{\"@type\":\"WebPage\",\"@id\":\"https:\\\/\\\/www.eyrignac.com\\\/fr\\\/actualites\\\/atelier-broderie-dans-les-jardins-d-eyrignac\",\"url\":\"https:\\\/\\\/www.eyrignac.com\\\/fr\\\/actualites\\\/atelier-broderie-dans-les-jardins-d-eyrignac\",\"name\":\"Atelier broderie dans les jardins d'Eyrignac en Dordogne\\\"\",\"isPartOf\":{\"@id\":\"https:\\\/\\\/www.eyrignac.com\\\/fr\\\/#website\"},\"primaryImageOfPage\":{\"@id\":\"https:\\\/\\\/www.eyrignac.com\\\/fr\\\/actualites\\\/atelier-broderie-dans-les-jardins-d-eyrignac#primaryimage\"},\"image\":{\"@id\":\"https:\\\/\\\/www.eyrignac.com\\\/fr\\\/actualites\\\/atelier-broderie-dans-les-jardins-d-eyrignac#primaryimage\"},\"thumbnailUrl\":\"https:\\\/\\\/www.eyrignac.com\\\/wp-content\\\/uploads\\\/2021\\\/08\\\/eyrignac_atelier_broderie.jpg\",\"datePublished\":\"2023-05-15T06:22:31+00:00\",\"dateModified\":\"2023-05-17T06:55:40+00:00\",\"description\":\"Le dimanche 28 mai 2023, atelier d'initiation \u00e0 la broderie anim\u00e9 par l'association au Fil de la Bouriane au coeur des jardins.\",\"breadcrumb\":{\"@id\":\"https:\\\/\\\/www.eyrignac.com\\\/fr\\\/actualites\\\/atelier-broderie-dans-les-jardins-d-eyrignac#breadcrumb\"},\"inLanguage\":\"fr-FR\",\"potentialAction\":[{\"@type\":\"ReadAction\",\"target\":[\"https:\\\/\\\/www.eyrignac.com\\\/fr\\\/actualites\\\/atelier-broderie-dans-les-jardins-d-eyrignac\"]}]},{\"@type\":\"ImageObject\",\"inLanguage\":\"fr-FR\",\"@id\":\"https:\\\/\\\/www.eyrignac.com\\\/fr\\\/actualites\\\/atelier-broderie-dans-les-jardins-d-eyrignac#primaryimage\",\"url\":\"https:\\\/\\\/www.eyrignac.com\\\/wp-content\\\/uploads\\\/2021\\\/08\\\/eyrignac_atelier_broderie.jpg\",\"contentUrl\":\"https:\\\/\\\/www.eyrignac.com\\\/wp-content\\\/uploads\\\/2021\\\/08\\\/eyrignac_atelier_broderie.jpg\",\"width\":1500,\"height\":1500},{\"@type\":\"BreadcrumbList\",\"@id\":\"https:\\\/\\\/www.eyrignac.com\\\/fr\\\/actualites\\\/atelier-broderie-dans-les-jardins-d-eyrignac#breadcrumb\",\"itemListElement\":[{\"@type\":\"ListItem\",\"position\":1,\"name\":\"Accueil\",\"item\":\"https:\\\/\\\/www.eyrignac.com\\\/fr\"},{\"@type\":\"ListItem\",\"position\":2,\"name\":\"Atelier-broderie dans les jardins d&rsquo;Eyrignac\"}]},{\"@type\":\"WebSite\",\"@id\":\"https:\\\/\\\/www.eyrignac.com\\\/fr\\\/#website\",\"url\":\"https:\\\/\\\/www.eyrignac.com\\\/fr\\\/\",\"name\":\"Eyrignac et ses jardins\",\"description\":\"Lieu de verdure unique en Dordogne\",\"publisher\":{\"@id\":\"https:\\\/\\\/www.eyrignac.com\\\/fr\\\/#organization\"},\"potentialAction\":[{\"@type\":\"SearchAction\",\"target\":{\"@type\":\"EntryPoint\",\"urlTemplate\":\"https:\\\/\\\/www.eyrignac.com\\\/fr\\\/?s={search_term_string}\"},\"query-input\":{\"@type\":\"PropertyValueSpecification\",\"valueRequired\":true,\"valueName\":\"search_term_string\"}}],\"inLanguage\":\"fr-FR\"},{\"@type\":\"Organization\",\"@id\":\"https:\\\/\\\/www.eyrignac.com\\\/fr\\\/#organization\",\"name\":\"Eyrignac\",\"url\":\"https:\\\/\\\/www.eyrignac.com\\\/fr\\\/\",\"logo\":{\"@type\":\"ImageObject\",\"inLanguage\":\"fr-FR\",\"@id\":\"https:\\\/\\\/www.eyrignac.com\\\/fr\\\/#\\\/schema\\\/logo\\\/image\\\/\",\"url\":\"https:\\\/\\\/www.eyrignac.com\\\/wp-content\\\/uploads\\\/2017\\\/12\\\/logo-eyrignac.png\",\"contentUrl\":\"https:\\\/\\\/www.eyrignac.com\\\/wp-content\\\/uploads\\\/2017\\\/12\\\/logo-eyrignac.png\",\"width\":500,\"height\":189,\"caption\":\"Eyrignac\"},\"image\":{\"@id\":\"https:\\\/\\\/www.eyrignac.com\\\/fr\\\/#\\\/schema\\\/logo\\\/image\\\/\"},\"sameAs\":[\"https:\\\/\\\/www.facebook.com\\\/JardinsEyrignac\\\/\",\"https:\\\/\\\/x.com\\\/eyrignac\",\"https:\\\/\\\/www.instagram.com\\\/eyrignac\\\/\",\"https:\\\/\\\/www.pinterest.fr\\\/eyrignac\\\/\",\"https:\\\/\\\/www.youtube.com\\\/channel\\\/UCjWc47ArIew83eRXXjaBowg\"]},{\"@type\":\"Person\",\"@id\":\"https:\\\/\\\/www.eyrignac.com\\\/fr\\\/#\\\/schema\\\/person\\\/b4e5794153fc497d1d8f02101a4c82be\",\"name\":\"C\u00e9cile Engelen\"}]}<\/script>\n<!-- \/ Yoast SEO plugin. -->","yoast_head_json":{"title":"Atelier broderie dans les jardins d'Eyrignac en Dordogne\"","description":"Le dimanche 28 mai 2023, atelier d'initiation \u00e0 la broderie anim\u00e9 par l'association au Fil de la Bouriane au coeur des jardins.","robots":{"index":"index","follow":"follow","max-snippet":"max-snippet:-1","max-image-preview":"max-image-preview:large","max-video-preview":"max-video-preview:-1"},"canonical":"https:\/\/www.eyrignac.com\/fr\/actualites\/atelier-broderie-dans-les-jardins-d-eyrignac","og_locale":"fr_FR","og_type":"article","og_title":"Atelier broderie dans les jardins d'Eyrignac en Dordogne\"","og_description":"Le dimanche 28 mai 2023, atelier d'initiation \u00e0 la broderie anim\u00e9 par l'association au Fil de la Bouriane au coeur des jardins.","og_url":"https:\/\/www.eyrignac.com\/fr\/actualites\/atelier-broderie-dans-les-jardins-d-eyrignac","og_site_name":"Eyrignac et ses jardins","article_publisher":"https:\/\/www.facebook.com\/JardinsEyrignac\/","article_published_time":"2023-05-15T06:22:31+00:00","article_modified_time":"2023-05-17T06:55:40+00:00","og_image":[{"width":1500,"height":1500,"url":"https:\/\/www.eyrignac.com\/wp-content\/uploads\/2021\/08\/eyrignac_atelier_broderie.jpg","type":"image\/jpeg"}],"author":"C\u00e9cile Engelen","twitter_card":"summary_large_image","twitter_creator":"@eyrignac","twitter_site":"@eyrignac","twitter_misc":{"\u00c9crit par":"C\u00e9cile Engelen","Dur\u00e9e de lecture estim\u00e9e":"3 minutes"},"schema":{"@context":"https:\/\/schema.org","@graph":[{"@type":"Article","@id":"https:\/\/www.eyrignac.com\/fr\/actualites\/atelier-broderie-dans-les-jardins-d-eyrignac#article","isPartOf":{"@id":"https:\/\/www.eyrignac.com\/fr\/actualites\/atelier-broderie-dans-les-jardins-d-eyrignac"},"author":{"name":"C\u00e9cile Engelen","@id":"https:\/\/www.eyrignac.com\/fr\/#\/schema\/person\/b4e5794153fc497d1d8f02101a4c82be"},"headline":"Atelier-broderie dans les jardins d&rsquo;Eyrignac","datePublished":"2023-05-15T06:22:31+00:00","dateModified":"2023-05-17T06:55:40+00:00","mainEntityOfPage":{"@id":"https:\/\/www.eyrignac.com\/fr\/actualites\/atelier-broderie-dans-les-jardins-d-eyrignac"},"wordCount":623,"publisher":{"@id":"https:\/\/www.eyrignac.com\/fr\/#organization"},"image":{"@id":"https:\/\/www.eyrignac.com\/fr\/actualites\/atelier-broderie-dans-les-jardins-d-eyrignac#primaryimage"},"thumbnailUrl":"https:\/\/www.eyrignac.com\/wp-content\/uploads\/2021\/08\/eyrignac_atelier_broderie.jpg","articleSection":["Actualit\u00e9s"],"inLanguage":"fr-FR"},{"@type":"WebPage","@id":"https:\/\/www.eyrignac.com\/fr\/actualites\/atelier-broderie-dans-les-jardins-d-eyrignac","url":"https:\/\/www.eyrignac.com\/fr\/actualites\/atelier-broderie-dans-les-jardins-d-eyrignac","name":"Atelier broderie dans les jardins d'Eyrignac en Dordogne\"","isPartOf":{"@id":"https:\/\/www.eyrignac.com\/fr\/#website"},"primaryImageOfPage":{"@id":"https:\/\/www.eyrignac.com\/fr\/actualites\/atelier-broderie-dans-les-jardins-d-eyrignac#primaryimage"},"image":{"@id":"https:\/\/www.eyrignac.com\/fr\/actualites\/atelier-broderie-dans-les-jardins-d-eyrignac#primaryimage"},"thumbnailUrl":"https:\/\/www.eyrignac.com\/wp-content\/uploads\/2021\/08\/eyrignac_atelier_broderie.jpg","datePublished":"2023-05-15T06:22:31+00:00","dateModified":"2023-05-17T06:55:40+00:00","description":"Le dimanche 28 mai 2023, atelier d'initiation \u00e0 la broderie anim\u00e9 par l'association au Fil de la Bouriane au coeur des jardins.","breadcrumb":{"@id":"https:\/\/www.eyrignac.com\/fr\/actualites\/atelier-broderie-dans-les-jardins-d-eyrignac#breadcrumb"},"inLanguage":"fr-FR","potentialAction":[{"@type":"ReadAction","target":["https:\/\/www.eyrignac.com\/fr\/actualites\/atelier-broderie-dans-les-jardins-d-eyrignac"]}]},{"@type":"ImageObject","inLanguage":"fr-FR","@id":"https:\/\/www.eyrignac.com\/fr\/actualites\/atelier-broderie-dans-les-jardins-d-eyrignac#primaryimage","url":"https:\/\/www.eyrignac.com\/wp-content\/uploads\/2021\/08\/eyrignac_atelier_broderie.jpg","contentUrl":"https:\/\/www.eyrignac.com\/wp-content\/uploads\/2021\/08\/eyrignac_atelier_broderie.jpg","width":1500,"height":1500},{"@type":"BreadcrumbList","@id":"https:\/\/www.eyrignac.com\/fr\/actualites\/atelier-broderie-dans-les-jardins-d-eyrignac#breadcrumb","itemListElement":[{"@type":"ListItem","position":1,"name":"Accueil","item":"https:\/\/www.eyrignac.com\/fr"},{"@type":"ListItem","position":2,"name":"Atelier-broderie dans les jardins d&rsquo;Eyrignac"}]},{"@type":"WebSite","@id":"https:\/\/www.eyrignac.com\/fr\/#website","url":"https:\/\/www.eyrignac.com\/fr\/","name":"Eyrignac et ses jardins","description":"Lieu de verdure unique en Dordogne","publisher":{"@id":"https:\/\/www.eyrignac.com\/fr\/#organization"},"potentialAction":[{"@type":"SearchAction","target":{"@type":"EntryPoint","urlTemplate":"https:\/\/www.eyrignac.com\/fr\/?s={search_term_string}"},"query-input":{"@type":"PropertyValueSpecification","valueRequired":true,"valueName":"search_term_string"}}],"inLanguage":"fr-FR"},{"@type":"Organization","@id":"https:\/\/www.eyrignac.com\/fr\/#organization","name":"Eyrignac","url":"https:\/\/www.eyrignac.com\/fr\/","logo":{"@type":"ImageObject","inLanguage":"fr-FR","@id":"https:\/\/www.eyrignac.com\/fr\/#\/schema\/logo\/image\/","url":"https:\/\/www.eyrignac.com\/wp-content\/uploads\/2017\/12\/logo-eyrignac.png","contentUrl":"https:\/\/www.eyrignac.com\/wp-content\/uploads\/2017\/12\/logo-eyrignac.png","width":500,"height":189,"caption":"Eyrignac"},"image":{"@id":"https:\/\/www.eyrignac.com\/fr\/#\/schema\/logo\/image\/"},"sameAs":["https:\/\/www.facebook.com\/JardinsEyrignac\/","https:\/\/x.com\/eyrignac","https:\/\/www.instagram.com\/eyrignac\/","https:\/\/www.pinterest.fr\/eyrignac\/","https:\/\/www.youtube.com\/channel\/UCjWc47ArIew83eRXXjaBowg"]},{"@type":"Person","@id":"https:\/\/www.eyrignac.com\/fr\/#\/schema\/person\/b4e5794153fc497d1d8f02101a4c82be","name":"C\u00e9cile Engelen"}]}},"_links":{"self":[{"href":"https:\/\/www.eyrignac.com\/fr\/wp-json\/wp\/v2\/posts\/6488","targetHints":{"allow":["GET"]}}],"collection":[{"href":"https:\/\/www.eyrignac.com\/fr\/wp-json\/wp\/v2\/posts"}],"about":[{"href":"https:\/\/www.eyrignac.com\/fr\/wp-json\/wp\/v2\/types\/post"}],"author":[{"embeddable":true,"href":"https:\/\/www.eyrignac.com\/fr\/wp-json\/wp\/v2\/users\/8"}],"replies":[{"embeddable":true,"href":"https:\/\/www.eyrignac.com\/fr\/wp-json\/wp\/v2\/comments?post=6488"}],"version-history":[{"count":0,"href":"https:\/\/www.eyrignac.com\/fr\/wp-json\/wp\/v2\/posts\/6488\/revisions"}],"wp:featuredmedia":[{"embeddable":true,"href":"https:\/\/www.eyrignac.com\/fr\/wp-json\/wp\/v2\/media\/7970"}],"wp:attachment":[{"href":"https:\/\/www.eyrignac.com\/fr\/wp-json\/wp\/v2\/media?parent=6488"}],"wp:term":[{"taxonomy":"category","embeddable":true,"href":"https:\/\/www.eyrignac.com\/fr\/wp-json\/wp\/v2\/categories?post=6488"},{"taxonomy":"post_tag","embeddable":true,"href":"https:\/\/www.eyrignac.com\/fr\/wp-json\/wp\/v2\/tags?post=6488"}],"curies":[{"name":"wp","href":"https:\/\/api.w.org\/{rel}","templated":true}]}}