{"id":6200,"date":"2021-04-29T12:13:15","date_gmt":"2021-04-29T10:13:15","guid":{"rendered":"https:\/\/www.eyrignac.com\/?p=6200"},"modified":"2024-08-20T10:23:02","modified_gmt":"2024-08-20T08:23:02","slug":"jardins-eyrignac-tout-cieux-tout-flammes","status":"publish","type":"post","link":"https:\/\/www.eyrignac.com\/fr\/actualites\/jardins-eyrignac-tout-cieux-tout-flammes","title":{"rendered":"Les jardins d\u2019Eyrignac tout cieux tout flammes"},"content":{"rendered":"<div class=\"wpb-content-wrapper\"><p>[vc_row][vc_column][vc_column_text]<strong>En constante \u00e9volution, les jardins d\u2019Eyrignac s\u2019enrichissent de deux nouveaux ornements : le Bosquet flamboyant et un carr\u00e9 po\u00e9tiquement nomm\u00e9 Le Reflet du Ciel. Pour contempler ces cr\u00e9ations, les visiteurs devront se rendre \u00e0 proximit\u00e9 du Jardin Blanc.<\/strong>[\/vc_column_text][\/vc_column][\/vc_row][vc_row][vc_column][vc_column_text]<\/p>\n<h2>Le Bosquet flamboyant<\/h2>\n<p>[\/vc_column_text][vc_column_text]Si le Manoir d\u2019Eyrignac est entour\u00e9 d\u2019un jardin \u00e0 la fran\u00e7aise plant\u00e9 d\u2019essences sempervirens offrant une d\u00e9clinaison de verts, en p\u00e9riph\u00e9rie, tout un univers color\u00e9 et abondamment fleuri offre aux visiteurs un visage bucolique.<br \/>\nA compter de 2021, la palette d\u2019Eyrignac s\u2019enrichit de teintes rougeoyantes oscillant entre l\u2019or et le rouge profond gr\u00e2ce \u00e0 la plantation du Bosquet flamboyant con\u00e7u avec le pr\u00e9cieux concours de Chantal Baudron, propri\u00e9taire du ch\u00e2teau de Veyrignac.<br \/>\nCe bosquet se pr\u00e9sente comme une salle v\u00e9g\u00e9tale dont la couleur \u00e9volue au fil des saisons ; comparable \u00e0 un feu naissant au Printemps, il gagnera au fur et \u00e0 mesure en intensit\u00e9 pour s\u2019embraser \u00e0 l\u2019Automne. Pour composer ce tableau vivant, les jardiniers ont s\u00e9lectionn\u00e9 les essences suivantes :<\/p>\n<ul>\n<li>ACER X Freemanii \u2018C\u00e9l\u00e9bration\u2019 ou Erable Hybride<\/li>\n<li>ACER Ginnala dit Erable de Mandchourie ou Erable de l\u2019Amour<\/li>\n<li>Amelanchier Canadensis ou Amelanchier du Canada<\/li>\n<li>Amelanchier Canadensis Octobre Flame ou Amelanchier du Canada forme colonnaire<\/li>\n<li>Liquidambar Styraciflua ou Copalme d\u2019Am\u00e9rique en tige<\/li>\n<li>Liquidambar Styraciflua ou Copalme d\u2019Am\u00e9rique en c\u00e9p\u00e9e<\/li>\n<li>Parrotia Persica ou Parrotie Perse<\/li>\n<li>Quercus Coccin\u00e9a ou Ch\u00eane Ecarlate<\/li>\n<li>Quercus Palustris \u2018Green Pilar\u2019 ou Ch\u00eane des Marais<\/li>\n<li>Quercus Rubra ou Ch\u00eane rouge d\u2019Am\u00e9rique<\/li>\n<li>Rhus Typhina ou Sumac de Virginie<\/li>\n<\/ul>\n<p>[\/vc_column_text][vc_media_grid element_width=\u00a0\u00bb3&Prime; grid_id=\u00a0\u00bbvc_gid:1619105485348-a2e25736-fce1-8&Prime; include=\u00a0\u00bb6201,6203,6207,6209&Prime;][vc_column_text]Afin de cr\u00e9er des volumes, arbres et arbustes sont dispos\u00e9s harmonieusement selon diff\u00e9rents plans. Parmi les plus petits sujets, on trouve l\u2019Am\u00e9lanchier qui est un arbuste ornemental et le Sumac de Virginie atteignant tous deux \u00e0 maturit\u00e9 une hauteur de 5 m\u00e8tres en moyenne.<br \/>\nDes arbres d\u2019une hauteur comprise entre 15 et 20 m\u00e8tres donnent une verticalit\u00e9 au bosquet. Connus pour leur feuillage rouge, l\u2019\u00e9rable hybride et l\u2019\u00e9rable de l\u2019Amour s\u2019allient au ch\u00eane \u00e9carlate, au ch\u00eane des Marais et au ch\u00eane rouge d\u2019Am\u00e9rique. Dans la famille des Hamam\u00e9lidac\u00e9es, le choix s\u2019est port\u00e9 sur le Parrotie perse, aussi appel\u00e9 l\u2019arbre de fer et le <a href=\"https:\/\/www.eyrignac.com\/fr\/actualites\/liquidambar-jardins-eyrignac\">Liquidambar<\/a> (dont un sp\u00e9cimen est d\u00e9j\u00e0 pr\u00e9sent \u00e0 Eyrignac).[\/vc_column_text][\/vc_column][\/vc_row][vc_row][vc_column][vc_column_text]<\/p>\n<h2>Le Reflet du Ciel<\/h2>\n<p>[\/vc_column_text][\/vc_column][\/vc_row][vc_row][vc_column width=\u00a0\u00bb1\/2&Prime;][vc_column_text]Dans un esprit plus apais\u00e9, le carr\u00e9 Le Reflet du Ciel, est l\u2019un des quatre carr\u00e9s du Jardin des Sources am\u00e9nag\u00e9 par Patrick et Capucine Sermadiras dans un esprit diff\u00e9rent de celui qui a anim\u00e9, Gilles Sermadiras, p\u00e8re de Patrick, pour le jardin \u00e0 la fran\u00e7aise.<br \/>\nCe nouveau carr\u00e9 vient s\u2019ajouter au Carr\u00e9 des Vagabondes, au Carr\u00e9 d\u2019Ivresse et au Carr\u00e9 des Filles du Vent. A eux quatre, ces carr\u00e9s, plant\u00e9s de v\u00e9g\u00e9taux a\u00e9riens voire vaporeux, comme des gramin\u00e9es, \u00e9voquent le mouvement et la l\u00e9g\u00e8ret\u00e9. La v\u00e9g\u00e9tation du Reflet du Ciel est une association de vivaces m\u00e9diterran\u00e9ennes, lavandes, c\u00e9anothes, perovskia, sauges, verveines, basses et hautes, et arbre \u00e0 perruque, qui cr\u00e9e une d\u00e9licate alliance de bleus et de blanc organis\u00e9e en cercles. Les teintes et les moutonnements \u00e9voquent un doux ciel d\u2019\u00e9t\u00e9 ponctu\u00e9 de quelques nuages.[\/vc_column_text][\/vc_column][vc_column width=\u00a0\u00bb1\/2&Prime;][vc_media_grid element_width=\u00a0\u00bb12&Prime; grid_id=\u00a0\u00bbvc_gid:1619105608537-1190f6da-7205-5&Prime; include=\u00a0\u00bb6213&Prime;][\/vc_column][\/vc_row][vc_row][vc_column][vc_media_grid element_width=\u00a0\u00bb3&Prime; grid_id=\u00a0\u00bbvc_gid:1619105627978-be35e87a-6d14-2&Prime; include=\u00a0\u00bb6211,6215,6217,6205&Prime;][\/vc_column][\/vc_row]<\/p>\n<\/div>","protected":false},"excerpt":{"rendered":"La palette d\u2019Eyrignac s\u2019enrichit des teintes rougeoyantes du Bosquet flamboyant et des douces teintes c\u00e9lestes du carr\u00e9 Le Reflet du Ciel.","protected":false},"author":3,"featured_media":6213,"comment_status":"closed","ping_status":"open","sticky":false,"template":"","format":"standard","meta":{"_acf_changed":false,"footnotes":""},"categories":[5],"tags":[],"class_list":["post-6200","post","type-post","status-publish","format-standard","has-post-thumbnail","hentry","category-actualites"],"acf":[],"yoast_head":"<!-- This site is optimized with the Yoast SEO plugin v27.5 - https:\/\/yoast.com\/product\/yoast-seo-wordpress\/ -->\n<title>Le bosquet flamboyant et le Reflet du Ciel d&#039;Eyrignac et ses Jardins<\/title>\n<meta name=\"description\" content=\"Les jardins d\u2019Eyrignac s\u2019enrichissent de deux nouveaux ornements : le Bosquet flamboyant et un carr\u00e9 po\u00e9tiquement nomm\u00e9 Le Reflet du Ciel.\" \/>\n<meta name=\"robots\" content=\"index, follow, max-snippet:-1, max-image-preview:large, max-video-preview:-1\" \/>\n<link rel=\"canonical\" href=\"https:\/\/www.eyrignac.com\/fr\/actualites\/jardins-eyrignac-tout-cieux-tout-flammes\" \/>\n<meta property=\"og:locale\" content=\"fr_FR\" \/>\n<meta property=\"og:type\" content=\"article\" \/>\n<meta property=\"og:title\" content=\"Le bosquet flamboyant et le Reflet du Ciel d&#039;Eyrignac et ses Jardins\" \/>\n<meta property=\"og:description\" content=\"Les jardins d\u2019Eyrignac s\u2019enrichissent de deux nouveaux ornements : le Bosquet flamboyant et un carr\u00e9 po\u00e9tiquement nomm\u00e9 Le Reflet du Ciel.\" \/>\n<meta property=\"og:url\" content=\"https:\/\/www.eyrignac.com\/fr\/actualites\/jardins-eyrignac-tout-cieux-tout-flammes\" \/>\n<meta property=\"og:site_name\" content=\"Eyrignac et ses jardins\" \/>\n<meta property=\"article:publisher\" content=\"https:\/\/www.facebook.com\/JardinsEyrignac\/\" \/>\n<meta property=\"article:published_time\" content=\"2021-04-29T10:13:15+00:00\" \/>\n<meta property=\"article:modified_time\" content=\"2024-08-20T08:23:02+00:00\" \/>\n<meta property=\"og:image\" content=\"https:\/\/www.eyrignac.com\/wp-content\/uploads\/2021\/04\/eyrignac-dessin-preparatoire-reflet-ciel.jpg\" \/>\n\t<meta property=\"og:image:width\" content=\"1500\" \/>\n\t<meta property=\"og:image:height\" content=\"1067\" \/>\n\t<meta property=\"og:image:type\" content=\"image\/jpeg\" \/>\n<meta name=\"author\" content=\"Rachel Coudray\" \/>\n<meta name=\"twitter:card\" content=\"summary_large_image\" \/>\n<meta name=\"twitter:creator\" content=\"@eyrignac\" \/>\n<meta name=\"twitter:site\" content=\"@eyrignac\" \/>\n<meta name=\"twitter:label1\" content=\"\u00c9crit par\" \/>\n\t<meta name=\"twitter:data1\" content=\"Rachel Coudray\" \/>\n\t<meta name=\"twitter:label2\" content=\"Dur\u00e9e de lecture estim\u00e9e\" \/>\n\t<meta name=\"twitter:data2\" content=\"3 minutes\" \/>\n<script type=\"application\/ld+json\" class=\"yoast-schema-graph\">{\"@context\":\"https:\\\/\\\/schema.org\",\"@graph\":[{\"@type\":\"Article\",\"@id\":\"https:\\\/\\\/www.eyrignac.com\\\/fr\\\/actualites\\\/jardins-eyrignac-tout-cieux-tout-flammes#article\",\"isPartOf\":{\"@id\":\"https:\\\/\\\/www.eyrignac.com\\\/fr\\\/actualites\\\/jardins-eyrignac-tout-cieux-tout-flammes\"},\"author\":{\"name\":\"Rachel Coudray\",\"@id\":\"https:\\\/\\\/www.eyrignac.com\\\/fr\\\/#\\\/schema\\\/person\\\/901d210a561794cfaa3ed8916bd242f9\"},\"headline\":\"Les jardins d\u2019Eyrignac tout cieux tout flammes\",\"datePublished\":\"2021-04-29T10:13:15+00:00\",\"dateModified\":\"2024-08-20T08:23:02+00:00\",\"mainEntityOfPage\":{\"@id\":\"https:\\\/\\\/www.eyrignac.com\\\/fr\\\/actualites\\\/jardins-eyrignac-tout-cieux-tout-flammes\"},\"wordCount\":697,\"publisher\":{\"@id\":\"https:\\\/\\\/www.eyrignac.com\\\/fr\\\/#organization\"},\"image\":{\"@id\":\"https:\\\/\\\/www.eyrignac.com\\\/fr\\\/actualites\\\/jardins-eyrignac-tout-cieux-tout-flammes#primaryimage\"},\"thumbnailUrl\":\"https:\\\/\\\/www.eyrignac.com\\\/wp-content\\\/uploads\\\/2021\\\/04\\\/eyrignac-dessin-preparatoire-reflet-ciel.jpg\",\"articleSection\":[\"Actualit\u00e9s\"],\"inLanguage\":\"fr-FR\"},{\"@type\":\"WebPage\",\"@id\":\"https:\\\/\\\/www.eyrignac.com\\\/fr\\\/actualites\\\/jardins-eyrignac-tout-cieux-tout-flammes\",\"url\":\"https:\\\/\\\/www.eyrignac.com\\\/fr\\\/actualites\\\/jardins-eyrignac-tout-cieux-tout-flammes\",\"name\":\"Le bosquet flamboyant et le Reflet du Ciel d'Eyrignac et ses Jardins\",\"isPartOf\":{\"@id\":\"https:\\\/\\\/www.eyrignac.com\\\/fr\\\/#website\"},\"primaryImageOfPage\":{\"@id\":\"https:\\\/\\\/www.eyrignac.com\\\/fr\\\/actualites\\\/jardins-eyrignac-tout-cieux-tout-flammes#primaryimage\"},\"image\":{\"@id\":\"https:\\\/\\\/www.eyrignac.com\\\/fr\\\/actualites\\\/jardins-eyrignac-tout-cieux-tout-flammes#primaryimage\"},\"thumbnailUrl\":\"https:\\\/\\\/www.eyrignac.com\\\/wp-content\\\/uploads\\\/2021\\\/04\\\/eyrignac-dessin-preparatoire-reflet-ciel.jpg\",\"datePublished\":\"2021-04-29T10:13:15+00:00\",\"dateModified\":\"2024-08-20T08:23:02+00:00\",\"description\":\"Les jardins d\u2019Eyrignac s\u2019enrichissent de deux nouveaux ornements : le Bosquet flamboyant et un carr\u00e9 po\u00e9tiquement nomm\u00e9 Le Reflet du Ciel.\",\"breadcrumb\":{\"@id\":\"https:\\\/\\\/www.eyrignac.com\\\/fr\\\/actualites\\\/jardins-eyrignac-tout-cieux-tout-flammes#breadcrumb\"},\"inLanguage\":\"fr-FR\",\"potentialAction\":[{\"@type\":\"ReadAction\",\"target\":[\"https:\\\/\\\/www.eyrignac.com\\\/fr\\\/actualites\\\/jardins-eyrignac-tout-cieux-tout-flammes\"]}]},{\"@type\":\"ImageObject\",\"inLanguage\":\"fr-FR\",\"@id\":\"https:\\\/\\\/www.eyrignac.com\\\/fr\\\/actualites\\\/jardins-eyrignac-tout-cieux-tout-flammes#primaryimage\",\"url\":\"https:\\\/\\\/www.eyrignac.com\\\/wp-content\\\/uploads\\\/2021\\\/04\\\/eyrignac-dessin-preparatoire-reflet-ciel.jpg\",\"contentUrl\":\"https:\\\/\\\/www.eyrignac.com\\\/wp-content\\\/uploads\\\/2021\\\/04\\\/eyrignac-dessin-preparatoire-reflet-ciel.jpg\",\"width\":1500,\"height\":1067,\"caption\":\"Reflet du Ciel - Plan\"},{\"@type\":\"BreadcrumbList\",\"@id\":\"https:\\\/\\\/www.eyrignac.com\\\/fr\\\/actualites\\\/jardins-eyrignac-tout-cieux-tout-flammes#breadcrumb\",\"itemListElement\":[{\"@type\":\"ListItem\",\"position\":1,\"name\":\"Accueil\",\"item\":\"https:\\\/\\\/www.eyrignac.com\\\/fr\"},{\"@type\":\"ListItem\",\"position\":2,\"name\":\"Les jardins d\u2019Eyrignac tout cieux tout flammes\"}]},{\"@type\":\"WebSite\",\"@id\":\"https:\\\/\\\/www.eyrignac.com\\\/fr\\\/#website\",\"url\":\"https:\\\/\\\/www.eyrignac.com\\\/fr\\\/\",\"name\":\"Eyrignac et ses jardins\",\"description\":\"Lieu de verdure unique en Dordogne\",\"publisher\":{\"@id\":\"https:\\\/\\\/www.eyrignac.com\\\/fr\\\/#organization\"},\"potentialAction\":[{\"@type\":\"SearchAction\",\"target\":{\"@type\":\"EntryPoint\",\"urlTemplate\":\"https:\\\/\\\/www.eyrignac.com\\\/fr\\\/?s={search_term_string}\"},\"query-input\":{\"@type\":\"PropertyValueSpecification\",\"valueRequired\":true,\"valueName\":\"search_term_string\"}}],\"inLanguage\":\"fr-FR\"},{\"@type\":\"Organization\",\"@id\":\"https:\\\/\\\/www.eyrignac.com\\\/fr\\\/#organization\",\"name\":\"Eyrignac\",\"url\":\"https:\\\/\\\/www.eyrignac.com\\\/fr\\\/\",\"logo\":{\"@type\":\"ImageObject\",\"inLanguage\":\"fr-FR\",\"@id\":\"https:\\\/\\\/www.eyrignac.com\\\/fr\\\/#\\\/schema\\\/logo\\\/image\\\/\",\"url\":\"https:\\\/\\\/www.eyrignac.com\\\/wp-content\\\/uploads\\\/2017\\\/12\\\/logo-eyrignac.png\",\"contentUrl\":\"https:\\\/\\\/www.eyrignac.com\\\/wp-content\\\/uploads\\\/2017\\\/12\\\/logo-eyrignac.png\",\"width\":500,\"height\":189,\"caption\":\"Eyrignac\"},\"image\":{\"@id\":\"https:\\\/\\\/www.eyrignac.com\\\/fr\\\/#\\\/schema\\\/logo\\\/image\\\/\"},\"sameAs\":[\"https:\\\/\\\/www.facebook.com\\\/JardinsEyrignac\\\/\",\"https:\\\/\\\/x.com\\\/eyrignac\",\"https:\\\/\\\/www.instagram.com\\\/eyrignac\\\/\",\"https:\\\/\\\/www.pinterest.fr\\\/eyrignac\\\/\",\"https:\\\/\\\/www.youtube.com\\\/channel\\\/UCjWc47ArIew83eRXXjaBowg\"]},{\"@type\":\"Person\",\"@id\":\"https:\\\/\\\/www.eyrignac.com\\\/fr\\\/#\\\/schema\\\/person\\\/901d210a561794cfaa3ed8916bd242f9\",\"name\":\"Rachel Coudray\"}]}<\/script>\n<!-- \/ Yoast SEO plugin. -->","yoast_head_json":{"title":"Le bosquet flamboyant et le Reflet du Ciel d'Eyrignac et ses Jardins","description":"Les jardins d\u2019Eyrignac s\u2019enrichissent de deux nouveaux ornements : le Bosquet flamboyant et un carr\u00e9 po\u00e9tiquement nomm\u00e9 Le Reflet du Ciel.","robots":{"index":"index","follow":"follow","max-snippet":"max-snippet:-1","max-image-preview":"max-image-preview:large","max-video-preview":"max-video-preview:-1"},"canonical":"https:\/\/www.eyrignac.com\/fr\/actualites\/jardins-eyrignac-tout-cieux-tout-flammes","og_locale":"fr_FR","og_type":"article","og_title":"Le bosquet flamboyant et le Reflet du Ciel d'Eyrignac et ses Jardins","og_description":"Les jardins d\u2019Eyrignac s\u2019enrichissent de deux nouveaux ornements : le Bosquet flamboyant et un carr\u00e9 po\u00e9tiquement nomm\u00e9 Le Reflet du Ciel.","og_url":"https:\/\/www.eyrignac.com\/fr\/actualites\/jardins-eyrignac-tout-cieux-tout-flammes","og_site_name":"Eyrignac et ses jardins","article_publisher":"https:\/\/www.facebook.com\/JardinsEyrignac\/","article_published_time":"2021-04-29T10:13:15+00:00","article_modified_time":"2024-08-20T08:23:02+00:00","og_image":[{"width":1500,"height":1067,"url":"https:\/\/www.eyrignac.com\/wp-content\/uploads\/2021\/04\/eyrignac-dessin-preparatoire-reflet-ciel.jpg","type":"image\/jpeg"}],"author":"Rachel Coudray","twitter_card":"summary_large_image","twitter_creator":"@eyrignac","twitter_site":"@eyrignac","twitter_misc":{"\u00c9crit par":"Rachel Coudray","Dur\u00e9e de lecture estim\u00e9e":"3 minutes"},"schema":{"@context":"https:\/\/schema.org","@graph":[{"@type":"Article","@id":"https:\/\/www.eyrignac.com\/fr\/actualites\/jardins-eyrignac-tout-cieux-tout-flammes#article","isPartOf":{"@id":"https:\/\/www.eyrignac.com\/fr\/actualites\/jardins-eyrignac-tout-cieux-tout-flammes"},"author":{"name":"Rachel Coudray","@id":"https:\/\/www.eyrignac.com\/fr\/#\/schema\/person\/901d210a561794cfaa3ed8916bd242f9"},"headline":"Les jardins d\u2019Eyrignac tout cieux tout flammes","datePublished":"2021-04-29T10:13:15+00:00","dateModified":"2024-08-20T08:23:02+00:00","mainEntityOfPage":{"@id":"https:\/\/www.eyrignac.com\/fr\/actualites\/jardins-eyrignac-tout-cieux-tout-flammes"},"wordCount":697,"publisher":{"@id":"https:\/\/www.eyrignac.com\/fr\/#organization"},"image":{"@id":"https:\/\/www.eyrignac.com\/fr\/actualites\/jardins-eyrignac-tout-cieux-tout-flammes#primaryimage"},"thumbnailUrl":"https:\/\/www.eyrignac.com\/wp-content\/uploads\/2021\/04\/eyrignac-dessin-preparatoire-reflet-ciel.jpg","articleSection":["Actualit\u00e9s"],"inLanguage":"fr-FR"},{"@type":"WebPage","@id":"https:\/\/www.eyrignac.com\/fr\/actualites\/jardins-eyrignac-tout-cieux-tout-flammes","url":"https:\/\/www.eyrignac.com\/fr\/actualites\/jardins-eyrignac-tout-cieux-tout-flammes","name":"Le bosquet flamboyant et le Reflet du Ciel d'Eyrignac et ses Jardins","isPartOf":{"@id":"https:\/\/www.eyrignac.com\/fr\/#website"},"primaryImageOfPage":{"@id":"https:\/\/www.eyrignac.com\/fr\/actualites\/jardins-eyrignac-tout-cieux-tout-flammes#primaryimage"},"image":{"@id":"https:\/\/www.eyrignac.com\/fr\/actualites\/jardins-eyrignac-tout-cieux-tout-flammes#primaryimage"},"thumbnailUrl":"https:\/\/www.eyrignac.com\/wp-content\/uploads\/2021\/04\/eyrignac-dessin-preparatoire-reflet-ciel.jpg","datePublished":"2021-04-29T10:13:15+00:00","dateModified":"2024-08-20T08:23:02+00:00","description":"Les jardins d\u2019Eyrignac s\u2019enrichissent de deux nouveaux ornements : le Bosquet flamboyant et un carr\u00e9 po\u00e9tiquement nomm\u00e9 Le Reflet du Ciel.","breadcrumb":{"@id":"https:\/\/www.eyrignac.com\/fr\/actualites\/jardins-eyrignac-tout-cieux-tout-flammes#breadcrumb"},"inLanguage":"fr-FR","potentialAction":[{"@type":"ReadAction","target":["https:\/\/www.eyrignac.com\/fr\/actualites\/jardins-eyrignac-tout-cieux-tout-flammes"]}]},{"@type":"ImageObject","inLanguage":"fr-FR","@id":"https:\/\/www.eyrignac.com\/fr\/actualites\/jardins-eyrignac-tout-cieux-tout-flammes#primaryimage","url":"https:\/\/www.eyrignac.com\/wp-content\/uploads\/2021\/04\/eyrignac-dessin-preparatoire-reflet-ciel.jpg","contentUrl":"https:\/\/www.eyrignac.com\/wp-content\/uploads\/2021\/04\/eyrignac-dessin-preparatoire-reflet-ciel.jpg","width":1500,"height":1067,"caption":"Reflet du Ciel - Plan"},{"@type":"BreadcrumbList","@id":"https:\/\/www.eyrignac.com\/fr\/actualites\/jardins-eyrignac-tout-cieux-tout-flammes#breadcrumb","itemListElement":[{"@type":"ListItem","position":1,"name":"Accueil","item":"https:\/\/www.eyrignac.com\/fr"},{"@type":"ListItem","position":2,"name":"Les jardins d\u2019Eyrignac tout cieux tout flammes"}]},{"@type":"WebSite","@id":"https:\/\/www.eyrignac.com\/fr\/#website","url":"https:\/\/www.eyrignac.com\/fr\/","name":"Eyrignac et ses jardins","description":"Lieu de verdure unique en Dordogne","publisher":{"@id":"https:\/\/www.eyrignac.com\/fr\/#organization"},"potentialAction":[{"@type":"SearchAction","target":{"@type":"EntryPoint","urlTemplate":"https:\/\/www.eyrignac.com\/fr\/?s={search_term_string}"},"query-input":{"@type":"PropertyValueSpecification","valueRequired":true,"valueName":"search_term_string"}}],"inLanguage":"fr-FR"},{"@type":"Organization","@id":"https:\/\/www.eyrignac.com\/fr\/#organization","name":"Eyrignac","url":"https:\/\/www.eyrignac.com\/fr\/","logo":{"@type":"ImageObject","inLanguage":"fr-FR","@id":"https:\/\/www.eyrignac.com\/fr\/#\/schema\/logo\/image\/","url":"https:\/\/www.eyrignac.com\/wp-content\/uploads\/2017\/12\/logo-eyrignac.png","contentUrl":"https:\/\/www.eyrignac.com\/wp-content\/uploads\/2017\/12\/logo-eyrignac.png","width":500,"height":189,"caption":"Eyrignac"},"image":{"@id":"https:\/\/www.eyrignac.com\/fr\/#\/schema\/logo\/image\/"},"sameAs":["https:\/\/www.facebook.com\/JardinsEyrignac\/","https:\/\/x.com\/eyrignac","https:\/\/www.instagram.com\/eyrignac\/","https:\/\/www.pinterest.fr\/eyrignac\/","https:\/\/www.youtube.com\/channel\/UCjWc47ArIew83eRXXjaBowg"]},{"@type":"Person","@id":"https:\/\/www.eyrignac.com\/fr\/#\/schema\/person\/901d210a561794cfaa3ed8916bd242f9","name":"Rachel Coudray"}]}},"_links":{"self":[{"href":"https:\/\/www.eyrignac.com\/fr\/wp-json\/wp\/v2\/posts\/6200","targetHints":{"allow":["GET"]}}],"collection":[{"href":"https:\/\/www.eyrignac.com\/fr\/wp-json\/wp\/v2\/posts"}],"about":[{"href":"https:\/\/www.eyrignac.com\/fr\/wp-json\/wp\/v2\/types\/post"}],"author":[{"embeddable":true,"href":"https:\/\/www.eyrignac.com\/fr\/wp-json\/wp\/v2\/users\/3"}],"replies":[{"embeddable":true,"href":"https:\/\/www.eyrignac.com\/fr\/wp-json\/wp\/v2\/comments?post=6200"}],"version-history":[{"count":0,"href":"https:\/\/www.eyrignac.com\/fr\/wp-json\/wp\/v2\/posts\/6200\/revisions"}],"wp:featuredmedia":[{"embeddable":true,"href":"https:\/\/www.eyrignac.com\/fr\/wp-json\/wp\/v2\/media\/6213"}],"wp:attachment":[{"href":"https:\/\/www.eyrignac.com\/fr\/wp-json\/wp\/v2\/media?parent=6200"}],"wp:term":[{"taxonomy":"category","embeddable":true,"href":"https:\/\/www.eyrignac.com\/fr\/wp-json\/wp\/v2\/categories?post=6200"},{"taxonomy":"post_tag","embeddable":true,"href":"https:\/\/www.eyrignac.com\/fr\/wp-json\/wp\/v2\/tags?post=6200"}],"curies":[{"name":"wp","href":"https:\/\/api.w.org\/{rel}","templated":true}]}}