{"id":6018,"date":"2021-08-30T10:45:06","date_gmt":"2021-08-30T08:45:06","guid":{"rendered":"https:\/\/www.eyrignac.com\/?p=6018"},"modified":"2024-10-04T11:26:51","modified_gmt":"2024-10-04T09:26:51","slug":"foret-autres-exposition-christian-lapie-eyrignac-domaine-campagne","status":"publish","type":"post","link":"https:\/\/www.eyrignac.com\/fr\/actualites\/foret-autres-exposition-christian-lapie-eyrignac-domaine-campagne","title":{"rendered":"\u00ab La For\u00eat des Autres \u00bb Exposition d\u2019\u0153uvres de Christian Lapie \u00e0 Eyrignac et au domaine de Campagne"},"content":{"rendered":"<div class=\"wpb-content-wrapper\"><p>[vc_row][vc_column][vc_column_text]<strong>D\u2019avril \u00e0 octobre 2021, les hommes-arbres sculpt\u00e9s et peints par Christian Lapie s\u2019enracinent dans les jardins d\u2019Eyrignac et impriment les murs du ch\u00e2teau de Campagne. L\u2019exposition \u00ab La For\u00eat des Autres \u00bb met face \u00e0 face l\u2019Homme et la Femme du XXIe si\u00e8cle et des figures tot\u00e9miques intemporelles. L\u2019Autre devient alors la cl\u00e9 qui ouvre de nouvelles perspectives. <\/strong>[\/vc_column_text][\/vc_column][\/vc_row][vc_row][vc_column][vc_column_text]Depuis plusieurs ann\u00e9es, Eyrignac et ses Jardins accueillent des sculpteurs contemporains convi\u00e9s \u00e0 donner une dimension autre au joyau v\u00e9g\u00e9tal du P\u00e9rigord noir.<br \/>\nL\u2019artiste invit\u00e9 en 2021 est Christian Lapie, sculpteur fran\u00e7ais majeur, dont les \u0153uvres sont expos\u00e9es dans le monde entier (Mus\u00e9e Soulages de Rodez, Abbaye de Jumi\u00e8ges, Milan, New York, domaine de Chaumont-sur-Loire, Suisse, Pologne, Inde, Canada, Cameroun, Japon, etc.). Intitul\u00e9e \u00ab La For\u00eat des Autres \u00bb, l\u2019exposition des \u0153uvres de Christian Lapie a \u00e9t\u00e9 rendue possible gr\u00e2ce au partenariat entre Eyrignac et ses Jardins et le Conseil d\u00e9partemental de la Dordogne mat\u00e9rialis\u00e9 par une r\u00e9partition des \u0153uvres sur deux sites : Eyrignac et ses Jardins et le domaine d\u00e9partemental du ch\u00e2teau de Campagne.[\/vc_column_text][vc_masonry_media_grid grid_id=\u00a0\u00bbvc_gid:1619097149723-47162d49-5a7d-4&Prime; include=\u00a0\u00bb6040,6167,6175,6173,6171,6169,6165&Prime;][vc_column_text]<strong>Eyrignac, Campagne, les jardins, la for\u00eat, les Autres<\/strong><br \/>\n\u00c0 Eyrignac, d\u2019avril \u00e0 octobre, les visiteurs d\u00e9couvriront en lisi\u00e8re des jardins 10 sculptures monumentales de Christian Lapie : Les Solstices d\u2019\u00c9t\u00e9, Regarder la Nuit, Les T\u00e9moins, Jeux d\u2019Ombres, Le Lever du Soleil, Le Point du Jour, Le Silence du Ciel, L\u2019Attente des Nuits, Comme un Miroir, Un Silence sans Ombre. Faites de ch\u00eane brut, noircies \u00e0 la flamme, les silhouettes primitives sculpt\u00e9es par Christian Lapie entrent en r\u00e9sonnance avec la sophistication d\u2019Eyrignac ; elles invitent les visiteurs \u00e0 d\u00e9placer leur regard des jardins vers la for\u00eat qui leur sert d\u2019\u00e9crin ; elles offrent une possibilit\u00e9 de (re)connexion avec l\u2019Autre.<br \/>\nPatrick Sermadiras, propri\u00e9taire d\u2019Eyrignac, initiateur de l\u2019exposition de Christian Lapie, est ravi de permettre aux visiteurs de d\u00e9couvrir les \u0153uvres puissantes de cet artiste. \u00ab Je pense \u00bb, dit-il, \u00ab que les visiteurs vont avoir \u00ab un choc \u00bb, un bon choc quand ils vont \u00eatre confront\u00e9s aux sculptures monumentales de Christian Lapie, et j\u2019aime l\u2019id\u00e9e de cet art universel qui n\u2019est pas r\u00e9serv\u00e9 qu\u2019aux fins connaisseurs mais qui s\u2019adresse \u00e0 tous. \u00bb<\/p>\n<p>Le domaine du ch\u00e2teau de Campagne, accueille en parall\u00e8le, un groupe sculpt\u00e9 monumental Le Souffle du Temps, install\u00e9 sous un arbre remarquable, des peintures dont les techniques rappellent l\u2019art pari\u00e9tal et des sculptures \u00e0 taille humaine, expos\u00e9es dans le ch\u00e2teau de Campagne.[\/vc_column_text][\/vc_column][\/vc_row]<\/p>\n<\/div>","protected":false},"excerpt":{"rendered":"Depuis plusieurs ann\u00e9es, Eyrignac et ses Jardins accueillent des sculpteurs contemporains convi\u00e9s \u00e0 donner une dimension autre au joyau v\u00e9g\u00e9tal du P\u00e9rigord noir.\r\nL\u2019artiste invit\u00e9 en 2021 est Christian Lapie, sculpteur fran\u00e7ais majeur, dont les \u0153uvres sont expos\u00e9es dans le monde entier.","protected":false},"author":3,"featured_media":6019,"comment_status":"closed","ping_status":"open","sticky":false,"template":"","format":"standard","meta":{"_acf_changed":false,"footnotes":""},"categories":[5],"tags":[],"class_list":["post-6018","post","type-post","status-publish","format-standard","has-post-thumbnail","hentry","category-actualites"],"acf":[],"yoast_head":"<!-- This site is optimized with the Yoast SEO plugin v27.5 - https:\/\/yoast.com\/product\/yoast-seo-wordpress\/ -->\n<title>\u00ab La For\u00eat des Autres \u00bb Exposition de Christian Lapie \u00e0 Eyrignac et \u00e0 Campagne<\/title>\n<meta name=\"description\" content=\"L\u2019artiste invit\u00e9 par Eyrignac en 2021 est Christian Lapie pour une exposition d&#039;art contemporain intitul\u00e9e \u00ab La For\u00eat des Autres \u00bb,\" \/>\n<meta name=\"robots\" content=\"index, follow, max-snippet:-1, max-image-preview:large, max-video-preview:-1\" \/>\n<link rel=\"canonical\" href=\"https:\/\/www.eyrignac.com\/fr\/actualites\/foret-autres-exposition-christian-lapie-eyrignac-domaine-campagne\" \/>\n<meta property=\"og:locale\" content=\"fr_FR\" \/>\n<meta property=\"og:type\" content=\"article\" \/>\n<meta property=\"og:title\" content=\"\u00ab La For\u00eat des Autres \u00bb Exposition de Christian Lapie \u00e0 Eyrignac et \u00e0 Campagne\" \/>\n<meta property=\"og:description\" content=\"L\u2019artiste invit\u00e9 par Eyrignac en 2021 est Christian Lapie pour une exposition d&#039;art contemporain intitul\u00e9e \u00ab La For\u00eat des Autres \u00bb,\" \/>\n<meta property=\"og:url\" content=\"https:\/\/www.eyrignac.com\/fr\/actualites\/foret-autres-exposition-christian-lapie-eyrignac-domaine-campagne\" \/>\n<meta property=\"og:site_name\" content=\"Eyrignac et ses jardins\" \/>\n<meta property=\"article:publisher\" content=\"https:\/\/www.facebook.com\/JardinsEyrignac\/\" \/>\n<meta property=\"article:published_time\" content=\"2021-08-30T08:45:06+00:00\" \/>\n<meta property=\"article:modified_time\" content=\"2024-10-04T09:26:51+00:00\" \/>\n<meta property=\"og:image\" content=\"https:\/\/www.eyrignac.com\/wp-content\/uploads\/2021\/03\/eyrignac-affiche-lapie.jpg\" \/>\n\t<meta property=\"og:image:width\" content=\"714\" \/>\n\t<meta property=\"og:image:height\" content=\"1000\" \/>\n\t<meta property=\"og:image:type\" content=\"image\/jpeg\" \/>\n<meta name=\"author\" content=\"Rachel Coudray\" \/>\n<meta name=\"twitter:card\" content=\"summary_large_image\" \/>\n<meta name=\"twitter:creator\" content=\"@eyrignac\" \/>\n<meta name=\"twitter:site\" content=\"@eyrignac\" \/>\n<meta name=\"twitter:label1\" content=\"\u00c9crit par\" \/>\n\t<meta name=\"twitter:data1\" content=\"Rachel Coudray\" \/>\n\t<meta name=\"twitter:label2\" content=\"Dur\u00e9e de lecture estim\u00e9e\" \/>\n\t<meta name=\"twitter:data2\" content=\"2 minutes\" \/>\n<script type=\"application\/ld+json\" class=\"yoast-schema-graph\">{\"@context\":\"https:\\\/\\\/schema.org\",\"@graph\":[{\"@type\":\"Article\",\"@id\":\"https:\\\/\\\/www.eyrignac.com\\\/fr\\\/actualites\\\/foret-autres-exposition-christian-lapie-eyrignac-domaine-campagne#article\",\"isPartOf\":{\"@id\":\"https:\\\/\\\/www.eyrignac.com\\\/fr\\\/actualites\\\/foret-autres-exposition-christian-lapie-eyrignac-domaine-campagne\"},\"author\":{\"name\":\"Rachel Coudray\",\"@id\":\"https:\\\/\\\/www.eyrignac.com\\\/fr\\\/#\\\/schema\\\/person\\\/901d210a561794cfaa3ed8916bd242f9\"},\"headline\":\"\u00ab La For\u00eat des Autres \u00bb Exposition d\u2019\u0153uvres de Christian Lapie \u00e0 Eyrignac et au domaine de Campagne\",\"datePublished\":\"2021-08-30T08:45:06+00:00\",\"dateModified\":\"2024-10-04T09:26:51+00:00\",\"mainEntityOfPage\":{\"@id\":\"https:\\\/\\\/www.eyrignac.com\\\/fr\\\/actualites\\\/foret-autres-exposition-christian-lapie-eyrignac-domaine-campagne\"},\"wordCount\":501,\"publisher\":{\"@id\":\"https:\\\/\\\/www.eyrignac.com\\\/fr\\\/#organization\"},\"image\":{\"@id\":\"https:\\\/\\\/www.eyrignac.com\\\/fr\\\/actualites\\\/foret-autres-exposition-christian-lapie-eyrignac-domaine-campagne#primaryimage\"},\"thumbnailUrl\":\"https:\\\/\\\/www.eyrignac.com\\\/wp-content\\\/uploads\\\/2021\\\/03\\\/eyrignac-affiche-lapie.jpg\",\"articleSection\":[\"Actualit\u00e9s\"],\"inLanguage\":\"fr-FR\"},{\"@type\":\"WebPage\",\"@id\":\"https:\\\/\\\/www.eyrignac.com\\\/fr\\\/actualites\\\/foret-autres-exposition-christian-lapie-eyrignac-domaine-campagne\",\"url\":\"https:\\\/\\\/www.eyrignac.com\\\/fr\\\/actualites\\\/foret-autres-exposition-christian-lapie-eyrignac-domaine-campagne\",\"name\":\"\u00ab La For\u00eat des Autres \u00bb Exposition de Christian Lapie \u00e0 Eyrignac et \u00e0 Campagne\",\"isPartOf\":{\"@id\":\"https:\\\/\\\/www.eyrignac.com\\\/fr\\\/#website\"},\"primaryImageOfPage\":{\"@id\":\"https:\\\/\\\/www.eyrignac.com\\\/fr\\\/actualites\\\/foret-autres-exposition-christian-lapie-eyrignac-domaine-campagne#primaryimage\"},\"image\":{\"@id\":\"https:\\\/\\\/www.eyrignac.com\\\/fr\\\/actualites\\\/foret-autres-exposition-christian-lapie-eyrignac-domaine-campagne#primaryimage\"},\"thumbnailUrl\":\"https:\\\/\\\/www.eyrignac.com\\\/wp-content\\\/uploads\\\/2021\\\/03\\\/eyrignac-affiche-lapie.jpg\",\"datePublished\":\"2021-08-30T08:45:06+00:00\",\"dateModified\":\"2024-10-04T09:26:51+00:00\",\"description\":\"L\u2019artiste invit\u00e9 par Eyrignac en 2021 est Christian Lapie pour une exposition d'art contemporain intitul\u00e9e \u00ab La For\u00eat des Autres \u00bb,\",\"breadcrumb\":{\"@id\":\"https:\\\/\\\/www.eyrignac.com\\\/fr\\\/actualites\\\/foret-autres-exposition-christian-lapie-eyrignac-domaine-campagne#breadcrumb\"},\"inLanguage\":\"fr-FR\",\"potentialAction\":[{\"@type\":\"ReadAction\",\"target\":[\"https:\\\/\\\/www.eyrignac.com\\\/fr\\\/actualites\\\/foret-autres-exposition-christian-lapie-eyrignac-domaine-campagne\"]}]},{\"@type\":\"ImageObject\",\"inLanguage\":\"fr-FR\",\"@id\":\"https:\\\/\\\/www.eyrignac.com\\\/fr\\\/actualites\\\/foret-autres-exposition-christian-lapie-eyrignac-domaine-campagne#primaryimage\",\"url\":\"https:\\\/\\\/www.eyrignac.com\\\/wp-content\\\/uploads\\\/2021\\\/03\\\/eyrignac-affiche-lapie.jpg\",\"contentUrl\":\"https:\\\/\\\/www.eyrignac.com\\\/wp-content\\\/uploads\\\/2021\\\/03\\\/eyrignac-affiche-lapie.jpg\",\"width\":714,\"height\":1000},{\"@type\":\"BreadcrumbList\",\"@id\":\"https:\\\/\\\/www.eyrignac.com\\\/fr\\\/actualites\\\/foret-autres-exposition-christian-lapie-eyrignac-domaine-campagne#breadcrumb\",\"itemListElement\":[{\"@type\":\"ListItem\",\"position\":1,\"name\":\"Accueil\",\"item\":\"https:\\\/\\\/www.eyrignac.com\\\/fr\"},{\"@type\":\"ListItem\",\"position\":2,\"name\":\"\u00ab La For\u00eat des Autres \u00bb Exposition d\u2019\u0153uvres de Christian Lapie \u00e0 Eyrignac et au domaine de Campagne\"}]},{\"@type\":\"WebSite\",\"@id\":\"https:\\\/\\\/www.eyrignac.com\\\/fr\\\/#website\",\"url\":\"https:\\\/\\\/www.eyrignac.com\\\/fr\\\/\",\"name\":\"Eyrignac et ses jardins\",\"description\":\"Lieu de verdure unique en Dordogne\",\"publisher\":{\"@id\":\"https:\\\/\\\/www.eyrignac.com\\\/fr\\\/#organization\"},\"potentialAction\":[{\"@type\":\"SearchAction\",\"target\":{\"@type\":\"EntryPoint\",\"urlTemplate\":\"https:\\\/\\\/www.eyrignac.com\\\/fr\\\/?s={search_term_string}\"},\"query-input\":{\"@type\":\"PropertyValueSpecification\",\"valueRequired\":true,\"valueName\":\"search_term_string\"}}],\"inLanguage\":\"fr-FR\"},{\"@type\":\"Organization\",\"@id\":\"https:\\\/\\\/www.eyrignac.com\\\/fr\\\/#organization\",\"name\":\"Eyrignac\",\"url\":\"https:\\\/\\\/www.eyrignac.com\\\/fr\\\/\",\"logo\":{\"@type\":\"ImageObject\",\"inLanguage\":\"fr-FR\",\"@id\":\"https:\\\/\\\/www.eyrignac.com\\\/fr\\\/#\\\/schema\\\/logo\\\/image\\\/\",\"url\":\"https:\\\/\\\/www.eyrignac.com\\\/wp-content\\\/uploads\\\/2017\\\/12\\\/logo-eyrignac.png\",\"contentUrl\":\"https:\\\/\\\/www.eyrignac.com\\\/wp-content\\\/uploads\\\/2017\\\/12\\\/logo-eyrignac.png\",\"width\":500,\"height\":189,\"caption\":\"Eyrignac\"},\"image\":{\"@id\":\"https:\\\/\\\/www.eyrignac.com\\\/fr\\\/#\\\/schema\\\/logo\\\/image\\\/\"},\"sameAs\":[\"https:\\\/\\\/www.facebook.com\\\/JardinsEyrignac\\\/\",\"https:\\\/\\\/x.com\\\/eyrignac\",\"https:\\\/\\\/www.instagram.com\\\/eyrignac\\\/\",\"https:\\\/\\\/www.pinterest.fr\\\/eyrignac\\\/\",\"https:\\\/\\\/www.youtube.com\\\/channel\\\/UCjWc47ArIew83eRXXjaBowg\"]},{\"@type\":\"Person\",\"@id\":\"https:\\\/\\\/www.eyrignac.com\\\/fr\\\/#\\\/schema\\\/person\\\/901d210a561794cfaa3ed8916bd242f9\",\"name\":\"Rachel Coudray\"}]}<\/script>\n<!-- \/ Yoast SEO plugin. -->","yoast_head_json":{"title":"\u00ab La For\u00eat des Autres \u00bb Exposition de Christian Lapie \u00e0 Eyrignac et \u00e0 Campagne","description":"L\u2019artiste invit\u00e9 par Eyrignac en 2021 est Christian Lapie pour une exposition d'art contemporain intitul\u00e9e \u00ab La For\u00eat des Autres \u00bb,","robots":{"index":"index","follow":"follow","max-snippet":"max-snippet:-1","max-image-preview":"max-image-preview:large","max-video-preview":"max-video-preview:-1"},"canonical":"https:\/\/www.eyrignac.com\/fr\/actualites\/foret-autres-exposition-christian-lapie-eyrignac-domaine-campagne","og_locale":"fr_FR","og_type":"article","og_title":"\u00ab La For\u00eat des Autres \u00bb Exposition de Christian Lapie \u00e0 Eyrignac et \u00e0 Campagne","og_description":"L\u2019artiste invit\u00e9 par Eyrignac en 2021 est Christian Lapie pour une exposition d'art contemporain intitul\u00e9e \u00ab La For\u00eat des Autres \u00bb,","og_url":"https:\/\/www.eyrignac.com\/fr\/actualites\/foret-autres-exposition-christian-lapie-eyrignac-domaine-campagne","og_site_name":"Eyrignac et ses jardins","article_publisher":"https:\/\/www.facebook.com\/JardinsEyrignac\/","article_published_time":"2021-08-30T08:45:06+00:00","article_modified_time":"2024-10-04T09:26:51+00:00","og_image":[{"width":714,"height":1000,"url":"https:\/\/www.eyrignac.com\/wp-content\/uploads\/2021\/03\/eyrignac-affiche-lapie.jpg","type":"image\/jpeg"}],"author":"Rachel Coudray","twitter_card":"summary_large_image","twitter_creator":"@eyrignac","twitter_site":"@eyrignac","twitter_misc":{"\u00c9crit par":"Rachel Coudray","Dur\u00e9e de lecture estim\u00e9e":"2 minutes"},"schema":{"@context":"https:\/\/schema.org","@graph":[{"@type":"Article","@id":"https:\/\/www.eyrignac.com\/fr\/actualites\/foret-autres-exposition-christian-lapie-eyrignac-domaine-campagne#article","isPartOf":{"@id":"https:\/\/www.eyrignac.com\/fr\/actualites\/foret-autres-exposition-christian-lapie-eyrignac-domaine-campagne"},"author":{"name":"Rachel Coudray","@id":"https:\/\/www.eyrignac.com\/fr\/#\/schema\/person\/901d210a561794cfaa3ed8916bd242f9"},"headline":"\u00ab La For\u00eat des Autres \u00bb Exposition d\u2019\u0153uvres de Christian Lapie \u00e0 Eyrignac et au domaine de Campagne","datePublished":"2021-08-30T08:45:06+00:00","dateModified":"2024-10-04T09:26:51+00:00","mainEntityOfPage":{"@id":"https:\/\/www.eyrignac.com\/fr\/actualites\/foret-autres-exposition-christian-lapie-eyrignac-domaine-campagne"},"wordCount":501,"publisher":{"@id":"https:\/\/www.eyrignac.com\/fr\/#organization"},"image":{"@id":"https:\/\/www.eyrignac.com\/fr\/actualites\/foret-autres-exposition-christian-lapie-eyrignac-domaine-campagne#primaryimage"},"thumbnailUrl":"https:\/\/www.eyrignac.com\/wp-content\/uploads\/2021\/03\/eyrignac-affiche-lapie.jpg","articleSection":["Actualit\u00e9s"],"inLanguage":"fr-FR"},{"@type":"WebPage","@id":"https:\/\/www.eyrignac.com\/fr\/actualites\/foret-autres-exposition-christian-lapie-eyrignac-domaine-campagne","url":"https:\/\/www.eyrignac.com\/fr\/actualites\/foret-autres-exposition-christian-lapie-eyrignac-domaine-campagne","name":"\u00ab La For\u00eat des Autres \u00bb Exposition de Christian Lapie \u00e0 Eyrignac et \u00e0 Campagne","isPartOf":{"@id":"https:\/\/www.eyrignac.com\/fr\/#website"},"primaryImageOfPage":{"@id":"https:\/\/www.eyrignac.com\/fr\/actualites\/foret-autres-exposition-christian-lapie-eyrignac-domaine-campagne#primaryimage"},"image":{"@id":"https:\/\/www.eyrignac.com\/fr\/actualites\/foret-autres-exposition-christian-lapie-eyrignac-domaine-campagne#primaryimage"},"thumbnailUrl":"https:\/\/www.eyrignac.com\/wp-content\/uploads\/2021\/03\/eyrignac-affiche-lapie.jpg","datePublished":"2021-08-30T08:45:06+00:00","dateModified":"2024-10-04T09:26:51+00:00","description":"L\u2019artiste invit\u00e9 par Eyrignac en 2021 est Christian Lapie pour une exposition d'art contemporain intitul\u00e9e \u00ab La For\u00eat des Autres \u00bb,","breadcrumb":{"@id":"https:\/\/www.eyrignac.com\/fr\/actualites\/foret-autres-exposition-christian-lapie-eyrignac-domaine-campagne#breadcrumb"},"inLanguage":"fr-FR","potentialAction":[{"@type":"ReadAction","target":["https:\/\/www.eyrignac.com\/fr\/actualites\/foret-autres-exposition-christian-lapie-eyrignac-domaine-campagne"]}]},{"@type":"ImageObject","inLanguage":"fr-FR","@id":"https:\/\/www.eyrignac.com\/fr\/actualites\/foret-autres-exposition-christian-lapie-eyrignac-domaine-campagne#primaryimage","url":"https:\/\/www.eyrignac.com\/wp-content\/uploads\/2021\/03\/eyrignac-affiche-lapie.jpg","contentUrl":"https:\/\/www.eyrignac.com\/wp-content\/uploads\/2021\/03\/eyrignac-affiche-lapie.jpg","width":714,"height":1000},{"@type":"BreadcrumbList","@id":"https:\/\/www.eyrignac.com\/fr\/actualites\/foret-autres-exposition-christian-lapie-eyrignac-domaine-campagne#breadcrumb","itemListElement":[{"@type":"ListItem","position":1,"name":"Accueil","item":"https:\/\/www.eyrignac.com\/fr"},{"@type":"ListItem","position":2,"name":"\u00ab La For\u00eat des Autres \u00bb Exposition d\u2019\u0153uvres de Christian Lapie \u00e0 Eyrignac et au domaine de Campagne"}]},{"@type":"WebSite","@id":"https:\/\/www.eyrignac.com\/fr\/#website","url":"https:\/\/www.eyrignac.com\/fr\/","name":"Eyrignac et ses jardins","description":"Lieu de verdure unique en Dordogne","publisher":{"@id":"https:\/\/www.eyrignac.com\/fr\/#organization"},"potentialAction":[{"@type":"SearchAction","target":{"@type":"EntryPoint","urlTemplate":"https:\/\/www.eyrignac.com\/fr\/?s={search_term_string}"},"query-input":{"@type":"PropertyValueSpecification","valueRequired":true,"valueName":"search_term_string"}}],"inLanguage":"fr-FR"},{"@type":"Organization","@id":"https:\/\/www.eyrignac.com\/fr\/#organization","name":"Eyrignac","url":"https:\/\/www.eyrignac.com\/fr\/","logo":{"@type":"ImageObject","inLanguage":"fr-FR","@id":"https:\/\/www.eyrignac.com\/fr\/#\/schema\/logo\/image\/","url":"https:\/\/www.eyrignac.com\/wp-content\/uploads\/2017\/12\/logo-eyrignac.png","contentUrl":"https:\/\/www.eyrignac.com\/wp-content\/uploads\/2017\/12\/logo-eyrignac.png","width":500,"height":189,"caption":"Eyrignac"},"image":{"@id":"https:\/\/www.eyrignac.com\/fr\/#\/schema\/logo\/image\/"},"sameAs":["https:\/\/www.facebook.com\/JardinsEyrignac\/","https:\/\/x.com\/eyrignac","https:\/\/www.instagram.com\/eyrignac\/","https:\/\/www.pinterest.fr\/eyrignac\/","https:\/\/www.youtube.com\/channel\/UCjWc47ArIew83eRXXjaBowg"]},{"@type":"Person","@id":"https:\/\/www.eyrignac.com\/fr\/#\/schema\/person\/901d210a561794cfaa3ed8916bd242f9","name":"Rachel Coudray"}]}},"_links":{"self":[{"href":"https:\/\/www.eyrignac.com\/fr\/wp-json\/wp\/v2\/posts\/6018","targetHints":{"allow":["GET"]}}],"collection":[{"href":"https:\/\/www.eyrignac.com\/fr\/wp-json\/wp\/v2\/posts"}],"about":[{"href":"https:\/\/www.eyrignac.com\/fr\/wp-json\/wp\/v2\/types\/post"}],"author":[{"embeddable":true,"href":"https:\/\/www.eyrignac.com\/fr\/wp-json\/wp\/v2\/users\/3"}],"replies":[{"embeddable":true,"href":"https:\/\/www.eyrignac.com\/fr\/wp-json\/wp\/v2\/comments?post=6018"}],"version-history":[{"count":0,"href":"https:\/\/www.eyrignac.com\/fr\/wp-json\/wp\/v2\/posts\/6018\/revisions"}],"wp:featuredmedia":[{"embeddable":true,"href":"https:\/\/www.eyrignac.com\/fr\/wp-json\/wp\/v2\/media\/6019"}],"wp:attachment":[{"href":"https:\/\/www.eyrignac.com\/fr\/wp-json\/wp\/v2\/media?parent=6018"}],"wp:term":[{"taxonomy":"category","embeddable":true,"href":"https:\/\/www.eyrignac.com\/fr\/wp-json\/wp\/v2\/categories?post=6018"},{"taxonomy":"post_tag","embeddable":true,"href":"https:\/\/www.eyrignac.com\/fr\/wp-json\/wp\/v2\/tags?post=6018"}],"curies":[{"name":"wp","href":"https:\/\/api.w.org\/{rel}","templated":true}]}}