{"id":5731,"date":"2020-12-08T18:29:48","date_gmt":"2020-12-08T17:29:48","guid":{"rendered":"https:\/\/www.eyrignac.com\/?p=5731"},"modified":"2020-12-08T18:45:11","modified_gmt":"2020-12-08T17:45:11","slug":"les-noyers-deyrignac-ses-jardins","status":"publish","type":"post","link":"https:\/\/www.eyrignac.com\/fr\/actualites\/les-noyers-deyrignac-ses-jardins","title":{"rendered":"Les noyers d\u2019Eyrignac &#038; ses Jardins"},"content":{"rendered":"<div class=\"wpb-content-wrapper\"><p>[vc_row][vc_column][vc_empty_space height=\u00a0\u00bb16px\u00a0\u00bb][vc_column_text]<strong>Si vous avez d\u00e9j\u00e0 parcouru les sentiers botaniques qui entourent les jardins d\u2019Eyrignac, vous avez sans doute remarqu\u00e9 les sp\u00e9cimens de noyers qui bordent les chemins. Focus sur cet arbre si typique du P\u00e9rigord.<\/strong>[\/vc_column_text][\/vc_column][\/vc_row][vc_row][vc_column][vc_column_text]<\/p>\n<h3>Le noyer hybride ou <em>Juglans x intermedia<\/em><\/h3>\n<p>[\/vc_column_text][\/vc_column][\/vc_row][vc_row][vc_column width=\u00a0\u00bb1\/2&Prime;][vc_column_text]Moins connus que les jardins, les <a href=\"https:\/\/www.eyrignac.com\/fr\/decouvrir-les-jardins-eyrignac\/les-sentiers-botaniques-eyrignac\">sentiers botaniques<\/a> du domaine d\u2019Eyrignac offrent de belles perspectives de ballades ou randonn\u00e9es en toute saison avec 2 trac\u00e9s qui permettent de d\u00e9couvrir la richesse et la diversit\u00e9 de la flore du P\u00e9rigord. Parmi les essences d\u2019arbres pr\u00e9sentes, se trouve bien s\u00fbr le noyer. A Eyrignac, on trouve le noyer hybride ou <em>Juglans x intermedia<\/em> qui est un croisement entre le noyer noir d\u2019Am\u00e9rique, <em>Juglans nigra<\/em>, et le noyer commun, <em>Juglans regia<\/em>, dont le premier sp\u00e9cimen date du d\u00e9but du XIXe si\u00e8cle. La d\u00e9signation latine <em>Juglans<\/em>, issue de <em>Jovis glans<\/em>, signifiant \u00ab le gland de Jupiter \u00bb, est une r\u00e9f\u00e9rence au fruit du noyer, la noix. Toutes les noix de noyer ne sont pas comestibles, comme c\u2019est le cas de celles du noyer hybride qui produit peu, voire pas de fruit.[\/vc_column_text][\/vc_column][vc_column width=\u00a0\u00bb1\/2&Prime;][vc_empty_space height=\u00a0\u00bb16px\u00a0\u00bb][vc_column_text]<img decoding=\"async\" width=\"1000\" height=\"750\" class=\"aligncenter size-full wp-image-5734\" src=\"https:\/\/www.eyrignac.com\/wp-content\/uploads\/2020\/12\/eyrignac-noyer-hybride-panneau.jpg\" alt=\"Le noyer hybride, panneau p\u00e9dagogique\" srcset=\"https:\/\/www.eyrignac.com\/wp-content\/uploads\/2020\/12\/eyrignac-noyer-hybride-panneau.jpg 1000w, https:\/\/www.eyrignac.com\/wp-content\/uploads\/2020\/12\/eyrignac-noyer-hybride-panneau-768x576.jpg 768w\" sizes=\"(max-width: 1000px) 100vw, 1000px\" \/>[\/vc_column_text][\/vc_column][\/vc_row][vc_row][vc_column][vc_column_text]On le reconnait \u00e0 ses feuilles compos\u00e9es de 11 \u00e0 21 folioles l\u00e9g\u00e8rement velues et \u00e0 son \u00e9corce qui rappelle celle du noyer noir d\u2019Am\u00e9rique, rouge\u00e2tre et lisse les premi\u00e8res ann\u00e9es, noire et fissur\u00e9e lorsque l\u2019arbre a atteint sa maturit\u00e9. Le noyer aime la lumi\u00e8re et les sols limono-argileux disposant d\u2019une importante r\u00e9serve d\u2019eau ; \u00e0 Eyrignac, dont le nom signifie \u00ab l\u00e0 o\u00f9 l\u2019eau coule \u00bb, le terrain est tr\u00e8s favorable. Dans de bonnes conditions, la croissance du noyer hybride est d\u2019une extr\u00eame rapidit\u00e9 et sa long\u00e9vit\u00e9 peut aller jusqu\u2019\u00e0 300 ans. Les noyers d\u2019Eyrignac ont \u00e9t\u00e9 plant\u00e9s \u00e0 la fin des ann\u00e9es 1970, ce sont de jeunes sp\u00e9cimens ! Le noyer est pr\u00e9sent dans les jardins pour ses qualit\u00e9s ornementales et son bois pr\u00e9cieux est utilis\u00e9 en \u00e9b\u00e9nisterie pour la marqueterie.[\/vc_column_text][\/vc_column][\/vc_row][vc_row][vc_column][vc_column_text]<img decoding=\"async\" width=\"1500\" height=\"844\" class=\"aligncenter size-full wp-image-5732\" src=\"https:\/\/www.eyrignac.com\/wp-content\/uploads\/2020\/12\/eyrignac_noyers.jpg\" alt=\"Les sentiers botaniques d'Eyrignac bord\u00e9s de noyers\" srcset=\"https:\/\/www.eyrignac.com\/wp-content\/uploads\/2020\/12\/eyrignac_noyers.jpg 1500w, https:\/\/www.eyrignac.com\/wp-content\/uploads\/2020\/12\/eyrignac_noyers-768x432.jpg 768w\" sizes=\"(max-width: 1500px) 100vw, 1500px\" \/>[\/vc_column_text][\/vc_column][\/vc_row][vc_row][vc_column][vc_column_text]<\/p>\n<h3>La Dordogne, les noyers et la niciculture<\/h3>\n<p>La longue histoire du noyer et de la Dordogne remonte \u00e0 la Pr\u00e9histoire ; l\u2019homme de Cro-Magnon consommait d\u00e9j\u00e0 ses noix sauvages. La culture de la noix ou niciculture n\u2019appara\u00eet que bien plus tard, puisqu\u2019elle est due aux Romains.<br \/>\nAncr\u00e9e dans le Patrimoine vivant du P\u00e9rigord, la niciculture a particip\u00e9 \u00e0 la notori\u00e9t\u00e9 de la Dordogne r\u00e9put\u00e9e produire une huile de noix de grande qualit\u00e9. Du Moyen-\u00c2ge jusqu\u2019\u00e0 la fin du XIXe si\u00e8cle, l\u2019huile de noix est un liquide de premier choix qui contribue \u00e0 la prosp\u00e9rit\u00e9 de la r\u00e9gion. L\u2019introduction d\u2019huiles concurrentes, des conditions climatiques difficiles, les guerres, mettent \u00e0 mal l\u2019\u00e9conomie autour de la noix qui d\u00e9cline peu \u00e0 peu au cours du XXe si\u00e8cle.<br \/>\nToutefois, les producteurs de noix maintienne la culture de la noix en Dordogne et pour d\u00e9fendre ce produit qui fait partie du patrimoine p\u00e9rigourdin, ils ont obtenu en 2004 une AOP (Appellation d\u2019Origine Prot\u00e9g\u00e9e).[\/vc_column_text][\/vc_column][\/vc_row]<\/p>\n<\/div>","protected":false},"excerpt":{"rendered":"Les sentiers botaniques du domaine d\u2019Eyrignac offrent de belles perspectives de randonn\u00e9es avec 2 trac\u00e9s qui permettent de d\u00e9couvrir la richesse et la diversit\u00e9 de la flore du P\u00e9rigord. Parmi les essences d\u2019arbres pr\u00e9sentes, se trouve bien s\u00fbr le noyer. ","protected":false},"author":3,"featured_media":5732,"comment_status":"open","ping_status":"open","sticky":false,"template":"","format":"standard","meta":{"_acf_changed":false,"footnotes":""},"categories":[5],"tags":[],"class_list":["post-5731","post","type-post","status-publish","format-standard","has-post-thumbnail","hentry","category-actualites"],"acf":[],"yoast_head":"<!-- This site is optimized with the Yoast SEO plugin v27.5 - https:\/\/yoast.com\/product\/yoast-seo-wordpress\/ -->\n<title>Les noyers d\u2019Eyrignac &amp; ses Jardins (Juglans x intermedia)<\/title>\n<meta name=\"description\" content=\"Si vous avez d\u00e9j\u00e0 parcouru les sentiers botaniques d\u2019Eyrignac, vous avez pu voir les noyers au bord des chemins. Focus sur cet arbre si typique du P\u00e9rigord.\" \/>\n<meta name=\"robots\" content=\"index, follow, max-snippet:-1, max-image-preview:large, max-video-preview:-1\" \/>\n<link rel=\"canonical\" href=\"https:\/\/www.eyrignac.com\/fr\/actualites\/les-noyers-deyrignac-ses-jardins\" \/>\n<meta property=\"og:locale\" content=\"fr_FR\" \/>\n<meta property=\"og:type\" content=\"article\" \/>\n<meta property=\"og:title\" content=\"Les noyers d\u2019Eyrignac &amp; ses Jardins (Juglans x intermedia)\" \/>\n<meta property=\"og:description\" content=\"Si vous avez d\u00e9j\u00e0 parcouru les sentiers botaniques d\u2019Eyrignac, vous avez pu voir les noyers au bord des chemins. Focus sur cet arbre si typique du P\u00e9rigord.\" \/>\n<meta property=\"og:url\" content=\"https:\/\/www.eyrignac.com\/fr\/actualites\/les-noyers-deyrignac-ses-jardins\" \/>\n<meta property=\"og:site_name\" content=\"Eyrignac et ses jardins\" \/>\n<meta property=\"article:publisher\" content=\"https:\/\/www.facebook.com\/JardinsEyrignac\/\" \/>\n<meta property=\"article:published_time\" content=\"2020-12-08T17:29:48+00:00\" \/>\n<meta property=\"article:modified_time\" content=\"2020-12-08T17:45:11+00:00\" \/>\n<meta property=\"og:image\" content=\"https:\/\/www.eyrignac.com\/wp-content\/uploads\/2020\/12\/eyrignac_noyers.jpg\" \/>\n\t<meta property=\"og:image:width\" content=\"1500\" \/>\n\t<meta property=\"og:image:height\" content=\"844\" \/>\n\t<meta property=\"og:image:type\" content=\"image\/jpeg\" \/>\n<meta name=\"author\" content=\"Rachel Coudray\" \/>\n<meta name=\"twitter:card\" content=\"summary_large_image\" \/>\n<meta name=\"twitter:creator\" content=\"@eyrignac\" \/>\n<meta name=\"twitter:site\" content=\"@eyrignac\" \/>\n<meta name=\"twitter:label1\" content=\"\u00c9crit par\" \/>\n\t<meta name=\"twitter:data1\" content=\"Rachel Coudray\" \/>\n\t<meta name=\"twitter:label2\" content=\"Dur\u00e9e de lecture estim\u00e9e\" \/>\n\t<meta name=\"twitter:data2\" content=\"3 minutes\" \/>\n<script type=\"application\/ld+json\" class=\"yoast-schema-graph\">{\"@context\":\"https:\\\/\\\/schema.org\",\"@graph\":[{\"@type\":\"Article\",\"@id\":\"https:\\\/\\\/www.eyrignac.com\\\/fr\\\/actualites\\\/les-noyers-deyrignac-ses-jardins#article\",\"isPartOf\":{\"@id\":\"https:\\\/\\\/www.eyrignac.com\\\/fr\\\/actualites\\\/les-noyers-deyrignac-ses-jardins\"},\"author\":{\"name\":\"Rachel Coudray\",\"@id\":\"https:\\\/\\\/www.eyrignac.com\\\/fr\\\/#\\\/schema\\\/person\\\/901d210a561794cfaa3ed8916bd242f9\"},\"headline\":\"Les noyers d\u2019Eyrignac &#038; ses Jardins\",\"datePublished\":\"2020-12-08T17:29:48+00:00\",\"dateModified\":\"2020-12-08T17:45:11+00:00\",\"mainEntityOfPage\":{\"@id\":\"https:\\\/\\\/www.eyrignac.com\\\/fr\\\/actualites\\\/les-noyers-deyrignac-ses-jardins\"},\"wordCount\":632,\"commentCount\":0,\"publisher\":{\"@id\":\"https:\\\/\\\/www.eyrignac.com\\\/fr\\\/#organization\"},\"image\":{\"@id\":\"https:\\\/\\\/www.eyrignac.com\\\/fr\\\/actualites\\\/les-noyers-deyrignac-ses-jardins#primaryimage\"},\"thumbnailUrl\":\"https:\\\/\\\/www.eyrignac.com\\\/wp-content\\\/uploads\\\/2020\\\/12\\\/eyrignac_noyers.jpg\",\"articleSection\":[\"Actualit\u00e9s\"],\"inLanguage\":\"fr-FR\",\"potentialAction\":[{\"@type\":\"CommentAction\",\"name\":\"Comment\",\"target\":[\"https:\\\/\\\/www.eyrignac.com\\\/fr\\\/actualites\\\/les-noyers-deyrignac-ses-jardins#respond\"]}]},{\"@type\":\"WebPage\",\"@id\":\"https:\\\/\\\/www.eyrignac.com\\\/fr\\\/actualites\\\/les-noyers-deyrignac-ses-jardins\",\"url\":\"https:\\\/\\\/www.eyrignac.com\\\/fr\\\/actualites\\\/les-noyers-deyrignac-ses-jardins\",\"name\":\"Les noyers d\u2019Eyrignac & ses Jardins (Juglans x intermedia)\",\"isPartOf\":{\"@id\":\"https:\\\/\\\/www.eyrignac.com\\\/fr\\\/#website\"},\"primaryImageOfPage\":{\"@id\":\"https:\\\/\\\/www.eyrignac.com\\\/fr\\\/actualites\\\/les-noyers-deyrignac-ses-jardins#primaryimage\"},\"image\":{\"@id\":\"https:\\\/\\\/www.eyrignac.com\\\/fr\\\/actualites\\\/les-noyers-deyrignac-ses-jardins#primaryimage\"},\"thumbnailUrl\":\"https:\\\/\\\/www.eyrignac.com\\\/wp-content\\\/uploads\\\/2020\\\/12\\\/eyrignac_noyers.jpg\",\"datePublished\":\"2020-12-08T17:29:48+00:00\",\"dateModified\":\"2020-12-08T17:45:11+00:00\",\"description\":\"Si vous avez d\u00e9j\u00e0 parcouru les sentiers botaniques d\u2019Eyrignac, vous avez pu voir les noyers au bord des chemins. Focus sur cet arbre si typique du P\u00e9rigord.\",\"breadcrumb\":{\"@id\":\"https:\\\/\\\/www.eyrignac.com\\\/fr\\\/actualites\\\/les-noyers-deyrignac-ses-jardins#breadcrumb\"},\"inLanguage\":\"fr-FR\",\"potentialAction\":[{\"@type\":\"ReadAction\",\"target\":[\"https:\\\/\\\/www.eyrignac.com\\\/fr\\\/actualites\\\/les-noyers-deyrignac-ses-jardins\"]}]},{\"@type\":\"ImageObject\",\"inLanguage\":\"fr-FR\",\"@id\":\"https:\\\/\\\/www.eyrignac.com\\\/fr\\\/actualites\\\/les-noyers-deyrignac-ses-jardins#primaryimage\",\"url\":\"https:\\\/\\\/www.eyrignac.com\\\/wp-content\\\/uploads\\\/2020\\\/12\\\/eyrignac_noyers.jpg\",\"contentUrl\":\"https:\\\/\\\/www.eyrignac.com\\\/wp-content\\\/uploads\\\/2020\\\/12\\\/eyrignac_noyers.jpg\",\"width\":1500,\"height\":844,\"caption\":\"Les sentiers botaniques d'Eyrignac bord\u00e9s de noyers\"},{\"@type\":\"BreadcrumbList\",\"@id\":\"https:\\\/\\\/www.eyrignac.com\\\/fr\\\/actualites\\\/les-noyers-deyrignac-ses-jardins#breadcrumb\",\"itemListElement\":[{\"@type\":\"ListItem\",\"position\":1,\"name\":\"Accueil\",\"item\":\"https:\\\/\\\/www.eyrignac.com\\\/fr\"},{\"@type\":\"ListItem\",\"position\":2,\"name\":\"Les noyers d\u2019Eyrignac &#038; ses Jardins\"}]},{\"@type\":\"WebSite\",\"@id\":\"https:\\\/\\\/www.eyrignac.com\\\/fr\\\/#website\",\"url\":\"https:\\\/\\\/www.eyrignac.com\\\/fr\\\/\",\"name\":\"Eyrignac et ses jardins\",\"description\":\"Lieu de verdure unique en Dordogne\",\"publisher\":{\"@id\":\"https:\\\/\\\/www.eyrignac.com\\\/fr\\\/#organization\"},\"potentialAction\":[{\"@type\":\"SearchAction\",\"target\":{\"@type\":\"EntryPoint\",\"urlTemplate\":\"https:\\\/\\\/www.eyrignac.com\\\/fr\\\/?s={search_term_string}\"},\"query-input\":{\"@type\":\"PropertyValueSpecification\",\"valueRequired\":true,\"valueName\":\"search_term_string\"}}],\"inLanguage\":\"fr-FR\"},{\"@type\":\"Organization\",\"@id\":\"https:\\\/\\\/www.eyrignac.com\\\/fr\\\/#organization\",\"name\":\"Eyrignac\",\"url\":\"https:\\\/\\\/www.eyrignac.com\\\/fr\\\/\",\"logo\":{\"@type\":\"ImageObject\",\"inLanguage\":\"fr-FR\",\"@id\":\"https:\\\/\\\/www.eyrignac.com\\\/fr\\\/#\\\/schema\\\/logo\\\/image\\\/\",\"url\":\"https:\\\/\\\/www.eyrignac.com\\\/wp-content\\\/uploads\\\/2017\\\/12\\\/logo-eyrignac.png\",\"contentUrl\":\"https:\\\/\\\/www.eyrignac.com\\\/wp-content\\\/uploads\\\/2017\\\/12\\\/logo-eyrignac.png\",\"width\":500,\"height\":189,\"caption\":\"Eyrignac\"},\"image\":{\"@id\":\"https:\\\/\\\/www.eyrignac.com\\\/fr\\\/#\\\/schema\\\/logo\\\/image\\\/\"},\"sameAs\":[\"https:\\\/\\\/www.facebook.com\\\/JardinsEyrignac\\\/\",\"https:\\\/\\\/x.com\\\/eyrignac\",\"https:\\\/\\\/www.instagram.com\\\/eyrignac\\\/\",\"https:\\\/\\\/www.pinterest.fr\\\/eyrignac\\\/\",\"https:\\\/\\\/www.youtube.com\\\/channel\\\/UCjWc47ArIew83eRXXjaBowg\"]},{\"@type\":\"Person\",\"@id\":\"https:\\\/\\\/www.eyrignac.com\\\/fr\\\/#\\\/schema\\\/person\\\/901d210a561794cfaa3ed8916bd242f9\",\"name\":\"Rachel Coudray\"}]}<\/script>\n<!-- \/ Yoast SEO plugin. -->","yoast_head_json":{"title":"Les noyers d\u2019Eyrignac & ses Jardins (Juglans x intermedia)","description":"Si vous avez d\u00e9j\u00e0 parcouru les sentiers botaniques d\u2019Eyrignac, vous avez pu voir les noyers au bord des chemins. Focus sur cet arbre si typique du P\u00e9rigord.","robots":{"index":"index","follow":"follow","max-snippet":"max-snippet:-1","max-image-preview":"max-image-preview:large","max-video-preview":"max-video-preview:-1"},"canonical":"https:\/\/www.eyrignac.com\/fr\/actualites\/les-noyers-deyrignac-ses-jardins","og_locale":"fr_FR","og_type":"article","og_title":"Les noyers d\u2019Eyrignac & ses Jardins (Juglans x intermedia)","og_description":"Si vous avez d\u00e9j\u00e0 parcouru les sentiers botaniques d\u2019Eyrignac, vous avez pu voir les noyers au bord des chemins. Focus sur cet arbre si typique du P\u00e9rigord.","og_url":"https:\/\/www.eyrignac.com\/fr\/actualites\/les-noyers-deyrignac-ses-jardins","og_site_name":"Eyrignac et ses jardins","article_publisher":"https:\/\/www.facebook.com\/JardinsEyrignac\/","article_published_time":"2020-12-08T17:29:48+00:00","article_modified_time":"2020-12-08T17:45:11+00:00","og_image":[{"width":1500,"height":844,"url":"https:\/\/www.eyrignac.com\/wp-content\/uploads\/2020\/12\/eyrignac_noyers.jpg","type":"image\/jpeg"}],"author":"Rachel Coudray","twitter_card":"summary_large_image","twitter_creator":"@eyrignac","twitter_site":"@eyrignac","twitter_misc":{"\u00c9crit par":"Rachel Coudray","Dur\u00e9e de lecture estim\u00e9e":"3 minutes"},"schema":{"@context":"https:\/\/schema.org","@graph":[{"@type":"Article","@id":"https:\/\/www.eyrignac.com\/fr\/actualites\/les-noyers-deyrignac-ses-jardins#article","isPartOf":{"@id":"https:\/\/www.eyrignac.com\/fr\/actualites\/les-noyers-deyrignac-ses-jardins"},"author":{"name":"Rachel Coudray","@id":"https:\/\/www.eyrignac.com\/fr\/#\/schema\/person\/901d210a561794cfaa3ed8916bd242f9"},"headline":"Les noyers d\u2019Eyrignac &#038; ses Jardins","datePublished":"2020-12-08T17:29:48+00:00","dateModified":"2020-12-08T17:45:11+00:00","mainEntityOfPage":{"@id":"https:\/\/www.eyrignac.com\/fr\/actualites\/les-noyers-deyrignac-ses-jardins"},"wordCount":632,"commentCount":0,"publisher":{"@id":"https:\/\/www.eyrignac.com\/fr\/#organization"},"image":{"@id":"https:\/\/www.eyrignac.com\/fr\/actualites\/les-noyers-deyrignac-ses-jardins#primaryimage"},"thumbnailUrl":"https:\/\/www.eyrignac.com\/wp-content\/uploads\/2020\/12\/eyrignac_noyers.jpg","articleSection":["Actualit\u00e9s"],"inLanguage":"fr-FR","potentialAction":[{"@type":"CommentAction","name":"Comment","target":["https:\/\/www.eyrignac.com\/fr\/actualites\/les-noyers-deyrignac-ses-jardins#respond"]}]},{"@type":"WebPage","@id":"https:\/\/www.eyrignac.com\/fr\/actualites\/les-noyers-deyrignac-ses-jardins","url":"https:\/\/www.eyrignac.com\/fr\/actualites\/les-noyers-deyrignac-ses-jardins","name":"Les noyers d\u2019Eyrignac & ses Jardins (Juglans x intermedia)","isPartOf":{"@id":"https:\/\/www.eyrignac.com\/fr\/#website"},"primaryImageOfPage":{"@id":"https:\/\/www.eyrignac.com\/fr\/actualites\/les-noyers-deyrignac-ses-jardins#primaryimage"},"image":{"@id":"https:\/\/www.eyrignac.com\/fr\/actualites\/les-noyers-deyrignac-ses-jardins#primaryimage"},"thumbnailUrl":"https:\/\/www.eyrignac.com\/wp-content\/uploads\/2020\/12\/eyrignac_noyers.jpg","datePublished":"2020-12-08T17:29:48+00:00","dateModified":"2020-12-08T17:45:11+00:00","description":"Si vous avez d\u00e9j\u00e0 parcouru les sentiers botaniques d\u2019Eyrignac, vous avez pu voir les noyers au bord des chemins. Focus sur cet arbre si typique du P\u00e9rigord.","breadcrumb":{"@id":"https:\/\/www.eyrignac.com\/fr\/actualites\/les-noyers-deyrignac-ses-jardins#breadcrumb"},"inLanguage":"fr-FR","potentialAction":[{"@type":"ReadAction","target":["https:\/\/www.eyrignac.com\/fr\/actualites\/les-noyers-deyrignac-ses-jardins"]}]},{"@type":"ImageObject","inLanguage":"fr-FR","@id":"https:\/\/www.eyrignac.com\/fr\/actualites\/les-noyers-deyrignac-ses-jardins#primaryimage","url":"https:\/\/www.eyrignac.com\/wp-content\/uploads\/2020\/12\/eyrignac_noyers.jpg","contentUrl":"https:\/\/www.eyrignac.com\/wp-content\/uploads\/2020\/12\/eyrignac_noyers.jpg","width":1500,"height":844,"caption":"Les sentiers botaniques d'Eyrignac bord\u00e9s de noyers"},{"@type":"BreadcrumbList","@id":"https:\/\/www.eyrignac.com\/fr\/actualites\/les-noyers-deyrignac-ses-jardins#breadcrumb","itemListElement":[{"@type":"ListItem","position":1,"name":"Accueil","item":"https:\/\/www.eyrignac.com\/fr"},{"@type":"ListItem","position":2,"name":"Les noyers d\u2019Eyrignac &#038; ses Jardins"}]},{"@type":"WebSite","@id":"https:\/\/www.eyrignac.com\/fr\/#website","url":"https:\/\/www.eyrignac.com\/fr\/","name":"Eyrignac et ses jardins","description":"Lieu de verdure unique en Dordogne","publisher":{"@id":"https:\/\/www.eyrignac.com\/fr\/#organization"},"potentialAction":[{"@type":"SearchAction","target":{"@type":"EntryPoint","urlTemplate":"https:\/\/www.eyrignac.com\/fr\/?s={search_term_string}"},"query-input":{"@type":"PropertyValueSpecification","valueRequired":true,"valueName":"search_term_string"}}],"inLanguage":"fr-FR"},{"@type":"Organization","@id":"https:\/\/www.eyrignac.com\/fr\/#organization","name":"Eyrignac","url":"https:\/\/www.eyrignac.com\/fr\/","logo":{"@type":"ImageObject","inLanguage":"fr-FR","@id":"https:\/\/www.eyrignac.com\/fr\/#\/schema\/logo\/image\/","url":"https:\/\/www.eyrignac.com\/wp-content\/uploads\/2017\/12\/logo-eyrignac.png","contentUrl":"https:\/\/www.eyrignac.com\/wp-content\/uploads\/2017\/12\/logo-eyrignac.png","width":500,"height":189,"caption":"Eyrignac"},"image":{"@id":"https:\/\/www.eyrignac.com\/fr\/#\/schema\/logo\/image\/"},"sameAs":["https:\/\/www.facebook.com\/JardinsEyrignac\/","https:\/\/x.com\/eyrignac","https:\/\/www.instagram.com\/eyrignac\/","https:\/\/www.pinterest.fr\/eyrignac\/","https:\/\/www.youtube.com\/channel\/UCjWc47ArIew83eRXXjaBowg"]},{"@type":"Person","@id":"https:\/\/www.eyrignac.com\/fr\/#\/schema\/person\/901d210a561794cfaa3ed8916bd242f9","name":"Rachel Coudray"}]}},"_links":{"self":[{"href":"https:\/\/www.eyrignac.com\/fr\/wp-json\/wp\/v2\/posts\/5731","targetHints":{"allow":["GET"]}}],"collection":[{"href":"https:\/\/www.eyrignac.com\/fr\/wp-json\/wp\/v2\/posts"}],"about":[{"href":"https:\/\/www.eyrignac.com\/fr\/wp-json\/wp\/v2\/types\/post"}],"author":[{"embeddable":true,"href":"https:\/\/www.eyrignac.com\/fr\/wp-json\/wp\/v2\/users\/3"}],"replies":[{"embeddable":true,"href":"https:\/\/www.eyrignac.com\/fr\/wp-json\/wp\/v2\/comments?post=5731"}],"version-history":[{"count":0,"href":"https:\/\/www.eyrignac.com\/fr\/wp-json\/wp\/v2\/posts\/5731\/revisions"}],"wp:featuredmedia":[{"embeddable":true,"href":"https:\/\/www.eyrignac.com\/fr\/wp-json\/wp\/v2\/media\/5732"}],"wp:attachment":[{"href":"https:\/\/www.eyrignac.com\/fr\/wp-json\/wp\/v2\/media?parent=5731"}],"wp:term":[{"taxonomy":"category","embeddable":true,"href":"https:\/\/www.eyrignac.com\/fr\/wp-json\/wp\/v2\/categories?post=5731"},{"taxonomy":"post_tag","embeddable":true,"href":"https:\/\/www.eyrignac.com\/fr\/wp-json\/wp\/v2\/tags?post=5731"}],"curies":[{"name":"wp","href":"https:\/\/api.w.org\/{rel}","templated":true}]}}