{"id":5683,"date":"2026-01-02T17:20:12","date_gmt":"2026-01-02T16:20:12","guid":{"rendered":"https:\/\/www.eyrignac.com\/?p=5683"},"modified":"2026-01-30T12:36:36","modified_gmt":"2026-01-30T11:36:36","slug":"jardinier-un-jour-eyrignac-et-ses-jardins","status":"publish","type":"post","link":"https:\/\/www.eyrignac.com\/fr\/actualites\/jardinier-un-jour-eyrignac-et-ses-jardins","title":{"rendered":"\u00ab Jardinier d\u2019un jour \u00bb : vivez une exp\u00e9rience immersive \u00e0 Eyrignac"},"content":{"rendered":"<div class=\"wpb-content-wrapper\"><p>[vc_row][vc_column][vc_column_text css=\u00a0\u00bb\u00a0\u00bb]<strong>Eyrignac &amp; ses Jardins vous invite \u00e0 vivre un moment unique. Avec Jardinier d\u2019un jour, plongez dans les coulisses de l\u2019entretien d\u2019un jardin exceptionnel. Pendant une matin\u00e9e, vous travaillez aux c\u00f4t\u00e9s de nos jardiniers professionnels. Ils partagent leurs conseils pratiques et leur savoir-faire acquis au fil des ann\u00e9es dans l\u2019un des <a href=\"https:\/\/www.lesplusbeauxjardinsdefrance.com\/\">plus beaux jardins de France<\/a>.<\/strong>[\/vc_column_text][\/vc_column][\/vc_row][vc_row][vc_column width=\u00a0\u00bb1\/2&Prime; css=\u00a0\u00bb.vc_custom_1606812498020{padding-right: 25px !important;}\u00a0\u00bb][vc_column_text css=\u00a0\u00bb\u00a0\u00bb]<\/p>\n<h2>Une exp\u00e9rience authentique pour notre passionn\u00e9 jardinier d&rsquo;un jour<\/h2>\n<p>Vous vous demandez comment tailler un buis, affiner des bordures ou pr\u00e9parer un jardin pour la saison suivante ? Jardinier d\u2019un jour r\u00e9pond \u00e0 ces questions de fa\u00e7on concr\u00e8te. D\u00e8s votre arriv\u00e9e, nos jardiniers vous expliquent le programme du jour et les techniques \u00e0 d\u00e9couvrir. Vous alternez entre explications, observation et mise en pratique, toujours en respectant les r\u00e8gles de s\u00e9curit\u00e9.<\/p>\n<p>Selon les saisons, les <a href=\"https:\/\/www.eyrignac.com\/fr\/actualites-agenda-animations-evenements#travaux\">travaux au jardin<\/a> changent :<\/p>\n<ul>\n<li><strong>Printemps &#8211; Ete:<\/strong> techniques de fertilisation et d\u00e9sherbage, taille des topiaires de buis, d&rsquo;if et de charme, &#8230;<\/li>\n<li><strong>Automne &#8211; Hiver<\/strong> : pr\u00e9paration des sols et entretien hivernal.<\/li>\n<\/ul>\n<p>\u00c0 la fin de la s\u00e9ance, vous repartez avec un <strong>souvenir de votre participation<\/strong> et le titre de jardinier d\u2019honneur.[\/vc_column_text][vc_media_grid element_width=\u00a0\u00bb6&Prime; css=\u00a0\u00bb\u00a0\u00bb grid_id=\u00a0\u00bbvc_gid:1769769520545-6c4189ce-d8e7-7&Prime; include=\u00a0\u00bb466,9164,10914&Prime;][\/vc_column][vc_column width=\u00a0\u00bb1\/2&Prime; css=\u00a0\u00bb.vc_custom_1606813891548{padding-bottom: 25px !important;padding-left: 25px !important;background-color: #f6f2eb !important;}\u00a0\u00bb][vc_column_text css=\u00a0\u00bb\u00a0\u00bb]<\/p>\n<h3>Informations pratiques de l\u2019exp\u00e9rience<br \/>\n\u00ab Jardinier d\u2019un jour \u00bb<\/h3>\n<p>[\/vc_column_text][vc_separator color=\u00a0\u00bbblack\u00a0\u00bb align=\u00a0\u00bbalign_left\u00a0\u00bb el_width=\u00a0\u00bb20&Prime;][vc_column_text css=\u00a0\u00bb\u00a0\u00bb]<strong data-start=\"1880\" data-end=\"1896\">Participants<\/strong> : 1 apprenti jardinier par s\u00e9ance<br data-start=\"1930\" data-end=\"1933\" \/><strong data-start=\"1933\" data-end=\"1948\">R\u00e9servation<\/strong> : obligatoire, uniquement sur rendez-vous<br data-start=\"1990\" data-end=\"1993\" \/><strong data-start=\"1993\" data-end=\"2004\">P\u00e9riode<\/strong> : toute l\u2019ann\u00e9e, du lundi au vendredi<br data-start=\"2042\" data-end=\"2045\" \/><strong data-start=\"2045\" data-end=\"2054\">Dur\u00e9e<\/strong> : 3 heures (9h \u2013 12h)<br data-start=\"2076\" data-end=\"2079\" \/><strong data-start=\"2079\" data-end=\"2088\">Tarif<\/strong> : 250 \u20ac par personne<br data-start=\"2109\" data-end=\"2112\" \/><strong data-start=\"2112\" data-end=\"2126\">Bon cadeau<\/strong> : disponible pour offrir (anniversaire, d\u00e9part en retraite, No\u00ebl\u2026)[\/vc_column_text][vc_column_text]<\/p>\n<h3>Renseignements et r\u00e9servations<\/h3>\n<p>[\/vc_column_text][vc_separator color=\u00a0\u00bbblack\u00a0\u00bb align=\u00a0\u00bbalign_left\u00a0\u00bb el_width=\u00a0\u00bb20&Prime;][vc_column_text]Au 05 53 28 99 71<br \/>\nou <a href=\"mailto:contact@eyrignac.com\" target=\"_blank\" rel=\"noopener noreferrer\">contact@eyrignac.com<\/a>[\/vc_column_text][vc_btn title=\u00a0\u00bbR\u00e9server l&rsquo;exp\u00e9rience\u00a0\u00bb style=\u00a0\u00bbclassic\u00a0\u00bb shape=\u00a0\u00bbsquare\u00a0\u00bb color=\u00a0\u00bbwhite\u00a0\u00bb size=\u00a0\u00bblg\u00a0\u00bb align=\u00a0\u00bbcenter\u00a0\u00bb css=\u00a0\u00bb\u00a0\u00bb button_block=\u00a0\u00bbtrue\u00a0\u00bb link=\u00a0\u00bburl:https%3A%2F%2Fwww.eyrignac.com%2Ffr%2Fbilletterie|title:Billetterie\u00a0\u00bb el_class=\u00a0\u00bbupcase or\u00a0\u00bb][vc_btn title=\u00a0\u00bbOffrir l&rsquo;exp\u00e9rience\u00a0\u00bb style=\u00a0\u00bbclassic\u00a0\u00bb shape=\u00a0\u00bbsquare\u00a0\u00bb color=\u00a0\u00bbwhite\u00a0\u00bb size=\u00a0\u00bblg\u00a0\u00bb align=\u00a0\u00bbcenter\u00a0\u00bb css=\u00a0\u00bb\u00a0\u00bb button_block=\u00a0\u00bbtrue\u00a0\u00bb link=\u00a0\u00bburl:https%3A%2F%2Feyrignac.bonkdo.com%2Ffr%2Fvoucher%2Fpersonalization%2F17208%2F%3F|title:Bons%20cadeaux|target:_blank\u00a0\u00bb el_class=\u00a0\u00bbupcase or\u00a0\u00bb][\/vc_column][\/vc_row][vc_row][vc_column][vc_column_text css=\u00a0\u00bb\u00a0\u00bb]<\/p>\n<h2>Jardiner \u00e0 Eyrignac : Une aventure enrichissante<\/h2>\n<p>Cette exp\u00e9rience s\u2019adresse \u00e0 tous les amoureux de jardinage, qu\u2019ils soient d\u00e9butants ou d\u00e9j\u00e0 passionn\u00e9s. Vous repartez avec des astuces directement applicables chez vous. Jardinier d\u2019un jour combine apprentissage, d\u00e9couverte et plaisir de travailler en plein air dans un cadre exceptionnel.[\/vc_column_text][\/vc_column][\/vc_row][vc_row][vc_column][vc_media_grid element_width=\u00a0\u00bb3&Prime; grid_id=\u00a0\u00bbvc_gid:1769769520549-e4048a4a-3862-2&Prime; include=\u00a0\u00bb5103,3988,3433,3415&Prime;][\/vc_column][\/vc_row]<\/p>\n<\/div>","protected":false},"excerpt":{"rendered":"Exp\u00e9rience unique en France, Eyrignac &#038; ses Jardins propose \u00e0 tous les amateurs de jardins et de jardinage de vivre une immersion exclusive : soyez notre \u00ab Jardinier d\u2019un jour \u00bb, d\u00e9couvrez Eyrignac c\u00f4t\u00e9 coulisses, b\u00e9n\u00e9ficiez des conseils et du savoir-faire d&rsquo;une \u00e9quipe de jardiniers d&rsquo;exception.","protected":false},"author":3,"featured_media":9164,"comment_status":"closed","ping_status":"closed","sticky":false,"template":"","format":"standard","meta":{"_acf_changed":false,"footnotes":""},"categories":[5],"tags":[],"class_list":["post-5683","post","type-post","status-publish","format-standard","has-post-thumbnail","hentry","category-actualites"],"acf":[],"yoast_head":"<!-- This site is optimized with the Yoast SEO plugin v27.5 - https:\/\/yoast.com\/product\/yoast-seo-wordpress\/ -->\n<title>\u00ab Jardinier d\u2019un jour \u00bb : vivez une exp\u00e9rience immersive \u00e0 Eyrignac<\/title>\n<meta name=\"description\" content=\"Eyrignac propose \u00e0 tous les amateurs de jardins et de jardinage de vivre une exp\u00e9rience d\u2019un nouveau type : \u00ab Jardinier d\u2019un jour \u00bb\" \/>\n<meta name=\"robots\" content=\"index, follow, max-snippet:-1, max-image-preview:large, max-video-preview:-1\" \/>\n<link rel=\"canonical\" href=\"https:\/\/www.eyrignac.com\/fr\/actualites\/jardinier-un-jour-eyrignac-et-ses-jardins\" \/>\n<meta property=\"og:locale\" content=\"fr_FR\" \/>\n<meta property=\"og:type\" content=\"article\" \/>\n<meta property=\"og:title\" content=\"\u00ab Jardinier d\u2019un jour \u00bb : vivez une exp\u00e9rience immersive \u00e0 Eyrignac\" \/>\n<meta property=\"og:description\" content=\"Eyrignac propose \u00e0 tous les amateurs de jardins et de jardinage de vivre une exp\u00e9rience d\u2019un nouveau type : \u00ab Jardinier d\u2019un jour \u00bb\" \/>\n<meta property=\"og:url\" content=\"https:\/\/www.eyrignac.com\/fr\/actualites\/jardinier-un-jour-eyrignac-et-ses-jardins\" \/>\n<meta property=\"og:site_name\" content=\"Eyrignac et ses jardins\" \/>\n<meta property=\"article:publisher\" content=\"https:\/\/www.facebook.com\/JardinsEyrignac\/\" \/>\n<meta property=\"article:published_time\" content=\"2026-01-02T16:20:12+00:00\" \/>\n<meta property=\"article:modified_time\" content=\"2026-01-30T11:36:36+00:00\" \/>\n<meta property=\"og:image\" content=\"https:\/\/www.eyrignac.com\/wp-content\/uploads\/2023\/02\/339392951_148619374824224_2356495677242737082_n.jpg\" \/>\n\t<meta property=\"og:image:width\" content=\"2048\" \/>\n\t<meta property=\"og:image:height\" content=\"1536\" \/>\n\t<meta property=\"og:image:type\" content=\"image\/jpeg\" \/>\n<meta name=\"author\" content=\"Rachel Coudray\" \/>\n<meta name=\"twitter:card\" content=\"summary_large_image\" \/>\n<meta name=\"twitter:creator\" content=\"@eyrignac\" \/>\n<meta name=\"twitter:site\" content=\"@eyrignac\" \/>\n<meta name=\"twitter:label1\" content=\"\u00c9crit par\" \/>\n\t<meta name=\"twitter:data1\" content=\"Rachel Coudray\" \/>\n\t<meta name=\"twitter:label2\" content=\"Dur\u00e9e de lecture estim\u00e9e\" \/>\n\t<meta name=\"twitter:data2\" content=\"3 minutes\" \/>\n<script type=\"application\/ld+json\" class=\"yoast-schema-graph\">{\"@context\":\"https:\\\/\\\/schema.org\",\"@graph\":[{\"@type\":\"Article\",\"@id\":\"https:\\\/\\\/www.eyrignac.com\\\/fr\\\/actualites\\\/jardinier-un-jour-eyrignac-et-ses-jardins#article\",\"isPartOf\":{\"@id\":\"https:\\\/\\\/www.eyrignac.com\\\/fr\\\/actualites\\\/jardinier-un-jour-eyrignac-et-ses-jardins\"},\"author\":{\"name\":\"Rachel Coudray\",\"@id\":\"https:\\\/\\\/www.eyrignac.com\\\/fr\\\/#\\\/schema\\\/person\\\/901d210a561794cfaa3ed8916bd242f9\"},\"headline\":\"\u00ab Jardinier d\u2019un jour \u00bb : vivez une exp\u00e9rience immersive \u00e0 Eyrignac\",\"datePublished\":\"2026-01-02T16:20:12+00:00\",\"dateModified\":\"2026-01-30T11:36:36+00:00\",\"mainEntityOfPage\":{\"@id\":\"https:\\\/\\\/www.eyrignac.com\\\/fr\\\/actualites\\\/jardinier-un-jour-eyrignac-et-ses-jardins\"},\"wordCount\":559,\"publisher\":{\"@id\":\"https:\\\/\\\/www.eyrignac.com\\\/fr\\\/#organization\"},\"image\":{\"@id\":\"https:\\\/\\\/www.eyrignac.com\\\/fr\\\/actualites\\\/jardinier-un-jour-eyrignac-et-ses-jardins#primaryimage\"},\"thumbnailUrl\":\"https:\\\/\\\/www.eyrignac.com\\\/wp-content\\\/uploads\\\/2023\\\/02\\\/339392951_148619374824224_2356495677242737082_n.jpg\",\"articleSection\":[\"Actualit\u00e9s\"],\"inLanguage\":\"fr-FR\"},{\"@type\":\"WebPage\",\"@id\":\"https:\\\/\\\/www.eyrignac.com\\\/fr\\\/actualites\\\/jardinier-un-jour-eyrignac-et-ses-jardins\",\"url\":\"https:\\\/\\\/www.eyrignac.com\\\/fr\\\/actualites\\\/jardinier-un-jour-eyrignac-et-ses-jardins\",\"name\":\"\u00ab Jardinier d\u2019un jour \u00bb : vivez une exp\u00e9rience immersive \u00e0 Eyrignac\",\"isPartOf\":{\"@id\":\"https:\\\/\\\/www.eyrignac.com\\\/fr\\\/#website\"},\"primaryImageOfPage\":{\"@id\":\"https:\\\/\\\/www.eyrignac.com\\\/fr\\\/actualites\\\/jardinier-un-jour-eyrignac-et-ses-jardins#primaryimage\"},\"image\":{\"@id\":\"https:\\\/\\\/www.eyrignac.com\\\/fr\\\/actualites\\\/jardinier-un-jour-eyrignac-et-ses-jardins#primaryimage\"},\"thumbnailUrl\":\"https:\\\/\\\/www.eyrignac.com\\\/wp-content\\\/uploads\\\/2023\\\/02\\\/339392951_148619374824224_2356495677242737082_n.jpg\",\"datePublished\":\"2026-01-02T16:20:12+00:00\",\"dateModified\":\"2026-01-30T11:36:36+00:00\",\"description\":\"Eyrignac propose \u00e0 tous les amateurs de jardins et de jardinage de vivre une exp\u00e9rience d\u2019un nouveau type : \u00ab Jardinier d\u2019un jour \u00bb\",\"breadcrumb\":{\"@id\":\"https:\\\/\\\/www.eyrignac.com\\\/fr\\\/actualites\\\/jardinier-un-jour-eyrignac-et-ses-jardins#breadcrumb\"},\"inLanguage\":\"fr-FR\",\"potentialAction\":[{\"@type\":\"ReadAction\",\"target\":[\"https:\\\/\\\/www.eyrignac.com\\\/fr\\\/actualites\\\/jardinier-un-jour-eyrignac-et-ses-jardins\"]}]},{\"@type\":\"ImageObject\",\"inLanguage\":\"fr-FR\",\"@id\":\"https:\\\/\\\/www.eyrignac.com\\\/fr\\\/actualites\\\/jardinier-un-jour-eyrignac-et-ses-jardins#primaryimage\",\"url\":\"https:\\\/\\\/www.eyrignac.com\\\/wp-content\\\/uploads\\\/2023\\\/02\\\/339392951_148619374824224_2356495677242737082_n.jpg\",\"contentUrl\":\"https:\\\/\\\/www.eyrignac.com\\\/wp-content\\\/uploads\\\/2023\\\/02\\\/339392951_148619374824224_2356495677242737082_n.jpg\",\"width\":2048,\"height\":1536,\"caption\":\"Jardinier d'un Jour\"},{\"@type\":\"BreadcrumbList\",\"@id\":\"https:\\\/\\\/www.eyrignac.com\\\/fr\\\/actualites\\\/jardinier-un-jour-eyrignac-et-ses-jardins#breadcrumb\",\"itemListElement\":[{\"@type\":\"ListItem\",\"position\":1,\"name\":\"Accueil\",\"item\":\"https:\\\/\\\/www.eyrignac.com\\\/fr\"},{\"@type\":\"ListItem\",\"position\":2,\"name\":\"\u00ab Jardinier d\u2019un jour \u00bb : vivez une exp\u00e9rience immersive \u00e0 Eyrignac\"}]},{\"@type\":\"WebSite\",\"@id\":\"https:\\\/\\\/www.eyrignac.com\\\/fr\\\/#website\",\"url\":\"https:\\\/\\\/www.eyrignac.com\\\/fr\\\/\",\"name\":\"Eyrignac et ses jardins\",\"description\":\"Lieu de verdure unique en Dordogne\",\"publisher\":{\"@id\":\"https:\\\/\\\/www.eyrignac.com\\\/fr\\\/#organization\"},\"potentialAction\":[{\"@type\":\"SearchAction\",\"target\":{\"@type\":\"EntryPoint\",\"urlTemplate\":\"https:\\\/\\\/www.eyrignac.com\\\/fr\\\/?s={search_term_string}\"},\"query-input\":{\"@type\":\"PropertyValueSpecification\",\"valueRequired\":true,\"valueName\":\"search_term_string\"}}],\"inLanguage\":\"fr-FR\"},{\"@type\":\"Organization\",\"@id\":\"https:\\\/\\\/www.eyrignac.com\\\/fr\\\/#organization\",\"name\":\"Eyrignac\",\"url\":\"https:\\\/\\\/www.eyrignac.com\\\/fr\\\/\",\"logo\":{\"@type\":\"ImageObject\",\"inLanguage\":\"fr-FR\",\"@id\":\"https:\\\/\\\/www.eyrignac.com\\\/fr\\\/#\\\/schema\\\/logo\\\/image\\\/\",\"url\":\"https:\\\/\\\/www.eyrignac.com\\\/wp-content\\\/uploads\\\/2017\\\/12\\\/logo-eyrignac.png\",\"contentUrl\":\"https:\\\/\\\/www.eyrignac.com\\\/wp-content\\\/uploads\\\/2017\\\/12\\\/logo-eyrignac.png\",\"width\":500,\"height\":189,\"caption\":\"Eyrignac\"},\"image\":{\"@id\":\"https:\\\/\\\/www.eyrignac.com\\\/fr\\\/#\\\/schema\\\/logo\\\/image\\\/\"},\"sameAs\":[\"https:\\\/\\\/www.facebook.com\\\/JardinsEyrignac\\\/\",\"https:\\\/\\\/x.com\\\/eyrignac\",\"https:\\\/\\\/www.instagram.com\\\/eyrignac\\\/\",\"https:\\\/\\\/www.pinterest.fr\\\/eyrignac\\\/\",\"https:\\\/\\\/www.youtube.com\\\/channel\\\/UCjWc47ArIew83eRXXjaBowg\"]},{\"@type\":\"Person\",\"@id\":\"https:\\\/\\\/www.eyrignac.com\\\/fr\\\/#\\\/schema\\\/person\\\/901d210a561794cfaa3ed8916bd242f9\",\"name\":\"Rachel Coudray\"}]}<\/script>\n<!-- \/ Yoast SEO plugin. -->","yoast_head_json":{"title":"\u00ab Jardinier d\u2019un jour \u00bb : vivez une exp\u00e9rience immersive \u00e0 Eyrignac","description":"Eyrignac propose \u00e0 tous les amateurs de jardins et de jardinage de vivre une exp\u00e9rience d\u2019un nouveau type : \u00ab Jardinier d\u2019un jour \u00bb","robots":{"index":"index","follow":"follow","max-snippet":"max-snippet:-1","max-image-preview":"max-image-preview:large","max-video-preview":"max-video-preview:-1"},"canonical":"https:\/\/www.eyrignac.com\/fr\/actualites\/jardinier-un-jour-eyrignac-et-ses-jardins","og_locale":"fr_FR","og_type":"article","og_title":"\u00ab Jardinier d\u2019un jour \u00bb : vivez une exp\u00e9rience immersive \u00e0 Eyrignac","og_description":"Eyrignac propose \u00e0 tous les amateurs de jardins et de jardinage de vivre une exp\u00e9rience d\u2019un nouveau type : \u00ab Jardinier d\u2019un jour \u00bb","og_url":"https:\/\/www.eyrignac.com\/fr\/actualites\/jardinier-un-jour-eyrignac-et-ses-jardins","og_site_name":"Eyrignac et ses jardins","article_publisher":"https:\/\/www.facebook.com\/JardinsEyrignac\/","article_published_time":"2026-01-02T16:20:12+00:00","article_modified_time":"2026-01-30T11:36:36+00:00","og_image":[{"width":2048,"height":1536,"url":"https:\/\/www.eyrignac.com\/wp-content\/uploads\/2023\/02\/339392951_148619374824224_2356495677242737082_n.jpg","type":"image\/jpeg"}],"author":"Rachel Coudray","twitter_card":"summary_large_image","twitter_creator":"@eyrignac","twitter_site":"@eyrignac","twitter_misc":{"\u00c9crit par":"Rachel Coudray","Dur\u00e9e de lecture estim\u00e9e":"3 minutes"},"schema":{"@context":"https:\/\/schema.org","@graph":[{"@type":"Article","@id":"https:\/\/www.eyrignac.com\/fr\/actualites\/jardinier-un-jour-eyrignac-et-ses-jardins#article","isPartOf":{"@id":"https:\/\/www.eyrignac.com\/fr\/actualites\/jardinier-un-jour-eyrignac-et-ses-jardins"},"author":{"name":"Rachel Coudray","@id":"https:\/\/www.eyrignac.com\/fr\/#\/schema\/person\/901d210a561794cfaa3ed8916bd242f9"},"headline":"\u00ab Jardinier d\u2019un jour \u00bb : vivez une exp\u00e9rience immersive \u00e0 Eyrignac","datePublished":"2026-01-02T16:20:12+00:00","dateModified":"2026-01-30T11:36:36+00:00","mainEntityOfPage":{"@id":"https:\/\/www.eyrignac.com\/fr\/actualites\/jardinier-un-jour-eyrignac-et-ses-jardins"},"wordCount":559,"publisher":{"@id":"https:\/\/www.eyrignac.com\/fr\/#organization"},"image":{"@id":"https:\/\/www.eyrignac.com\/fr\/actualites\/jardinier-un-jour-eyrignac-et-ses-jardins#primaryimage"},"thumbnailUrl":"https:\/\/www.eyrignac.com\/wp-content\/uploads\/2023\/02\/339392951_148619374824224_2356495677242737082_n.jpg","articleSection":["Actualit\u00e9s"],"inLanguage":"fr-FR"},{"@type":"WebPage","@id":"https:\/\/www.eyrignac.com\/fr\/actualites\/jardinier-un-jour-eyrignac-et-ses-jardins","url":"https:\/\/www.eyrignac.com\/fr\/actualites\/jardinier-un-jour-eyrignac-et-ses-jardins","name":"\u00ab Jardinier d\u2019un jour \u00bb : vivez une exp\u00e9rience immersive \u00e0 Eyrignac","isPartOf":{"@id":"https:\/\/www.eyrignac.com\/fr\/#website"},"primaryImageOfPage":{"@id":"https:\/\/www.eyrignac.com\/fr\/actualites\/jardinier-un-jour-eyrignac-et-ses-jardins#primaryimage"},"image":{"@id":"https:\/\/www.eyrignac.com\/fr\/actualites\/jardinier-un-jour-eyrignac-et-ses-jardins#primaryimage"},"thumbnailUrl":"https:\/\/www.eyrignac.com\/wp-content\/uploads\/2023\/02\/339392951_148619374824224_2356495677242737082_n.jpg","datePublished":"2026-01-02T16:20:12+00:00","dateModified":"2026-01-30T11:36:36+00:00","description":"Eyrignac propose \u00e0 tous les amateurs de jardins et de jardinage de vivre une exp\u00e9rience d\u2019un nouveau type : \u00ab Jardinier d\u2019un jour \u00bb","breadcrumb":{"@id":"https:\/\/www.eyrignac.com\/fr\/actualites\/jardinier-un-jour-eyrignac-et-ses-jardins#breadcrumb"},"inLanguage":"fr-FR","potentialAction":[{"@type":"ReadAction","target":["https:\/\/www.eyrignac.com\/fr\/actualites\/jardinier-un-jour-eyrignac-et-ses-jardins"]}]},{"@type":"ImageObject","inLanguage":"fr-FR","@id":"https:\/\/www.eyrignac.com\/fr\/actualites\/jardinier-un-jour-eyrignac-et-ses-jardins#primaryimage","url":"https:\/\/www.eyrignac.com\/wp-content\/uploads\/2023\/02\/339392951_148619374824224_2356495677242737082_n.jpg","contentUrl":"https:\/\/www.eyrignac.com\/wp-content\/uploads\/2023\/02\/339392951_148619374824224_2356495677242737082_n.jpg","width":2048,"height":1536,"caption":"Jardinier d'un Jour"},{"@type":"BreadcrumbList","@id":"https:\/\/www.eyrignac.com\/fr\/actualites\/jardinier-un-jour-eyrignac-et-ses-jardins#breadcrumb","itemListElement":[{"@type":"ListItem","position":1,"name":"Accueil","item":"https:\/\/www.eyrignac.com\/fr"},{"@type":"ListItem","position":2,"name":"\u00ab Jardinier d\u2019un jour \u00bb : vivez une exp\u00e9rience immersive \u00e0 Eyrignac"}]},{"@type":"WebSite","@id":"https:\/\/www.eyrignac.com\/fr\/#website","url":"https:\/\/www.eyrignac.com\/fr\/","name":"Eyrignac et ses jardins","description":"Lieu de verdure unique en Dordogne","publisher":{"@id":"https:\/\/www.eyrignac.com\/fr\/#organization"},"potentialAction":[{"@type":"SearchAction","target":{"@type":"EntryPoint","urlTemplate":"https:\/\/www.eyrignac.com\/fr\/?s={search_term_string}"},"query-input":{"@type":"PropertyValueSpecification","valueRequired":true,"valueName":"search_term_string"}}],"inLanguage":"fr-FR"},{"@type":"Organization","@id":"https:\/\/www.eyrignac.com\/fr\/#organization","name":"Eyrignac","url":"https:\/\/www.eyrignac.com\/fr\/","logo":{"@type":"ImageObject","inLanguage":"fr-FR","@id":"https:\/\/www.eyrignac.com\/fr\/#\/schema\/logo\/image\/","url":"https:\/\/www.eyrignac.com\/wp-content\/uploads\/2017\/12\/logo-eyrignac.png","contentUrl":"https:\/\/www.eyrignac.com\/wp-content\/uploads\/2017\/12\/logo-eyrignac.png","width":500,"height":189,"caption":"Eyrignac"},"image":{"@id":"https:\/\/www.eyrignac.com\/fr\/#\/schema\/logo\/image\/"},"sameAs":["https:\/\/www.facebook.com\/JardinsEyrignac\/","https:\/\/x.com\/eyrignac","https:\/\/www.instagram.com\/eyrignac\/","https:\/\/www.pinterest.fr\/eyrignac\/","https:\/\/www.youtube.com\/channel\/UCjWc47ArIew83eRXXjaBowg"]},{"@type":"Person","@id":"https:\/\/www.eyrignac.com\/fr\/#\/schema\/person\/901d210a561794cfaa3ed8916bd242f9","name":"Rachel Coudray"}]}},"_links":{"self":[{"href":"https:\/\/www.eyrignac.com\/fr\/wp-json\/wp\/v2\/posts\/5683","targetHints":{"allow":["GET"]}}],"collection":[{"href":"https:\/\/www.eyrignac.com\/fr\/wp-json\/wp\/v2\/posts"}],"about":[{"href":"https:\/\/www.eyrignac.com\/fr\/wp-json\/wp\/v2\/types\/post"}],"author":[{"embeddable":true,"href":"https:\/\/www.eyrignac.com\/fr\/wp-json\/wp\/v2\/users\/3"}],"replies":[{"embeddable":true,"href":"https:\/\/www.eyrignac.com\/fr\/wp-json\/wp\/v2\/comments?post=5683"}],"version-history":[{"count":4,"href":"https:\/\/www.eyrignac.com\/fr\/wp-json\/wp\/v2\/posts\/5683\/revisions"}],"predecessor-version":[{"id":12025,"href":"https:\/\/www.eyrignac.com\/fr\/wp-json\/wp\/v2\/posts\/5683\/revisions\/12025"}],"wp:featuredmedia":[{"embeddable":true,"href":"https:\/\/www.eyrignac.com\/fr\/wp-json\/wp\/v2\/media\/9164"}],"wp:attachment":[{"href":"https:\/\/www.eyrignac.com\/fr\/wp-json\/wp\/v2\/media?parent=5683"}],"wp:term":[{"taxonomy":"category","embeddable":true,"href":"https:\/\/www.eyrignac.com\/fr\/wp-json\/wp\/v2\/categories?post=5683"},{"taxonomy":"post_tag","embeddable":true,"href":"https:\/\/www.eyrignac.com\/fr\/wp-json\/wp\/v2\/tags?post=5683"}],"curies":[{"name":"wp","href":"https:\/\/api.w.org\/{rel}","templated":true}]}}