{"id":5573,"date":"2020-11-19T12:31:06","date_gmt":"2020-11-19T11:31:06","guid":{"rendered":"https:\/\/www.eyrignac.com\/?p=5573"},"modified":"2020-11-19T12:31:06","modified_gmt":"2020-11-19T11:31:06","slug":"liquidambar-jardins-eyrignac","status":"publish","type":"post","link":"https:\/\/www.eyrignac.com\/fr\/actualites\/liquidambar-jardins-eyrignac","title":{"rendered":"Le Liquidambar des jardins d\u2019Eyrignac"},"content":{"rendered":"<div class=\"wpb-content-wrapper\"><p>[vc_row][vc_column][vc_column_text]<strong>Les jardins d\u2019Eyrignac sont particuli\u00e8rement connus pour leur extraordinaire collection de topiaires taill\u00e9s \u00e0 la main. Mais les jardins rec\u00e8lent de nombreux tr\u00e9sors dont un sp\u00e9cimen de Liquidambar aussi connu sous le nom de Copalme d\u2019Am\u00e9rique, arbre remarquable au feuillage magnifique qui pla\u00eet tant aux cr\u00e9ateurs de jardins.<\/strong>[\/vc_column_text][vc_column_text]<\/p>\n<h2>Vert, or, cuivre, pourpre<\/h2>\n<p>Le <em>Liquidambar styraciflua<\/em> ou <em>Copalme d\u2019Am\u00e9rique<\/em> d\u2019Eyrignac a \u00e9t\u00e9 plant\u00e9 au cours des ann\u00e9es 1980 dans un endroit ensoleill\u00e9 des jardins. Cet arbre procure d\u00e8s les premi\u00e8res ann\u00e9es un plaisir visuel certain gr\u00e2ce \u00e0 son feuillage, d\u2019un vert affirm\u00e9 au printemps qui, \u00e0 l\u2019automne, vire \u00e0 l&rsquo;or puis au cuivr\u00e9 puis au pourpre. En hiver, le feuillage laisse place \u00e0 de petits fruits de forme sph\u00e9rique en \u00e9pis. Avec le temps, son tronc \u00e0 l\u2019\u00e9corce originale, creus\u00e9e, stri\u00e9e, avec des cr\u00eates li\u00e9geuses, s\u2019\u00e9l\u00e8ve et son feuillage produit une ombre tout \u00e0 fait agr\u00e9able en \u00e9t\u00e9.[\/vc_column_text][vc_row_inner][vc_column_inner][vc_media_grid element_width=\u00a0\u00bb6&Prime; grid_id=\u00a0\u00bbvc_gid:1605785370433-12e0fa15-0605-7&Prime; include=\u00a0\u00bb3301,5571&Prime;][\/vc_column_inner][\/vc_row_inner][vc_column_text]<\/p>\n<h2>Le Liquidambar, arbre d\u2019ornement<\/h2>\n<p>Parce qu&rsquo;il poss\u00e8de un ensemble de qualit\u00e9s ornementales, le Liquidambar est tr\u00e8s appr\u00e9ci\u00e9 des cr\u00e9ateurs de jardins. Originaire du sud-est des Etats-Unis ou du Mexique, son introduction en Europe date de 1681. On le retrouve d\u00e8s le XVIIIe si\u00e8cle dans les jardins anglais associ\u00e9s \u00e0 l\u2019\u00c9rable ou au Tulipier de Virginie par exemple. Son port majestueux et sa palette de couleurs font de cet arbre remarquable un \u00e9l\u00e9ment fort de la composition picturale des jardins paysagers.<br \/>\nDans son milieu d\u2019origine, le Liquidambar peut d\u00e9passer 40 m\u00e8tres de hauteur ; en Europe, il atteint en g\u00e9n\u00e9ral les 30 m\u00e8tres.<br \/>\nL\u2019appellation Liquidambar, qui vient de la s\u00e8ve ambr\u00e9e qui coule de son \u00e9corce, est une association du mot latin liquidus, liquide, et du mot arabe ambar, ambre. Sa long\u00e9vit\u00e9 est d\u2019en moyenne 150 ans ; le sp\u00e9cimen plant\u00e9 \u00e0 Eyrignac a donc encore de longues ann\u00e9es devant lui.<\/p>\n<p>Lors de votre prochaine visite des jardins d\u2019Eyrignac, prenez le temps d\u2019admirer cet arbre exceptionnel. Voici les indications donn\u00e9es par notre chef-jardinier pour le localiser : il est apr\u00e8s le d\u00e9part de visite, \u00e0 droite apr\u00e8s l&rsquo;all\u00e9e des Charmes, en descendant vers la Rotonde de verdure.[\/vc_column_text][\/vc_column][\/vc_row]<\/p>\n<\/div>","protected":false},"excerpt":{"rendered":"Les jardins rec\u00e8lent de nombreux tr\u00e9sors dont un sp\u00e9cimen de Liquidambar aussi connu sous le nom de Copalme d\u2019Am\u00e9rique, arbre remarquable au feuillage magnifique qui pla\u00eet tant aux cr\u00e9ateurs de jardins pour ses magnifiques couleurs.\r\n","protected":false},"author":3,"featured_media":5571,"comment_status":"open","ping_status":"open","sticky":false,"template":"","format":"standard","meta":{"_acf_changed":false,"footnotes":""},"categories":[5],"tags":[],"class_list":["post-5573","post","type-post","status-publish","format-standard","has-post-thumbnail","hentry","category-actualites"],"acf":[],"yoast_head":"<!-- This site is optimized with the Yoast SEO plugin v27.5 - https:\/\/yoast.com\/product\/yoast-seo-wordpress\/ -->\n<title>Le Liquidambar, arbre remarquable des jardins d&#039;Eyrignac<\/title>\n<meta name=\"description\" content=\"Avec son feuillage oscillant du vert au pourpre selon les saisons, le Liquidambar est l&#039;un des arbres remarquables des jardins d&#039;Eyrignac.\" \/>\n<meta name=\"robots\" content=\"index, follow, max-snippet:-1, max-image-preview:large, max-video-preview:-1\" \/>\n<link rel=\"canonical\" href=\"https:\/\/www.eyrignac.com\/fr\/actualites\/liquidambar-jardins-eyrignac\" \/>\n<meta property=\"og:locale\" content=\"fr_FR\" \/>\n<meta property=\"og:type\" content=\"article\" \/>\n<meta property=\"og:title\" content=\"Le Liquidambar, arbre remarquable des jardins d&#039;Eyrignac\" \/>\n<meta property=\"og:description\" content=\"Avec son feuillage oscillant du vert au pourpre selon les saisons, le Liquidambar est l&#039;un des arbres remarquables des jardins d&#039;Eyrignac.\" \/>\n<meta property=\"og:url\" content=\"https:\/\/www.eyrignac.com\/fr\/actualites\/liquidambar-jardins-eyrignac\" \/>\n<meta property=\"og:site_name\" content=\"Eyrignac et ses jardins\" \/>\n<meta property=\"article:publisher\" content=\"https:\/\/www.facebook.com\/JardinsEyrignac\/\" \/>\n<meta property=\"article:published_time\" content=\"2020-11-19T11:31:06+00:00\" \/>\n<meta property=\"og:image\" content=\"https:\/\/www.eyrignac.com\/wp-content\/uploads\/2020\/11\/eyrignac-liquidambar-novembre-2020.jpg\" \/>\n\t<meta property=\"og:image:width\" content=\"750\" \/>\n\t<meta property=\"og:image:height\" content=\"1000\" \/>\n\t<meta property=\"og:image:type\" content=\"image\/jpeg\" \/>\n<meta name=\"author\" content=\"Rachel Coudray\" \/>\n<meta name=\"twitter:card\" content=\"summary_large_image\" \/>\n<meta name=\"twitter:creator\" content=\"@eyrignac\" \/>\n<meta name=\"twitter:site\" content=\"@eyrignac\" \/>\n<meta name=\"twitter:label1\" content=\"\u00c9crit par\" \/>\n\t<meta name=\"twitter:data1\" content=\"Rachel Coudray\" \/>\n\t<meta name=\"twitter:label2\" content=\"Dur\u00e9e de lecture estim\u00e9e\" \/>\n\t<meta name=\"twitter:data2\" content=\"2 minutes\" \/>\n<script type=\"application\/ld+json\" class=\"yoast-schema-graph\">{\"@context\":\"https:\\\/\\\/schema.org\",\"@graph\":[{\"@type\":\"Article\",\"@id\":\"https:\\\/\\\/www.eyrignac.com\\\/fr\\\/actualites\\\/liquidambar-jardins-eyrignac#article\",\"isPartOf\":{\"@id\":\"https:\\\/\\\/www.eyrignac.com\\\/fr\\\/actualites\\\/liquidambar-jardins-eyrignac\"},\"author\":{\"name\":\"Rachel Coudray\",\"@id\":\"https:\\\/\\\/www.eyrignac.com\\\/fr\\\/#\\\/schema\\\/person\\\/901d210a561794cfaa3ed8916bd242f9\"},\"headline\":\"Le Liquidambar des jardins d\u2019Eyrignac\",\"datePublished\":\"2020-11-19T11:31:06+00:00\",\"mainEntityOfPage\":{\"@id\":\"https:\\\/\\\/www.eyrignac.com\\\/fr\\\/actualites\\\/liquidambar-jardins-eyrignac\"},\"wordCount\":447,\"commentCount\":0,\"publisher\":{\"@id\":\"https:\\\/\\\/www.eyrignac.com\\\/fr\\\/#organization\"},\"image\":{\"@id\":\"https:\\\/\\\/www.eyrignac.com\\\/fr\\\/actualites\\\/liquidambar-jardins-eyrignac#primaryimage\"},\"thumbnailUrl\":\"https:\\\/\\\/www.eyrignac.com\\\/wp-content\\\/uploads\\\/2020\\\/11\\\/eyrignac-liquidambar-novembre-2020.jpg\",\"articleSection\":[\"Actualit\u00e9s\"],\"inLanguage\":\"fr-FR\",\"potentialAction\":[{\"@type\":\"CommentAction\",\"name\":\"Comment\",\"target\":[\"https:\\\/\\\/www.eyrignac.com\\\/fr\\\/actualites\\\/liquidambar-jardins-eyrignac#respond\"]}]},{\"@type\":\"WebPage\",\"@id\":\"https:\\\/\\\/www.eyrignac.com\\\/fr\\\/actualites\\\/liquidambar-jardins-eyrignac\",\"url\":\"https:\\\/\\\/www.eyrignac.com\\\/fr\\\/actualites\\\/liquidambar-jardins-eyrignac\",\"name\":\"Le Liquidambar, arbre remarquable des jardins d'Eyrignac\",\"isPartOf\":{\"@id\":\"https:\\\/\\\/www.eyrignac.com\\\/fr\\\/#website\"},\"primaryImageOfPage\":{\"@id\":\"https:\\\/\\\/www.eyrignac.com\\\/fr\\\/actualites\\\/liquidambar-jardins-eyrignac#primaryimage\"},\"image\":{\"@id\":\"https:\\\/\\\/www.eyrignac.com\\\/fr\\\/actualites\\\/liquidambar-jardins-eyrignac#primaryimage\"},\"thumbnailUrl\":\"https:\\\/\\\/www.eyrignac.com\\\/wp-content\\\/uploads\\\/2020\\\/11\\\/eyrignac-liquidambar-novembre-2020.jpg\",\"datePublished\":\"2020-11-19T11:31:06+00:00\",\"description\":\"Avec son feuillage oscillant du vert au pourpre selon les saisons, le Liquidambar est l'un des arbres remarquables des jardins d'Eyrignac.\",\"breadcrumb\":{\"@id\":\"https:\\\/\\\/www.eyrignac.com\\\/fr\\\/actualites\\\/liquidambar-jardins-eyrignac#breadcrumb\"},\"inLanguage\":\"fr-FR\",\"potentialAction\":[{\"@type\":\"ReadAction\",\"target\":[\"https:\\\/\\\/www.eyrignac.com\\\/fr\\\/actualites\\\/liquidambar-jardins-eyrignac\"]}]},{\"@type\":\"ImageObject\",\"inLanguage\":\"fr-FR\",\"@id\":\"https:\\\/\\\/www.eyrignac.com\\\/fr\\\/actualites\\\/liquidambar-jardins-eyrignac#primaryimage\",\"url\":\"https:\\\/\\\/www.eyrignac.com\\\/wp-content\\\/uploads\\\/2020\\\/11\\\/eyrignac-liquidambar-novembre-2020.jpg\",\"contentUrl\":\"https:\\\/\\\/www.eyrignac.com\\\/wp-content\\\/uploads\\\/2020\\\/11\\\/eyrignac-liquidambar-novembre-2020.jpg\",\"width\":750,\"height\":1000},{\"@type\":\"BreadcrumbList\",\"@id\":\"https:\\\/\\\/www.eyrignac.com\\\/fr\\\/actualites\\\/liquidambar-jardins-eyrignac#breadcrumb\",\"itemListElement\":[{\"@type\":\"ListItem\",\"position\":1,\"name\":\"Accueil\",\"item\":\"https:\\\/\\\/www.eyrignac.com\\\/fr\"},{\"@type\":\"ListItem\",\"position\":2,\"name\":\"Le Liquidambar des jardins d\u2019Eyrignac\"}]},{\"@type\":\"WebSite\",\"@id\":\"https:\\\/\\\/www.eyrignac.com\\\/fr\\\/#website\",\"url\":\"https:\\\/\\\/www.eyrignac.com\\\/fr\\\/\",\"name\":\"Eyrignac et ses jardins\",\"description\":\"Lieu de verdure unique en Dordogne\",\"publisher\":{\"@id\":\"https:\\\/\\\/www.eyrignac.com\\\/fr\\\/#organization\"},\"potentialAction\":[{\"@type\":\"SearchAction\",\"target\":{\"@type\":\"EntryPoint\",\"urlTemplate\":\"https:\\\/\\\/www.eyrignac.com\\\/fr\\\/?s={search_term_string}\"},\"query-input\":{\"@type\":\"PropertyValueSpecification\",\"valueRequired\":true,\"valueName\":\"search_term_string\"}}],\"inLanguage\":\"fr-FR\"},{\"@type\":\"Organization\",\"@id\":\"https:\\\/\\\/www.eyrignac.com\\\/fr\\\/#organization\",\"name\":\"Eyrignac\",\"url\":\"https:\\\/\\\/www.eyrignac.com\\\/fr\\\/\",\"logo\":{\"@type\":\"ImageObject\",\"inLanguage\":\"fr-FR\",\"@id\":\"https:\\\/\\\/www.eyrignac.com\\\/fr\\\/#\\\/schema\\\/logo\\\/image\\\/\",\"url\":\"https:\\\/\\\/www.eyrignac.com\\\/wp-content\\\/uploads\\\/2017\\\/12\\\/logo-eyrignac.png\",\"contentUrl\":\"https:\\\/\\\/www.eyrignac.com\\\/wp-content\\\/uploads\\\/2017\\\/12\\\/logo-eyrignac.png\",\"width\":500,\"height\":189,\"caption\":\"Eyrignac\"},\"image\":{\"@id\":\"https:\\\/\\\/www.eyrignac.com\\\/fr\\\/#\\\/schema\\\/logo\\\/image\\\/\"},\"sameAs\":[\"https:\\\/\\\/www.facebook.com\\\/JardinsEyrignac\\\/\",\"https:\\\/\\\/x.com\\\/eyrignac\",\"https:\\\/\\\/www.instagram.com\\\/eyrignac\\\/\",\"https:\\\/\\\/www.pinterest.fr\\\/eyrignac\\\/\",\"https:\\\/\\\/www.youtube.com\\\/channel\\\/UCjWc47ArIew83eRXXjaBowg\"]},{\"@type\":\"Person\",\"@id\":\"https:\\\/\\\/www.eyrignac.com\\\/fr\\\/#\\\/schema\\\/person\\\/901d210a561794cfaa3ed8916bd242f9\",\"name\":\"Rachel Coudray\"}]}<\/script>\n<!-- \/ Yoast SEO plugin. -->","yoast_head_json":{"title":"Le Liquidambar, arbre remarquable des jardins d'Eyrignac","description":"Avec son feuillage oscillant du vert au pourpre selon les saisons, le Liquidambar est l'un des arbres remarquables des jardins d'Eyrignac.","robots":{"index":"index","follow":"follow","max-snippet":"max-snippet:-1","max-image-preview":"max-image-preview:large","max-video-preview":"max-video-preview:-1"},"canonical":"https:\/\/www.eyrignac.com\/fr\/actualites\/liquidambar-jardins-eyrignac","og_locale":"fr_FR","og_type":"article","og_title":"Le Liquidambar, arbre remarquable des jardins d'Eyrignac","og_description":"Avec son feuillage oscillant du vert au pourpre selon les saisons, le Liquidambar est l'un des arbres remarquables des jardins d'Eyrignac.","og_url":"https:\/\/www.eyrignac.com\/fr\/actualites\/liquidambar-jardins-eyrignac","og_site_name":"Eyrignac et ses jardins","article_publisher":"https:\/\/www.facebook.com\/JardinsEyrignac\/","article_published_time":"2020-11-19T11:31:06+00:00","og_image":[{"width":750,"height":1000,"url":"https:\/\/www.eyrignac.com\/wp-content\/uploads\/2020\/11\/eyrignac-liquidambar-novembre-2020.jpg","type":"image\/jpeg"}],"author":"Rachel Coudray","twitter_card":"summary_large_image","twitter_creator":"@eyrignac","twitter_site":"@eyrignac","twitter_misc":{"\u00c9crit par":"Rachel Coudray","Dur\u00e9e de lecture estim\u00e9e":"2 minutes"},"schema":{"@context":"https:\/\/schema.org","@graph":[{"@type":"Article","@id":"https:\/\/www.eyrignac.com\/fr\/actualites\/liquidambar-jardins-eyrignac#article","isPartOf":{"@id":"https:\/\/www.eyrignac.com\/fr\/actualites\/liquidambar-jardins-eyrignac"},"author":{"name":"Rachel Coudray","@id":"https:\/\/www.eyrignac.com\/fr\/#\/schema\/person\/901d210a561794cfaa3ed8916bd242f9"},"headline":"Le Liquidambar des jardins d\u2019Eyrignac","datePublished":"2020-11-19T11:31:06+00:00","mainEntityOfPage":{"@id":"https:\/\/www.eyrignac.com\/fr\/actualites\/liquidambar-jardins-eyrignac"},"wordCount":447,"commentCount":0,"publisher":{"@id":"https:\/\/www.eyrignac.com\/fr\/#organization"},"image":{"@id":"https:\/\/www.eyrignac.com\/fr\/actualites\/liquidambar-jardins-eyrignac#primaryimage"},"thumbnailUrl":"https:\/\/www.eyrignac.com\/wp-content\/uploads\/2020\/11\/eyrignac-liquidambar-novembre-2020.jpg","articleSection":["Actualit\u00e9s"],"inLanguage":"fr-FR","potentialAction":[{"@type":"CommentAction","name":"Comment","target":["https:\/\/www.eyrignac.com\/fr\/actualites\/liquidambar-jardins-eyrignac#respond"]}]},{"@type":"WebPage","@id":"https:\/\/www.eyrignac.com\/fr\/actualites\/liquidambar-jardins-eyrignac","url":"https:\/\/www.eyrignac.com\/fr\/actualites\/liquidambar-jardins-eyrignac","name":"Le Liquidambar, arbre remarquable des jardins d'Eyrignac","isPartOf":{"@id":"https:\/\/www.eyrignac.com\/fr\/#website"},"primaryImageOfPage":{"@id":"https:\/\/www.eyrignac.com\/fr\/actualites\/liquidambar-jardins-eyrignac#primaryimage"},"image":{"@id":"https:\/\/www.eyrignac.com\/fr\/actualites\/liquidambar-jardins-eyrignac#primaryimage"},"thumbnailUrl":"https:\/\/www.eyrignac.com\/wp-content\/uploads\/2020\/11\/eyrignac-liquidambar-novembre-2020.jpg","datePublished":"2020-11-19T11:31:06+00:00","description":"Avec son feuillage oscillant du vert au pourpre selon les saisons, le Liquidambar est l'un des arbres remarquables des jardins d'Eyrignac.","breadcrumb":{"@id":"https:\/\/www.eyrignac.com\/fr\/actualites\/liquidambar-jardins-eyrignac#breadcrumb"},"inLanguage":"fr-FR","potentialAction":[{"@type":"ReadAction","target":["https:\/\/www.eyrignac.com\/fr\/actualites\/liquidambar-jardins-eyrignac"]}]},{"@type":"ImageObject","inLanguage":"fr-FR","@id":"https:\/\/www.eyrignac.com\/fr\/actualites\/liquidambar-jardins-eyrignac#primaryimage","url":"https:\/\/www.eyrignac.com\/wp-content\/uploads\/2020\/11\/eyrignac-liquidambar-novembre-2020.jpg","contentUrl":"https:\/\/www.eyrignac.com\/wp-content\/uploads\/2020\/11\/eyrignac-liquidambar-novembre-2020.jpg","width":750,"height":1000},{"@type":"BreadcrumbList","@id":"https:\/\/www.eyrignac.com\/fr\/actualites\/liquidambar-jardins-eyrignac#breadcrumb","itemListElement":[{"@type":"ListItem","position":1,"name":"Accueil","item":"https:\/\/www.eyrignac.com\/fr"},{"@type":"ListItem","position":2,"name":"Le Liquidambar des jardins d\u2019Eyrignac"}]},{"@type":"WebSite","@id":"https:\/\/www.eyrignac.com\/fr\/#website","url":"https:\/\/www.eyrignac.com\/fr\/","name":"Eyrignac et ses jardins","description":"Lieu de verdure unique en Dordogne","publisher":{"@id":"https:\/\/www.eyrignac.com\/fr\/#organization"},"potentialAction":[{"@type":"SearchAction","target":{"@type":"EntryPoint","urlTemplate":"https:\/\/www.eyrignac.com\/fr\/?s={search_term_string}"},"query-input":{"@type":"PropertyValueSpecification","valueRequired":true,"valueName":"search_term_string"}}],"inLanguage":"fr-FR"},{"@type":"Organization","@id":"https:\/\/www.eyrignac.com\/fr\/#organization","name":"Eyrignac","url":"https:\/\/www.eyrignac.com\/fr\/","logo":{"@type":"ImageObject","inLanguage":"fr-FR","@id":"https:\/\/www.eyrignac.com\/fr\/#\/schema\/logo\/image\/","url":"https:\/\/www.eyrignac.com\/wp-content\/uploads\/2017\/12\/logo-eyrignac.png","contentUrl":"https:\/\/www.eyrignac.com\/wp-content\/uploads\/2017\/12\/logo-eyrignac.png","width":500,"height":189,"caption":"Eyrignac"},"image":{"@id":"https:\/\/www.eyrignac.com\/fr\/#\/schema\/logo\/image\/"},"sameAs":["https:\/\/www.facebook.com\/JardinsEyrignac\/","https:\/\/x.com\/eyrignac","https:\/\/www.instagram.com\/eyrignac\/","https:\/\/www.pinterest.fr\/eyrignac\/","https:\/\/www.youtube.com\/channel\/UCjWc47ArIew83eRXXjaBowg"]},{"@type":"Person","@id":"https:\/\/www.eyrignac.com\/fr\/#\/schema\/person\/901d210a561794cfaa3ed8916bd242f9","name":"Rachel Coudray"}]}},"_links":{"self":[{"href":"https:\/\/www.eyrignac.com\/fr\/wp-json\/wp\/v2\/posts\/5573","targetHints":{"allow":["GET"]}}],"collection":[{"href":"https:\/\/www.eyrignac.com\/fr\/wp-json\/wp\/v2\/posts"}],"about":[{"href":"https:\/\/www.eyrignac.com\/fr\/wp-json\/wp\/v2\/types\/post"}],"author":[{"embeddable":true,"href":"https:\/\/www.eyrignac.com\/fr\/wp-json\/wp\/v2\/users\/3"}],"replies":[{"embeddable":true,"href":"https:\/\/www.eyrignac.com\/fr\/wp-json\/wp\/v2\/comments?post=5573"}],"version-history":[{"count":0,"href":"https:\/\/www.eyrignac.com\/fr\/wp-json\/wp\/v2\/posts\/5573\/revisions"}],"wp:featuredmedia":[{"embeddable":true,"href":"https:\/\/www.eyrignac.com\/fr\/wp-json\/wp\/v2\/media\/5571"}],"wp:attachment":[{"href":"https:\/\/www.eyrignac.com\/fr\/wp-json\/wp\/v2\/media?parent=5573"}],"wp:term":[{"taxonomy":"category","embeddable":true,"href":"https:\/\/www.eyrignac.com\/fr\/wp-json\/wp\/v2\/categories?post=5573"},{"taxonomy":"post_tag","embeddable":true,"href":"https:\/\/www.eyrignac.com\/fr\/wp-json\/wp\/v2\/tags?post=5573"}],"curies":[{"name":"wp","href":"https:\/\/api.w.org\/{rel}","templated":true}]}}