{"id":5219,"date":"2020-06-25T12:06:23","date_gmt":"2020-06-25T10:06:23","guid":{"rendered":"https:\/\/www.eyrignac.com\/?p=5219"},"modified":"2025-01-02T09:34:28","modified_gmt":"2025-01-02T08:34:28","slug":"eyrignac-et-la-rose","status":"publish","type":"post","link":"https:\/\/www.eyrignac.com\/fr\/actualites\/eyrignac-et-la-rose","title":{"rendered":"Eyrignac et la rose"},"content":{"rendered":"<div class=\"wpb-content-wrapper\"><p>[vc_row][vc_column][vc_column_text]<strong>Dans les jardins d\u2019Eyrignac, il n\u2019y a pas que des topiaires, loin de l\u00e0, il y a \u00e9galement de nombreuses fleurs et parmi ces fleurs, la rose est reine. Le Jardin Blanc, avec ses 540 rosiers, est son royaume. Si vous vous promenez dans le Jardin Blanc, vous pourrez admirer la rose blanche dans toute sa majest\u00e9 et en humer le doux parfum. Mais la rose d\u2019Eyrignac peut s\u2019appr\u00e9cier sous bien d\u2019autres formes\u2026<\/strong>[\/vc_column_text][\/vc_column][\/vc_row][vc_row][vc_column][vc_media_grid element_width=\u00a0\u00bb3&Prime; grid_id=\u00a0\u00bbvc_gid:1593079588024-b72a2d17-49a2-6&Prime; include=\u00a0\u00bb1548,573,5113,5107&Prime;][vc_column_text]<\/p>\n<h3>Le Jardin Blanc, la roseraie d\u2019Eyrignac<\/h3>\n<p>Lorsque Gilles Sermadiras cr\u00e9e le <a href=\"https:\/\/www.eyrignac.com\/fr\/decouvrir-les-jardins-eyrignac\/le-jardin-blanc-eyrignac\">Jardin Blanc<\/a>, il y a maintenant 20 ans, il concr\u00e9tise le projet d\u2019avoir un jardin \u00e0 part, toujours dans l\u2019esprit \u00e9pur\u00e9 de ses am\u00e9nagements pr\u00e9c\u00e9dents, mais cette fois, par\u00e9 de milliers de fleurs blanches et principalement de roses blanches. Imaginait-il que le Jardin Blanc deviendrait l\u2019un des lieux pr\u00e9f\u00e9r\u00e9s des visiteurs ? Sans doute cela est-il d\u00fb \u00e0 la qui\u00e9tude qui y r\u00e8gne, au formidable panorama sur les paysages de Dordogne dont on peut jouir depuis ce point de vue, \u00e0 l\u2019harmonie entre le v\u00e9g\u00e9tal, l\u2019aquatique, l\u2019a\u00e9rien et le terrien, aux magnifiques lumi\u00e8res matinales et vesp\u00e9rales qui baignent ce jardin. Et puis, bien s\u00fbr, il y a la rose, ou plut\u00f4t les roses, buissonnantes, grimpantes, en guirlandes. 540 rosiers r\u00e9unis dans le Jardin Blanc aussi d\u00e9nomm\u00e9, la Roseraie d\u2019Eyrignac.<br \/>\nSi vous souhaitez enivrez vos sens dans le Jardin Blanc, nous ne pouvons que vous conseiller de faire notre nouvelle <a href=\"https:\/\/www.eyrignac.com\/fr\/actualites\/decouverte-sensorielle-jardins-eyrignac-serenite-deconnexion-paradis-verdure\">d\u00e9couverte sensorielle<\/a> qui vous accompagnera dans cette approche in\u00e9dite des Jardins d\u2019Eyrignac. Demandez le support de visite \u00e0 l\u2019accueil ou t\u00e9l\u00e9chargez-le depuis notre site.<br \/>\nEn hommage \u00e0 ce jardin extraordinaire, des produits ont \u00e9t\u00e9 cr\u00e9\u00e9s pour permettre au visiteur de profiter pleinement des roses d\u2019Eyrignac et ses Jardins de mani\u00e8res diff\u00e9rentes.[\/vc_column_text][\/vc_column][\/vc_row][vc_row][vc_column width=\u00a0\u00bb1\/2&Prime;][vc_empty_space][vc_column_text]<img decoding=\"async\" width=\"1000\" height=\"1000\" class=\"aligncenter size-full wp-image-5225\" src=\"https:\/\/www.eyrignac.com\/wp-content\/uploads\/2020\/06\/eyrignac_glace_rose.jpg\" alt=\"Glace \u00e0 la rose inspir\u00e9e d'Eyrignac et ses Jardins par le ma\u00eetre artisan glacier Roland Manouvrier\" srcset=\"https:\/\/www.eyrignac.com\/wp-content\/uploads\/2020\/06\/eyrignac_glace_rose.jpg 1000w, https:\/\/www.eyrignac.com\/wp-content\/uploads\/2020\/06\/eyrignac_glace_rose-400x400.jpg 400w, https:\/\/www.eyrignac.com\/wp-content\/uploads\/2020\/06\/eyrignac_glace_rose-100x100.jpg 100w, https:\/\/www.eyrignac.com\/wp-content\/uploads\/2020\/06\/eyrignac_glace_rose-450x450.jpg 450w, https:\/\/www.eyrignac.com\/wp-content\/uploads\/2020\/06\/eyrignac_glace_rose-150x150.jpg 150w, https:\/\/www.eyrignac.com\/wp-content\/uploads\/2020\/06\/eyrignac_glace_rose-768x768.jpg 768w\" sizes=\"(max-width: 1000px) 100vw, 1000px\" \/>[\/vc_column_text][\/vc_column][vc_column width=\u00a0\u00bb1\/2&Prime;][vc_column_text]<\/p>\n<h3>Ar\u00f4mes de roses d\u2019Eyrignac : Glace aux p\u00e9tales de rose, th\u00e9 glac\u00e9 et bougie parfum\u00e9e<\/h3>\n<p>Avez-vous d\u00e9j\u00e0 go\u00fbt\u00e9 la somptueuse cr\u00e8me glac\u00e9e \u00ab\u00a0P\u00e9tale de rose d&rsquo;Eyrignac\u00a0\u00bb du <a href=\"https:\/\/parfumsdeglace.fr\/\" target=\"_blank\" rel=\"noopener noreferrer\">ma\u00eetre artisan glacier Roland Manouvrier<\/a> ? Cette glace vous charmera le nez et les papilles par son puissant go\u00fbt de roses obtenu par une distillation de rose de Damas \u00ab\u00a0damascena\u00a0\u00bb et soutenu par des p\u00e9tales de roses cueillis dans le Jardin Blanc d\u2019Eyrignac savamment cristallis\u00e9s. Une alliance merveilleuse de douceur et de craquant \u00e0 d\u00e9guster au salon de th\u00e9 d\u2019Eyrignac \u201cC\u00f4t\u00e9 Jardins\u201d avant ou apr\u00e8s votre visite du jardin.<br \/>\nDans la boutique d\u2019Eyrignac ou sur la <a href=\"https:\/\/www.eyrignac.com\/fr\/boutique\" target=\"_blank\" rel=\"noopener noreferrer\">boutique en ligne<\/a>, vous trouverez aussi 2 produits qui vous donneront l\u2019impression d\u2019avoir emmen\u00e9 un peu du Jardin Blanc avec vous pour en profiter \u00e0 volont\u00e9 : le th\u00e9 glac\u00e9 \u201cJardin Blanc\u201d, m\u00e9lange floral de th\u00e9 noir, de p\u00e9tales de rose, d\u2019hibiscus, de cynorrhodon, de zestes, de fruits s\u00e9ch\u00e9s et de pomme \u00e0 associer \u00e0 la bougie \u201cVol de jour\u201d r\u00e9alis\u00e9e par les Bougistes sur la base des senteurs d\u00e9licates des fleurs blanches du Jardin Blanc.[\/vc_column_text][\/vc_column][\/vc_row]<\/p>\n<\/div>","protected":false},"excerpt":{"rendered":"Dans les jardins d\u2019Eyrignac, il y a de nombreuses fleurs et parmi ces fleurs, la rose est reine. Le Jardin Blanc est son royaume. Si vous vous y promenez, vous pourrez admirer la rose blanche dans toute sa majest\u00e9 et en humer le doux parfum. Mais la rose d\u2019Eyrignac peut s\u2019appr\u00e9cier sous bien d\u2019autres formes\u2026","protected":false},"author":3,"featured_media":5225,"comment_status":"closed","ping_status":"open","sticky":false,"template":"","format":"standard","meta":{"_acf_changed":false,"footnotes":""},"categories":[5],"tags":[],"class_list":["post-5219","post","type-post","status-publish","format-standard","has-post-thumbnail","hentry","category-actualites"],"acf":[],"yoast_head":"<!-- This site is optimized with the Yoast SEO plugin v27.5 - https:\/\/yoast.com\/product\/yoast-seo-wordpress\/ -->\n<title>Eyrignac et la rose - Eyrignac et ses jardins<\/title>\n<meta name=\"description\" content=\"Dans les jardins d\u2019Eyrignac, il y a de nombreuses fleurs et parmi ces fleurs, la rose est reine. Le Jardin Blanc, avec ses 540 rosiers, est son royaume.\" \/>\n<meta name=\"robots\" content=\"index, follow, max-snippet:-1, max-image-preview:large, max-video-preview:-1\" \/>\n<link rel=\"canonical\" href=\"https:\/\/www.eyrignac.com\/fr\/actualites\/eyrignac-et-la-rose\" \/>\n<meta property=\"og:locale\" content=\"fr_FR\" \/>\n<meta property=\"og:type\" content=\"article\" \/>\n<meta property=\"og:title\" content=\"Eyrignac et la rose - Eyrignac et ses jardins\" \/>\n<meta property=\"og:description\" content=\"Dans les jardins d\u2019Eyrignac, il y a de nombreuses fleurs et parmi ces fleurs, la rose est reine. Le Jardin Blanc, avec ses 540 rosiers, est son royaume.\" \/>\n<meta property=\"og:url\" content=\"https:\/\/www.eyrignac.com\/fr\/actualites\/eyrignac-et-la-rose\" \/>\n<meta property=\"og:site_name\" content=\"Eyrignac et ses jardins\" \/>\n<meta property=\"article:publisher\" content=\"https:\/\/www.facebook.com\/JardinsEyrignac\/\" \/>\n<meta property=\"article:published_time\" content=\"2020-06-25T10:06:23+00:00\" \/>\n<meta property=\"article:modified_time\" content=\"2025-01-02T08:34:28+00:00\" \/>\n<meta property=\"og:image\" content=\"https:\/\/www.eyrignac.com\/wp-content\/uploads\/2020\/06\/eyrignac_glace_rose.jpg\" \/>\n\t<meta property=\"og:image:width\" content=\"1000\" \/>\n\t<meta property=\"og:image:height\" content=\"1000\" \/>\n\t<meta property=\"og:image:type\" content=\"image\/jpeg\" \/>\n<meta name=\"author\" content=\"Rachel Coudray\" \/>\n<meta name=\"twitter:card\" content=\"summary_large_image\" \/>\n<meta name=\"twitter:creator\" content=\"@eyrignac\" \/>\n<meta name=\"twitter:site\" content=\"@eyrignac\" \/>\n<meta name=\"twitter:label1\" content=\"\u00c9crit par\" \/>\n\t<meta name=\"twitter:data1\" content=\"Rachel Coudray\" \/>\n\t<meta name=\"twitter:label2\" content=\"Dur\u00e9e de lecture estim\u00e9e\" \/>\n\t<meta name=\"twitter:data2\" content=\"3 minutes\" \/>\n<script type=\"application\/ld+json\" class=\"yoast-schema-graph\">{\"@context\":\"https:\\\/\\\/schema.org\",\"@graph\":[{\"@type\":\"Article\",\"@id\":\"https:\\\/\\\/www.eyrignac.com\\\/fr\\\/actualites\\\/eyrignac-et-la-rose#article\",\"isPartOf\":{\"@id\":\"https:\\\/\\\/www.eyrignac.com\\\/fr\\\/actualites\\\/eyrignac-et-la-rose\"},\"author\":{\"name\":\"Rachel Coudray\",\"@id\":\"https:\\\/\\\/www.eyrignac.com\\\/fr\\\/#\\\/schema\\\/person\\\/901d210a561794cfaa3ed8916bd242f9\"},\"headline\":\"Eyrignac et la rose\",\"datePublished\":\"2020-06-25T10:06:23+00:00\",\"dateModified\":\"2025-01-02T08:34:28+00:00\",\"mainEntityOfPage\":{\"@id\":\"https:\\\/\\\/www.eyrignac.com\\\/fr\\\/actualites\\\/eyrignac-et-la-rose\"},\"wordCount\":596,\"publisher\":{\"@id\":\"https:\\\/\\\/www.eyrignac.com\\\/fr\\\/#organization\"},\"image\":{\"@id\":\"https:\\\/\\\/www.eyrignac.com\\\/fr\\\/actualites\\\/eyrignac-et-la-rose#primaryimage\"},\"thumbnailUrl\":\"https:\\\/\\\/www.eyrignac.com\\\/wp-content\\\/uploads\\\/2020\\\/06\\\/eyrignac_glace_rose.jpg\",\"articleSection\":[\"Actualit\u00e9s\"],\"inLanguage\":\"fr-FR\"},{\"@type\":\"WebPage\",\"@id\":\"https:\\\/\\\/www.eyrignac.com\\\/fr\\\/actualites\\\/eyrignac-et-la-rose\",\"url\":\"https:\\\/\\\/www.eyrignac.com\\\/fr\\\/actualites\\\/eyrignac-et-la-rose\",\"name\":\"Eyrignac et la rose - Eyrignac et ses jardins\",\"isPartOf\":{\"@id\":\"https:\\\/\\\/www.eyrignac.com\\\/fr\\\/#website\"},\"primaryImageOfPage\":{\"@id\":\"https:\\\/\\\/www.eyrignac.com\\\/fr\\\/actualites\\\/eyrignac-et-la-rose#primaryimage\"},\"image\":{\"@id\":\"https:\\\/\\\/www.eyrignac.com\\\/fr\\\/actualites\\\/eyrignac-et-la-rose#primaryimage\"},\"thumbnailUrl\":\"https:\\\/\\\/www.eyrignac.com\\\/wp-content\\\/uploads\\\/2020\\\/06\\\/eyrignac_glace_rose.jpg\",\"datePublished\":\"2020-06-25T10:06:23+00:00\",\"dateModified\":\"2025-01-02T08:34:28+00:00\",\"description\":\"Dans les jardins d\u2019Eyrignac, il y a de nombreuses fleurs et parmi ces fleurs, la rose est reine. Le Jardin Blanc, avec ses 540 rosiers, est son royaume.\",\"breadcrumb\":{\"@id\":\"https:\\\/\\\/www.eyrignac.com\\\/fr\\\/actualites\\\/eyrignac-et-la-rose#breadcrumb\"},\"inLanguage\":\"fr-FR\",\"potentialAction\":[{\"@type\":\"ReadAction\",\"target\":[\"https:\\\/\\\/www.eyrignac.com\\\/fr\\\/actualites\\\/eyrignac-et-la-rose\"]}]},{\"@type\":\"ImageObject\",\"inLanguage\":\"fr-FR\",\"@id\":\"https:\\\/\\\/www.eyrignac.com\\\/fr\\\/actualites\\\/eyrignac-et-la-rose#primaryimage\",\"url\":\"https:\\\/\\\/www.eyrignac.com\\\/wp-content\\\/uploads\\\/2020\\\/06\\\/eyrignac_glace_rose.jpg\",\"contentUrl\":\"https:\\\/\\\/www.eyrignac.com\\\/wp-content\\\/uploads\\\/2020\\\/06\\\/eyrignac_glace_rose.jpg\",\"width\":1000,\"height\":1000,\"caption\":\"Glace \u00e0 la rose inspir\u00e9e d'Eyrignac et ses Jardins par le ma\u00eetre artisan glacier Roland Manouvrier\"},{\"@type\":\"BreadcrumbList\",\"@id\":\"https:\\\/\\\/www.eyrignac.com\\\/fr\\\/actualites\\\/eyrignac-et-la-rose#breadcrumb\",\"itemListElement\":[{\"@type\":\"ListItem\",\"position\":1,\"name\":\"Accueil\",\"item\":\"https:\\\/\\\/www.eyrignac.com\\\/fr\"},{\"@type\":\"ListItem\",\"position\":2,\"name\":\"Eyrignac et la rose\"}]},{\"@type\":\"WebSite\",\"@id\":\"https:\\\/\\\/www.eyrignac.com\\\/fr\\\/#website\",\"url\":\"https:\\\/\\\/www.eyrignac.com\\\/fr\\\/\",\"name\":\"Eyrignac et ses jardins\",\"description\":\"Lieu de verdure unique en Dordogne\",\"publisher\":{\"@id\":\"https:\\\/\\\/www.eyrignac.com\\\/fr\\\/#organization\"},\"potentialAction\":[{\"@type\":\"SearchAction\",\"target\":{\"@type\":\"EntryPoint\",\"urlTemplate\":\"https:\\\/\\\/www.eyrignac.com\\\/fr\\\/?s={search_term_string}\"},\"query-input\":{\"@type\":\"PropertyValueSpecification\",\"valueRequired\":true,\"valueName\":\"search_term_string\"}}],\"inLanguage\":\"fr-FR\"},{\"@type\":\"Organization\",\"@id\":\"https:\\\/\\\/www.eyrignac.com\\\/fr\\\/#organization\",\"name\":\"Eyrignac\",\"url\":\"https:\\\/\\\/www.eyrignac.com\\\/fr\\\/\",\"logo\":{\"@type\":\"ImageObject\",\"inLanguage\":\"fr-FR\",\"@id\":\"https:\\\/\\\/www.eyrignac.com\\\/fr\\\/#\\\/schema\\\/logo\\\/image\\\/\",\"url\":\"https:\\\/\\\/www.eyrignac.com\\\/wp-content\\\/uploads\\\/2017\\\/12\\\/logo-eyrignac.png\",\"contentUrl\":\"https:\\\/\\\/www.eyrignac.com\\\/wp-content\\\/uploads\\\/2017\\\/12\\\/logo-eyrignac.png\",\"width\":500,\"height\":189,\"caption\":\"Eyrignac\"},\"image\":{\"@id\":\"https:\\\/\\\/www.eyrignac.com\\\/fr\\\/#\\\/schema\\\/logo\\\/image\\\/\"},\"sameAs\":[\"https:\\\/\\\/www.facebook.com\\\/JardinsEyrignac\\\/\",\"https:\\\/\\\/x.com\\\/eyrignac\",\"https:\\\/\\\/www.instagram.com\\\/eyrignac\\\/\",\"https:\\\/\\\/www.pinterest.fr\\\/eyrignac\\\/\",\"https:\\\/\\\/www.youtube.com\\\/channel\\\/UCjWc47ArIew83eRXXjaBowg\"]},{\"@type\":\"Person\",\"@id\":\"https:\\\/\\\/www.eyrignac.com\\\/fr\\\/#\\\/schema\\\/person\\\/901d210a561794cfaa3ed8916bd242f9\",\"name\":\"Rachel Coudray\"}]}<\/script>\n<!-- \/ Yoast SEO plugin. -->","yoast_head_json":{"title":"Eyrignac et la rose - Eyrignac et ses jardins","description":"Dans les jardins d\u2019Eyrignac, il y a de nombreuses fleurs et parmi ces fleurs, la rose est reine. Le Jardin Blanc, avec ses 540 rosiers, est son royaume.","robots":{"index":"index","follow":"follow","max-snippet":"max-snippet:-1","max-image-preview":"max-image-preview:large","max-video-preview":"max-video-preview:-1"},"canonical":"https:\/\/www.eyrignac.com\/fr\/actualites\/eyrignac-et-la-rose","og_locale":"fr_FR","og_type":"article","og_title":"Eyrignac et la rose - Eyrignac et ses jardins","og_description":"Dans les jardins d\u2019Eyrignac, il y a de nombreuses fleurs et parmi ces fleurs, la rose est reine. Le Jardin Blanc, avec ses 540 rosiers, est son royaume.","og_url":"https:\/\/www.eyrignac.com\/fr\/actualites\/eyrignac-et-la-rose","og_site_name":"Eyrignac et ses jardins","article_publisher":"https:\/\/www.facebook.com\/JardinsEyrignac\/","article_published_time":"2020-06-25T10:06:23+00:00","article_modified_time":"2025-01-02T08:34:28+00:00","og_image":[{"width":1000,"height":1000,"url":"https:\/\/www.eyrignac.com\/wp-content\/uploads\/2020\/06\/eyrignac_glace_rose.jpg","type":"image\/jpeg"}],"author":"Rachel Coudray","twitter_card":"summary_large_image","twitter_creator":"@eyrignac","twitter_site":"@eyrignac","twitter_misc":{"\u00c9crit par":"Rachel Coudray","Dur\u00e9e de lecture estim\u00e9e":"3 minutes"},"schema":{"@context":"https:\/\/schema.org","@graph":[{"@type":"Article","@id":"https:\/\/www.eyrignac.com\/fr\/actualites\/eyrignac-et-la-rose#article","isPartOf":{"@id":"https:\/\/www.eyrignac.com\/fr\/actualites\/eyrignac-et-la-rose"},"author":{"name":"Rachel Coudray","@id":"https:\/\/www.eyrignac.com\/fr\/#\/schema\/person\/901d210a561794cfaa3ed8916bd242f9"},"headline":"Eyrignac et la rose","datePublished":"2020-06-25T10:06:23+00:00","dateModified":"2025-01-02T08:34:28+00:00","mainEntityOfPage":{"@id":"https:\/\/www.eyrignac.com\/fr\/actualites\/eyrignac-et-la-rose"},"wordCount":596,"publisher":{"@id":"https:\/\/www.eyrignac.com\/fr\/#organization"},"image":{"@id":"https:\/\/www.eyrignac.com\/fr\/actualites\/eyrignac-et-la-rose#primaryimage"},"thumbnailUrl":"https:\/\/www.eyrignac.com\/wp-content\/uploads\/2020\/06\/eyrignac_glace_rose.jpg","articleSection":["Actualit\u00e9s"],"inLanguage":"fr-FR"},{"@type":"WebPage","@id":"https:\/\/www.eyrignac.com\/fr\/actualites\/eyrignac-et-la-rose","url":"https:\/\/www.eyrignac.com\/fr\/actualites\/eyrignac-et-la-rose","name":"Eyrignac et la rose - Eyrignac et ses jardins","isPartOf":{"@id":"https:\/\/www.eyrignac.com\/fr\/#website"},"primaryImageOfPage":{"@id":"https:\/\/www.eyrignac.com\/fr\/actualites\/eyrignac-et-la-rose#primaryimage"},"image":{"@id":"https:\/\/www.eyrignac.com\/fr\/actualites\/eyrignac-et-la-rose#primaryimage"},"thumbnailUrl":"https:\/\/www.eyrignac.com\/wp-content\/uploads\/2020\/06\/eyrignac_glace_rose.jpg","datePublished":"2020-06-25T10:06:23+00:00","dateModified":"2025-01-02T08:34:28+00:00","description":"Dans les jardins d\u2019Eyrignac, il y a de nombreuses fleurs et parmi ces fleurs, la rose est reine. Le Jardin Blanc, avec ses 540 rosiers, est son royaume.","breadcrumb":{"@id":"https:\/\/www.eyrignac.com\/fr\/actualites\/eyrignac-et-la-rose#breadcrumb"},"inLanguage":"fr-FR","potentialAction":[{"@type":"ReadAction","target":["https:\/\/www.eyrignac.com\/fr\/actualites\/eyrignac-et-la-rose"]}]},{"@type":"ImageObject","inLanguage":"fr-FR","@id":"https:\/\/www.eyrignac.com\/fr\/actualites\/eyrignac-et-la-rose#primaryimage","url":"https:\/\/www.eyrignac.com\/wp-content\/uploads\/2020\/06\/eyrignac_glace_rose.jpg","contentUrl":"https:\/\/www.eyrignac.com\/wp-content\/uploads\/2020\/06\/eyrignac_glace_rose.jpg","width":1000,"height":1000,"caption":"Glace \u00e0 la rose inspir\u00e9e d'Eyrignac et ses Jardins par le ma\u00eetre artisan glacier Roland Manouvrier"},{"@type":"BreadcrumbList","@id":"https:\/\/www.eyrignac.com\/fr\/actualites\/eyrignac-et-la-rose#breadcrumb","itemListElement":[{"@type":"ListItem","position":1,"name":"Accueil","item":"https:\/\/www.eyrignac.com\/fr"},{"@type":"ListItem","position":2,"name":"Eyrignac et la rose"}]},{"@type":"WebSite","@id":"https:\/\/www.eyrignac.com\/fr\/#website","url":"https:\/\/www.eyrignac.com\/fr\/","name":"Eyrignac et ses jardins","description":"Lieu de verdure unique en Dordogne","publisher":{"@id":"https:\/\/www.eyrignac.com\/fr\/#organization"},"potentialAction":[{"@type":"SearchAction","target":{"@type":"EntryPoint","urlTemplate":"https:\/\/www.eyrignac.com\/fr\/?s={search_term_string}"},"query-input":{"@type":"PropertyValueSpecification","valueRequired":true,"valueName":"search_term_string"}}],"inLanguage":"fr-FR"},{"@type":"Organization","@id":"https:\/\/www.eyrignac.com\/fr\/#organization","name":"Eyrignac","url":"https:\/\/www.eyrignac.com\/fr\/","logo":{"@type":"ImageObject","inLanguage":"fr-FR","@id":"https:\/\/www.eyrignac.com\/fr\/#\/schema\/logo\/image\/","url":"https:\/\/www.eyrignac.com\/wp-content\/uploads\/2017\/12\/logo-eyrignac.png","contentUrl":"https:\/\/www.eyrignac.com\/wp-content\/uploads\/2017\/12\/logo-eyrignac.png","width":500,"height":189,"caption":"Eyrignac"},"image":{"@id":"https:\/\/www.eyrignac.com\/fr\/#\/schema\/logo\/image\/"},"sameAs":["https:\/\/www.facebook.com\/JardinsEyrignac\/","https:\/\/x.com\/eyrignac","https:\/\/www.instagram.com\/eyrignac\/","https:\/\/www.pinterest.fr\/eyrignac\/","https:\/\/www.youtube.com\/channel\/UCjWc47ArIew83eRXXjaBowg"]},{"@type":"Person","@id":"https:\/\/www.eyrignac.com\/fr\/#\/schema\/person\/901d210a561794cfaa3ed8916bd242f9","name":"Rachel Coudray"}]}},"_links":{"self":[{"href":"https:\/\/www.eyrignac.com\/fr\/wp-json\/wp\/v2\/posts\/5219","targetHints":{"allow":["GET"]}}],"collection":[{"href":"https:\/\/www.eyrignac.com\/fr\/wp-json\/wp\/v2\/posts"}],"about":[{"href":"https:\/\/www.eyrignac.com\/fr\/wp-json\/wp\/v2\/types\/post"}],"author":[{"embeddable":true,"href":"https:\/\/www.eyrignac.com\/fr\/wp-json\/wp\/v2\/users\/3"}],"replies":[{"embeddable":true,"href":"https:\/\/www.eyrignac.com\/fr\/wp-json\/wp\/v2\/comments?post=5219"}],"version-history":[{"count":0,"href":"https:\/\/www.eyrignac.com\/fr\/wp-json\/wp\/v2\/posts\/5219\/revisions"}],"wp:featuredmedia":[{"embeddable":true,"href":"https:\/\/www.eyrignac.com\/fr\/wp-json\/wp\/v2\/media\/5225"}],"wp:attachment":[{"href":"https:\/\/www.eyrignac.com\/fr\/wp-json\/wp\/v2\/media?parent=5219"}],"wp:term":[{"taxonomy":"category","embeddable":true,"href":"https:\/\/www.eyrignac.com\/fr\/wp-json\/wp\/v2\/categories?post=5219"},{"taxonomy":"post_tag","embeddable":true,"href":"https:\/\/www.eyrignac.com\/fr\/wp-json\/wp\/v2\/tags?post=5219"}],"curies":[{"name":"wp","href":"https:\/\/api.w.org\/{rel}","templated":true}]}}