{"id":5201,"date":"2020-06-19T13:00:14","date_gmt":"2020-06-19T11:00:14","guid":{"rendered":"https:\/\/www.eyrignac.com\/?p=5201"},"modified":"2020-06-24T18:24:16","modified_gmt":"2020-06-24T16:24:16","slug":"eyrignac-art-sculpter-vegetal","status":"publish","type":"post","link":"https:\/\/www.eyrignac.com\/fr\/actualites\/eyrignac-art-sculpter-vegetal","title":{"rendered":"Eyrignac ou l\u2019art de sculpter le v\u00e9g\u00e9tal"},"content":{"rendered":"<div class=\"wpb-content-wrapper\"><p>[vc_row][vc_column][vc_column_text]<strong>Depuis le mois de mai, notre \u00e9quipe de jardiniers s&rsquo;att\u00e8le comme chaque ann\u00e9e en cette saison \u00e0 r\u00e9aliser un v\u00e9ritable marathon. En effet, il leur faudra plusieurs semaines pour tailler \u00e0 la main chacune des 300 sculptures v\u00e9g\u00e9tales de buis, d\u2019ifs, de charmes, de pommiers et de lierre qui font la renomm\u00e9e d&rsquo;Eyrignac et ses Jardins en mati\u00e8re d\u2019art topiaire. Rejoignez-nous dans les coulisses des jardins.<\/strong>[\/vc_column_text][\/vc_column][\/vc_row][vc_row][vc_column][vc_column_text]<\/p>\n<p style=\"text-align: center;\"><iframe src=\"https:\/\/www.youtube.com\/embed\/ra2k9vFFmwU\" width=\"560\" height=\"315\" frameborder=\"0\" allowfullscreen=\"allowfullscreen\"><\/iframe><\/p>\n<p>[\/vc_column_text][vc_column_text]<\/p>\n<h3>Tailler le v\u00e9g\u00e9tal dans la pure tradition<\/h3>\n<p>Depuis la fin du mois de mai, les jardiniers d\u2019Eyrignac se consacrent aux topiaires d\u2019Eyrignac car l\u2019heure est venue pour une coupe de Printemps. A Eyrignac, tailler le v\u00e9g\u00e9tal est un tout art qui s\u2019exerce \u00e0 la main, sans assistance m\u00e9canique, dans le respect de traditions avec pour seuls outils la cisaille \u00e0 main, le cordeau, le fil \u00e0 plomb, un escabeau et bien s\u00fbr un savoir-faire in\u00e9galable.<br \/>\nLes jardiniers d\u2019Eyrignac ont fait le choix de tailler le v\u00e9g\u00e9tal manuellement car ils ont pu observer qu\u2019ainsi il n\u2019est pas agress\u00e9 comme il le serait avec un outil m\u00e9canique. Les risques de blessure du v\u00e9g\u00e9tal sont donc minimis\u00e9s, ainsi que les risques de fragilisation qui rendraient la plante plus sensible aux maladies ou aux nuisibles comme la funeste <a href=\"https:\/\/www.eyrignac.com\/fr\/actualites\/lutter-contre-pyrale-cylindrocladium-conseils-chef-jardinier-eyrignac-traitement-buis\" target=\"_blank\" rel=\"noopener noreferrer\">pyrale du buis<\/a>.<br \/>\nLa <a href=\"https:\/\/www.eyrignac.com\/fr\/decouvrir-jardins-eyrignac\/art-topiaire\" target=\"_blank\" rel=\"noopener noreferrer\">collection de sculptures d\u2019Eyrignac et ses Jardins<\/a> compte plus de 300 sujets ce qui repr\u00e9sente 4.000m2 de topiaires et 10.000 m2 de lierre \u00e0 tailler, non pas une fois fois mais 2 fois par an pour les buis et les ifs et 4 \u00e0 5 fois par an pour les charmes.[\/vc_column_text][\/vc_column][\/vc_row][vc_row][vc_column][vc_media_grid element_width=\u00a0\u00bb3&Prime; grid_id=\u00a0\u00bbvc_gid:1593015809704-c874f8c0-17d1-5&Prime; include=\u00a0\u00bb3293,3275,3259,3285&Prime;][\/vc_column][\/vc_row][vc_row][vc_column][vc_column_text]<\/p>\n<h3>L\u2019art topiaire en pratique<\/h3>\n<p>C\u00f4t\u00e9 pratique, la vari\u00e9t\u00e9 des formes de topiaires implique l\u2019utilisation de diff\u00e9rents outils. Les sph\u00e8res de l\u2019all\u00e9e des Vases comme les pommiers sont taill\u00e9s \u00e0 la cisaille ; les <a href=\"https:\/\/www.eyrignac.com\/fr\/decouvrir-les-jardins-eyrignac\/les-sculptures-vegetales-eyrignac\" target=\"_blank\" rel=\"noopener noreferrer\">sculptures monumentales de l\u2019all\u00e9e des Charmes<\/a> requi\u00e8rent la cisaille \u00e0 main, le fil \u00e0 plomb pour les lignes verticales, le piquet et le cordeau pour garantir l\u2019horizontalit\u00e9 des lignes et l\u2019alignement des sujets. Certains topiaires, comme les topiaires \u00e0 plateaux situ\u00e9s devant le <a href=\"https:\/\/www.eyrignac.com\/fr\/decouvrir-les-jardins-eyrignac\/le-manoir-artaban-eyrignac\" target=\"_blank\" rel=\"noopener noreferrer\">Manoir<\/a>, atteignant plusieurs m\u00e8tres de haut, nos jardiniers jouent souvent les funambules perch\u00e9s sur des escabeaux ou des \u00e9chafaudages.<br \/>\nAvec une moyenne de 100 coups de cisaille \u00e0 la minute, ces travaux titanesques prendront fin dans le courant du mois de juillet. Si vous avez l\u2019occasion de vous promener dans les Jardins d\u2019Eyrignac au cours de cette p\u00e9riode, vous pourrez observer nos orf\u00e8vres de la Nature en plein travail.[\/vc_column_text][\/vc_column][\/vc_row][vc_row][vc_column][vc_media_grid element_width=\u00a0\u00bb3&Prime; grid_id=\u00a0\u00bbvc_gid:1593015809705-a41363b6-e82b-2&Prime; include=\u00a0\u00bb466,1816,1380,1364&Prime;][\/vc_column][\/vc_row][vc_row][vc_column][vc_column_text]<\/p>\n<h3>Des outils pour tailler vos topiaires<\/h3>\n<p>Vous trouverez \u00e0 la boutique d&rsquo;Eyrignac et ses Jardins ou sur notre boutique en ligne <a href=\"https:\/\/www.eyrignac.com\/fr\/boutique\" target=\"_blank\" rel=\"noopener noreferrer\">https:\/\/www.eyrignac.com\/fr\/boutique<\/a> une s\u00e9lection d&rsquo;outils pour r\u00e9ussir la taille de vos topiaires.[\/vc_column_text][\/vc_column][\/vc_row][vc_row][vc_column][vc_media_grid element_width=\u00a0\u00bb3&Prime; grid_id=\u00a0\u00bbvc_gid:1593015809707-6b6b7b2a-984b-3&Prime; include=\u00a0\u00bb2340,2361,2281,2254&Prime;][\/vc_column][\/vc_row][vc_row][vc_column][\/vc_column][\/vc_row]<\/p>\n<\/div>","protected":false},"excerpt":{"rendered":"Depuis quelques semaines, notre \u00e9quipe de jardiniers s&rsquo;att\u00e8le \u00e0 tailler \u00e0 la main chacune des 300 sculptures v\u00e9g\u00e9tales qui font la renomm\u00e9e d&rsquo;Eyrignac et ses Jardins en mati\u00e8re d\u2019art topiaire. Rejoignez-nous dans les coulisses des jardins\r\n","protected":false},"author":3,"featured_media":1364,"comment_status":"open","ping_status":"open","sticky":false,"template":"","format":"standard","meta":{"_acf_changed":false,"footnotes":""},"categories":[5],"tags":[],"class_list":["post-5201","post","type-post","status-publish","format-standard","has-post-thumbnail","hentry","category-actualites"],"acf":[],"yoast_head":"<!-- This site is optimized with the Yoast SEO plugin v27.5 - https:\/\/yoast.com\/product\/yoast-seo-wordpress\/ -->\n<title>Eyrignac et ses Jardins ou l&#039;art de sculpter le v\u00e9g\u00e9tal<\/title>\n<meta name=\"description\" content=\"Il faut plusieurs semaines \u00e0 nos jardiniers pour tailler \u00e0 la main chacun des 300 topiaires qui font la renomm\u00e9e d&#039;Eyrignac et ses Jardins.\" \/>\n<meta name=\"robots\" content=\"index, follow, max-snippet:-1, max-image-preview:large, max-video-preview:-1\" \/>\n<link rel=\"canonical\" href=\"https:\/\/www.eyrignac.com\/fr\/actualites\/eyrignac-art-sculpter-vegetal\" \/>\n<meta property=\"og:locale\" content=\"fr_FR\" \/>\n<meta property=\"og:type\" content=\"article\" \/>\n<meta property=\"og:title\" content=\"Eyrignac et ses Jardins ou l&#039;art de sculpter le v\u00e9g\u00e9tal\" \/>\n<meta property=\"og:description\" content=\"Il faut plusieurs semaines \u00e0 nos jardiniers pour tailler \u00e0 la main chacun des 300 topiaires qui font la renomm\u00e9e d&#039;Eyrignac et ses Jardins.\" \/>\n<meta property=\"og:url\" content=\"https:\/\/www.eyrignac.com\/fr\/actualites\/eyrignac-art-sculpter-vegetal\" \/>\n<meta property=\"og:site_name\" content=\"Eyrignac et ses jardins\" \/>\n<meta property=\"article:publisher\" content=\"https:\/\/www.facebook.com\/JardinsEyrignac\/\" \/>\n<meta property=\"article:published_time\" content=\"2020-06-19T11:00:14+00:00\" \/>\n<meta property=\"article:modified_time\" content=\"2020-06-24T16:24:16+00:00\" \/>\n<meta property=\"og:image\" content=\"https:\/\/www.eyrignac.com\/wp-content\/uploads\/2018\/03\/eyrignac_visitetechnique_\u00aeJeromeMorel.jpg\" \/>\n\t<meta property=\"og:image:width\" content=\"1500\" \/>\n\t<meta property=\"og:image:height\" content=\"1000\" \/>\n\t<meta property=\"og:image:type\" content=\"image\/jpeg\" \/>\n<meta name=\"author\" content=\"Rachel Coudray\" \/>\n<meta name=\"twitter:card\" content=\"summary_large_image\" \/>\n<meta name=\"twitter:creator\" content=\"@eyrignac\" \/>\n<meta name=\"twitter:site\" content=\"@eyrignac\" \/>\n<meta name=\"twitter:label1\" content=\"\u00c9crit par\" \/>\n\t<meta name=\"twitter:data1\" content=\"Rachel Coudray\" \/>\n\t<meta name=\"twitter:label2\" content=\"Dur\u00e9e de lecture estim\u00e9e\" \/>\n\t<meta name=\"twitter:data2\" content=\"3 minutes\" \/>\n<script type=\"application\/ld+json\" class=\"yoast-schema-graph\">{\"@context\":\"https:\\\/\\\/schema.org\",\"@graph\":[{\"@type\":\"Article\",\"@id\":\"https:\\\/\\\/www.eyrignac.com\\\/fr\\\/actualites\\\/eyrignac-art-sculpter-vegetal#article\",\"isPartOf\":{\"@id\":\"https:\\\/\\\/www.eyrignac.com\\\/fr\\\/actualites\\\/eyrignac-art-sculpter-vegetal\"},\"author\":{\"name\":\"Rachel Coudray\",\"@id\":\"https:\\\/\\\/www.eyrignac.com\\\/fr\\\/#\\\/schema\\\/person\\\/901d210a561794cfaa3ed8916bd242f9\"},\"headline\":\"Eyrignac ou l\u2019art de sculpter le v\u00e9g\u00e9tal\",\"datePublished\":\"2020-06-19T11:00:14+00:00\",\"dateModified\":\"2020-06-24T16:24:16+00:00\",\"mainEntityOfPage\":{\"@id\":\"https:\\\/\\\/www.eyrignac.com\\\/fr\\\/actualites\\\/eyrignac-art-sculpter-vegetal\"},\"wordCount\":625,\"commentCount\":0,\"publisher\":{\"@id\":\"https:\\\/\\\/www.eyrignac.com\\\/fr\\\/#organization\"},\"image\":{\"@id\":\"https:\\\/\\\/www.eyrignac.com\\\/fr\\\/actualites\\\/eyrignac-art-sculpter-vegetal#primaryimage\"},\"thumbnailUrl\":\"https:\\\/\\\/www.eyrignac.com\\\/wp-content\\\/uploads\\\/2018\\\/03\\\/eyrignac_visitetechnique_\u00aeJeromeMorel.jpg\",\"articleSection\":[\"Actualit\u00e9s\"],\"inLanguage\":\"fr-FR\",\"potentialAction\":[{\"@type\":\"CommentAction\",\"name\":\"Comment\",\"target\":[\"https:\\\/\\\/www.eyrignac.com\\\/fr\\\/actualites\\\/eyrignac-art-sculpter-vegetal#respond\"]}]},{\"@type\":\"WebPage\",\"@id\":\"https:\\\/\\\/www.eyrignac.com\\\/fr\\\/actualites\\\/eyrignac-art-sculpter-vegetal\",\"url\":\"https:\\\/\\\/www.eyrignac.com\\\/fr\\\/actualites\\\/eyrignac-art-sculpter-vegetal\",\"name\":\"Eyrignac et ses Jardins ou l'art de sculpter le v\u00e9g\u00e9tal\",\"isPartOf\":{\"@id\":\"https:\\\/\\\/www.eyrignac.com\\\/fr\\\/#website\"},\"primaryImageOfPage\":{\"@id\":\"https:\\\/\\\/www.eyrignac.com\\\/fr\\\/actualites\\\/eyrignac-art-sculpter-vegetal#primaryimage\"},\"image\":{\"@id\":\"https:\\\/\\\/www.eyrignac.com\\\/fr\\\/actualites\\\/eyrignac-art-sculpter-vegetal#primaryimage\"},\"thumbnailUrl\":\"https:\\\/\\\/www.eyrignac.com\\\/wp-content\\\/uploads\\\/2018\\\/03\\\/eyrignac_visitetechnique_\u00aeJeromeMorel.jpg\",\"datePublished\":\"2020-06-19T11:00:14+00:00\",\"dateModified\":\"2020-06-24T16:24:16+00:00\",\"description\":\"Il faut plusieurs semaines \u00e0 nos jardiniers pour tailler \u00e0 la main chacun des 300 topiaires qui font la renomm\u00e9e d'Eyrignac et ses Jardins.\",\"breadcrumb\":{\"@id\":\"https:\\\/\\\/www.eyrignac.com\\\/fr\\\/actualites\\\/eyrignac-art-sculpter-vegetal#breadcrumb\"},\"inLanguage\":\"fr-FR\",\"potentialAction\":[{\"@type\":\"ReadAction\",\"target\":[\"https:\\\/\\\/www.eyrignac.com\\\/fr\\\/actualites\\\/eyrignac-art-sculpter-vegetal\"]}]},{\"@type\":\"ImageObject\",\"inLanguage\":\"fr-FR\",\"@id\":\"https:\\\/\\\/www.eyrignac.com\\\/fr\\\/actualites\\\/eyrignac-art-sculpter-vegetal#primaryimage\",\"url\":\"https:\\\/\\\/www.eyrignac.com\\\/wp-content\\\/uploads\\\/2018\\\/03\\\/eyrignac_visitetechnique_\u00aeJeromeMorel.jpg\",\"contentUrl\":\"https:\\\/\\\/www.eyrignac.com\\\/wp-content\\\/uploads\\\/2018\\\/03\\\/eyrignac_visitetechnique_\u00aeJeromeMorel.jpg\",\"width\":1500,\"height\":1000,\"caption\":\"Visite technique \u00aeJ\u00e9rome Morel\"},{\"@type\":\"BreadcrumbList\",\"@id\":\"https:\\\/\\\/www.eyrignac.com\\\/fr\\\/actualites\\\/eyrignac-art-sculpter-vegetal#breadcrumb\",\"itemListElement\":[{\"@type\":\"ListItem\",\"position\":1,\"name\":\"Accueil\",\"item\":\"https:\\\/\\\/www.eyrignac.com\\\/fr\"},{\"@type\":\"ListItem\",\"position\":2,\"name\":\"Eyrignac ou l\u2019art de sculpter le v\u00e9g\u00e9tal\"}]},{\"@type\":\"WebSite\",\"@id\":\"https:\\\/\\\/www.eyrignac.com\\\/fr\\\/#website\",\"url\":\"https:\\\/\\\/www.eyrignac.com\\\/fr\\\/\",\"name\":\"Eyrignac et ses jardins\",\"description\":\"Lieu de verdure unique en Dordogne\",\"publisher\":{\"@id\":\"https:\\\/\\\/www.eyrignac.com\\\/fr\\\/#organization\"},\"potentialAction\":[{\"@type\":\"SearchAction\",\"target\":{\"@type\":\"EntryPoint\",\"urlTemplate\":\"https:\\\/\\\/www.eyrignac.com\\\/fr\\\/?s={search_term_string}\"},\"query-input\":{\"@type\":\"PropertyValueSpecification\",\"valueRequired\":true,\"valueName\":\"search_term_string\"}}],\"inLanguage\":\"fr-FR\"},{\"@type\":\"Organization\",\"@id\":\"https:\\\/\\\/www.eyrignac.com\\\/fr\\\/#organization\",\"name\":\"Eyrignac\",\"url\":\"https:\\\/\\\/www.eyrignac.com\\\/fr\\\/\",\"logo\":{\"@type\":\"ImageObject\",\"inLanguage\":\"fr-FR\",\"@id\":\"https:\\\/\\\/www.eyrignac.com\\\/fr\\\/#\\\/schema\\\/logo\\\/image\\\/\",\"url\":\"https:\\\/\\\/www.eyrignac.com\\\/wp-content\\\/uploads\\\/2017\\\/12\\\/logo-eyrignac.png\",\"contentUrl\":\"https:\\\/\\\/www.eyrignac.com\\\/wp-content\\\/uploads\\\/2017\\\/12\\\/logo-eyrignac.png\",\"width\":500,\"height\":189,\"caption\":\"Eyrignac\"},\"image\":{\"@id\":\"https:\\\/\\\/www.eyrignac.com\\\/fr\\\/#\\\/schema\\\/logo\\\/image\\\/\"},\"sameAs\":[\"https:\\\/\\\/www.facebook.com\\\/JardinsEyrignac\\\/\",\"https:\\\/\\\/x.com\\\/eyrignac\",\"https:\\\/\\\/www.instagram.com\\\/eyrignac\\\/\",\"https:\\\/\\\/www.pinterest.fr\\\/eyrignac\\\/\",\"https:\\\/\\\/www.youtube.com\\\/channel\\\/UCjWc47ArIew83eRXXjaBowg\"]},{\"@type\":\"Person\",\"@id\":\"https:\\\/\\\/www.eyrignac.com\\\/fr\\\/#\\\/schema\\\/person\\\/901d210a561794cfaa3ed8916bd242f9\",\"name\":\"Rachel Coudray\"}]}<\/script>\n<!-- \/ Yoast SEO plugin. -->","yoast_head_json":{"title":"Eyrignac et ses Jardins ou l'art de sculpter le v\u00e9g\u00e9tal","description":"Il faut plusieurs semaines \u00e0 nos jardiniers pour tailler \u00e0 la main chacun des 300 topiaires qui font la renomm\u00e9e d'Eyrignac et ses Jardins.","robots":{"index":"index","follow":"follow","max-snippet":"max-snippet:-1","max-image-preview":"max-image-preview:large","max-video-preview":"max-video-preview:-1"},"canonical":"https:\/\/www.eyrignac.com\/fr\/actualites\/eyrignac-art-sculpter-vegetal","og_locale":"fr_FR","og_type":"article","og_title":"Eyrignac et ses Jardins ou l'art de sculpter le v\u00e9g\u00e9tal","og_description":"Il faut plusieurs semaines \u00e0 nos jardiniers pour tailler \u00e0 la main chacun des 300 topiaires qui font la renomm\u00e9e d'Eyrignac et ses Jardins.","og_url":"https:\/\/www.eyrignac.com\/fr\/actualites\/eyrignac-art-sculpter-vegetal","og_site_name":"Eyrignac et ses jardins","article_publisher":"https:\/\/www.facebook.com\/JardinsEyrignac\/","article_published_time":"2020-06-19T11:00:14+00:00","article_modified_time":"2020-06-24T16:24:16+00:00","og_image":[{"width":1500,"height":1000,"url":"https:\/\/www.eyrignac.com\/wp-content\/uploads\/2018\/03\/eyrignac_visitetechnique_\u00aeJeromeMorel.jpg","type":"image\/jpeg"}],"author":"Rachel Coudray","twitter_card":"summary_large_image","twitter_creator":"@eyrignac","twitter_site":"@eyrignac","twitter_misc":{"\u00c9crit par":"Rachel Coudray","Dur\u00e9e de lecture estim\u00e9e":"3 minutes"},"schema":{"@context":"https:\/\/schema.org","@graph":[{"@type":"Article","@id":"https:\/\/www.eyrignac.com\/fr\/actualites\/eyrignac-art-sculpter-vegetal#article","isPartOf":{"@id":"https:\/\/www.eyrignac.com\/fr\/actualites\/eyrignac-art-sculpter-vegetal"},"author":{"name":"Rachel Coudray","@id":"https:\/\/www.eyrignac.com\/fr\/#\/schema\/person\/901d210a561794cfaa3ed8916bd242f9"},"headline":"Eyrignac ou l\u2019art de sculpter le v\u00e9g\u00e9tal","datePublished":"2020-06-19T11:00:14+00:00","dateModified":"2020-06-24T16:24:16+00:00","mainEntityOfPage":{"@id":"https:\/\/www.eyrignac.com\/fr\/actualites\/eyrignac-art-sculpter-vegetal"},"wordCount":625,"commentCount":0,"publisher":{"@id":"https:\/\/www.eyrignac.com\/fr\/#organization"},"image":{"@id":"https:\/\/www.eyrignac.com\/fr\/actualites\/eyrignac-art-sculpter-vegetal#primaryimage"},"thumbnailUrl":"https:\/\/www.eyrignac.com\/wp-content\/uploads\/2018\/03\/eyrignac_visitetechnique_\u00aeJeromeMorel.jpg","articleSection":["Actualit\u00e9s"],"inLanguage":"fr-FR","potentialAction":[{"@type":"CommentAction","name":"Comment","target":["https:\/\/www.eyrignac.com\/fr\/actualites\/eyrignac-art-sculpter-vegetal#respond"]}]},{"@type":"WebPage","@id":"https:\/\/www.eyrignac.com\/fr\/actualites\/eyrignac-art-sculpter-vegetal","url":"https:\/\/www.eyrignac.com\/fr\/actualites\/eyrignac-art-sculpter-vegetal","name":"Eyrignac et ses Jardins ou l'art de sculpter le v\u00e9g\u00e9tal","isPartOf":{"@id":"https:\/\/www.eyrignac.com\/fr\/#website"},"primaryImageOfPage":{"@id":"https:\/\/www.eyrignac.com\/fr\/actualites\/eyrignac-art-sculpter-vegetal#primaryimage"},"image":{"@id":"https:\/\/www.eyrignac.com\/fr\/actualites\/eyrignac-art-sculpter-vegetal#primaryimage"},"thumbnailUrl":"https:\/\/www.eyrignac.com\/wp-content\/uploads\/2018\/03\/eyrignac_visitetechnique_\u00aeJeromeMorel.jpg","datePublished":"2020-06-19T11:00:14+00:00","dateModified":"2020-06-24T16:24:16+00:00","description":"Il faut plusieurs semaines \u00e0 nos jardiniers pour tailler \u00e0 la main chacun des 300 topiaires qui font la renomm\u00e9e d'Eyrignac et ses Jardins.","breadcrumb":{"@id":"https:\/\/www.eyrignac.com\/fr\/actualites\/eyrignac-art-sculpter-vegetal#breadcrumb"},"inLanguage":"fr-FR","potentialAction":[{"@type":"ReadAction","target":["https:\/\/www.eyrignac.com\/fr\/actualites\/eyrignac-art-sculpter-vegetal"]}]},{"@type":"ImageObject","inLanguage":"fr-FR","@id":"https:\/\/www.eyrignac.com\/fr\/actualites\/eyrignac-art-sculpter-vegetal#primaryimage","url":"https:\/\/www.eyrignac.com\/wp-content\/uploads\/2018\/03\/eyrignac_visitetechnique_\u00aeJeromeMorel.jpg","contentUrl":"https:\/\/www.eyrignac.com\/wp-content\/uploads\/2018\/03\/eyrignac_visitetechnique_\u00aeJeromeMorel.jpg","width":1500,"height":1000,"caption":"Visite technique \u00aeJ\u00e9rome Morel"},{"@type":"BreadcrumbList","@id":"https:\/\/www.eyrignac.com\/fr\/actualites\/eyrignac-art-sculpter-vegetal#breadcrumb","itemListElement":[{"@type":"ListItem","position":1,"name":"Accueil","item":"https:\/\/www.eyrignac.com\/fr"},{"@type":"ListItem","position":2,"name":"Eyrignac ou l\u2019art de sculpter le v\u00e9g\u00e9tal"}]},{"@type":"WebSite","@id":"https:\/\/www.eyrignac.com\/fr\/#website","url":"https:\/\/www.eyrignac.com\/fr\/","name":"Eyrignac et ses jardins","description":"Lieu de verdure unique en Dordogne","publisher":{"@id":"https:\/\/www.eyrignac.com\/fr\/#organization"},"potentialAction":[{"@type":"SearchAction","target":{"@type":"EntryPoint","urlTemplate":"https:\/\/www.eyrignac.com\/fr\/?s={search_term_string}"},"query-input":{"@type":"PropertyValueSpecification","valueRequired":true,"valueName":"search_term_string"}}],"inLanguage":"fr-FR"},{"@type":"Organization","@id":"https:\/\/www.eyrignac.com\/fr\/#organization","name":"Eyrignac","url":"https:\/\/www.eyrignac.com\/fr\/","logo":{"@type":"ImageObject","inLanguage":"fr-FR","@id":"https:\/\/www.eyrignac.com\/fr\/#\/schema\/logo\/image\/","url":"https:\/\/www.eyrignac.com\/wp-content\/uploads\/2017\/12\/logo-eyrignac.png","contentUrl":"https:\/\/www.eyrignac.com\/wp-content\/uploads\/2017\/12\/logo-eyrignac.png","width":500,"height":189,"caption":"Eyrignac"},"image":{"@id":"https:\/\/www.eyrignac.com\/fr\/#\/schema\/logo\/image\/"},"sameAs":["https:\/\/www.facebook.com\/JardinsEyrignac\/","https:\/\/x.com\/eyrignac","https:\/\/www.instagram.com\/eyrignac\/","https:\/\/www.pinterest.fr\/eyrignac\/","https:\/\/www.youtube.com\/channel\/UCjWc47ArIew83eRXXjaBowg"]},{"@type":"Person","@id":"https:\/\/www.eyrignac.com\/fr\/#\/schema\/person\/901d210a561794cfaa3ed8916bd242f9","name":"Rachel Coudray"}]}},"_links":{"self":[{"href":"https:\/\/www.eyrignac.com\/fr\/wp-json\/wp\/v2\/posts\/5201","targetHints":{"allow":["GET"]}}],"collection":[{"href":"https:\/\/www.eyrignac.com\/fr\/wp-json\/wp\/v2\/posts"}],"about":[{"href":"https:\/\/www.eyrignac.com\/fr\/wp-json\/wp\/v2\/types\/post"}],"author":[{"embeddable":true,"href":"https:\/\/www.eyrignac.com\/fr\/wp-json\/wp\/v2\/users\/3"}],"replies":[{"embeddable":true,"href":"https:\/\/www.eyrignac.com\/fr\/wp-json\/wp\/v2\/comments?post=5201"}],"version-history":[{"count":0,"href":"https:\/\/www.eyrignac.com\/fr\/wp-json\/wp\/v2\/posts\/5201\/revisions"}],"wp:featuredmedia":[{"embeddable":true,"href":"https:\/\/www.eyrignac.com\/fr\/wp-json\/wp\/v2\/media\/1364"}],"wp:attachment":[{"href":"https:\/\/www.eyrignac.com\/fr\/wp-json\/wp\/v2\/media?parent=5201"}],"wp:term":[{"taxonomy":"category","embeddable":true,"href":"https:\/\/www.eyrignac.com\/fr\/wp-json\/wp\/v2\/categories?post=5201"},{"taxonomy":"post_tag","embeddable":true,"href":"https:\/\/www.eyrignac.com\/fr\/wp-json\/wp\/v2\/tags?post=5201"}],"curies":[{"name":"wp","href":"https:\/\/api.w.org\/{rel}","templated":true}]}}