{"id":5094,"date":"2020-05-19T10:28:40","date_gmt":"2020-05-19T08:28:40","guid":{"rendered":"https:\/\/www.eyrignac.com\/?p=5094"},"modified":"2024-10-04T11:26:04","modified_gmt":"2024-10-04T09:26:04","slug":"dnouveaux-rosiers-jardin-blanc-eyrignac","status":"publish","type":"post","link":"https:\/\/www.eyrignac.com\/fr\/actualites\/dnouveaux-rosiers-jardin-blanc-eyrignac","title":{"rendered":"De nouveaux rosiers pour le Jardin Blanc d\u2019Eyrignac"},"content":{"rendered":"<div class=\"wpb-content-wrapper\"><p>[vc_row][vc_column][vc_column_text]<strong>Si \u00e0 Eyrignac, le jardin \u00e0 la fran\u00e7aise est une ode \u00e0 l\u2019art topiaire, le Jardin blanc est le paradis de la rose. Pour accentuer la douceur et les parfums qui caract\u00e9risent de jardin, de nouveaux rosiers ont \u00e9t\u00e9 plant\u00e9s cette ann\u00e9e. Une floraison exceptionnelle en perspective pour les 20 ans du Jardin blanc.<\/strong>[\/vc_column_text][\/vc_column][\/vc_row][vc_row][vc_column width=\u00a0\u00bb1\/2&Prime;][vc_empty_space][vc_media_grid grid_id=\u00a0\u00bbvc_gid:1589876936775-11dd239d-777d-6&Prime; include=\u00a0\u00bb5113,3315,572,443,5099,5101,5103,5105,5107,5109,5111,1546&Prime;][\/vc_column][vc_column width=\u00a0\u00bb1\/2&Prime;][vc_column_text]<\/p>\n<h2>40 rosiers font leur entr\u00e9e dans le Jardin blanc<\/h2>\n<p>Derni\u00e8re cr\u00e9ation de Gilles Sermadiras \u00e0 Eyrignac, le <a href=\"https:\/\/www.eyrignac.com\/fr\/decouvrir-les-jardins-eyrignac\/le-jardin-blanc-eyrignac\">Jardin Blanc<\/a> se d\u00e9marque du jardin de verdure par l\u2019opulence de sa flore. D\u00e9j\u00e0 riche de 500 rosiers blancs qui composent les spectaculaires guirlandes de fleurs qui enchantent les visiteurs depuis 20 ans, le Jardin blanc a \u00e9t\u00e9 agr\u00e9ment\u00e9 depuis peu de 40 rosiers suppl\u00e9mentaires. Initialement, 2 vari\u00e9t\u00e9s de roses remontantes, Opalia et Madame Alfred Carri\u00e8re, avaient \u00e9t\u00e9 s\u00e9lectionn\u00e9es pour leur longue p\u00e9riode de floraison s\u2019\u00e9tendant de fin mai jusqu\u2019aux premi\u00e8res gel\u00e9es.<br \/>\nLes 40 nouveaux rosiers, plant\u00e9s pendant la p\u00e9riode de confinement, vont apporter au Jardin blanc de nouveaux parfums et de nouvelles teintes qui rehausseront la puret\u00e9 et la s\u00e9r\u00e9nit\u00e9 propre \u00e0 ce lieu. Un joli cadeau fait au Jardin Blanc qui f\u00eate les 20 ans de sa conception par Gilles Sermadiras, p\u00e8re de Patrick Sermadiras, actuel propri\u00e9taire des lieux.<br \/>\nA d\u00e9couvrir lors de votre prochaine visite : \u00ab Guirlande d\u2019Amour \u00bb, \u00ab Sourire d\u2019orchid\u00e9e \u00bb ou \u00ab New Dawn \u00bb ainsi que des vari\u00e9t\u00e9s anciennes ou buissons.[\/vc_column_text][\/vc_column][\/vc_row][vc_row][vc_column width=\u00a0\u00bb1\/2&Prime;][vc_empty_space][vc_media_grid grid_id=\u00a0\u00bbvc_gid:1589876936777-8aaf0d93-2900-8&Prime; include=\u00a0\u00bb3455,5119,5117,5127,5123,5121&Prime;][\/vc_column][vc_column width=\u00a0\u00bb1\/2&Prime;][vc_column_text]<\/p>\n<h2>Une symphonie florale<\/h2>\n<p>Le sentiment de s\u00e9r\u00e9nit\u00e9 et de puret\u00e9 qui envahit le visiteur d\u00e8s son entr\u00e9e dans le Jardin Blanc provient du contraste entre les diff\u00e9rents teintes de vert des feuillages et des gazons et les d\u00e9clinaisons de blancs des fleurs. Cette effet est d\u00fb certes aux rosiers mais \u00e9galement aux milliers de fleurs blanches pr\u00e9sentes le long des all\u00e9es. Pour le plaisir des yeux, ce sont pr\u00e8s de 2.000 fleurs qui sont venues enrichir les massifs dont des sunpatiens blancs, des gauras blanches, des surfinias blancs, des dalhias white princess, des hibiscus blancs et des an\u00e9mones du japon. Une symphonie florale dont les visiteurs peuvent profiter de mai jusqu\u2019\u00e0 octobre.[\/vc_column_text][\/vc_column][\/vc_row][vc_row][vc_column][vc_column_text]Connu pour son extraordinaire jardin de verdure \u00e0 la fran\u00e7aise et son <a href=\"https:\/\/www.eyrignac.com\/fr\/decouvrir-jardins-eyrignac\/art-topiaire\">art topiaire<\/a>, Eyrignac et ses jardins donnent chaque ann\u00e9e plus de place aux fleurs avec la cr\u00e9ation du <a href=\"https:\/\/www.eyrignac.com\/fr\/decouvrir-les-jardins-eyrignac\/jardin-fleuriste-potager\">jardin fleuriste<\/a> et des <a href=\"https:\/\/www.eyrignac.com\/fr\/decouvrir-les-jardins-eyrignac\/jardin-sources-pres-fleuris-eyrignac\">Pr\u00e9s fleuris<\/a>. De quoi satisfaire tous les go\u00fbts des visiteurs en mati\u00e8re de jardin.[\/vc_column_text][\/vc_column][\/vc_row]<\/p>\n<\/div>","protected":false},"excerpt":{"rendered":"Pour accentuer la douceur et les parfums qui caract\u00e9risent le Jardin blanc, de nouveaux rosiers ont \u00e9t\u00e9 plant\u00e9s cette ann\u00e9e. Une floraison exceptionnelle en perspective pour les 20 ans du Jardin blanc.","protected":false},"author":3,"featured_media":5107,"comment_status":"closed","ping_status":"open","sticky":false,"template":"","format":"standard","meta":{"_acf_changed":false,"footnotes":""},"categories":[5],"tags":[],"class_list":["post-5094","post","type-post","status-publish","format-standard","has-post-thumbnail","hentry","category-actualites"],"acf":[],"yoast_head":"<!-- This site is optimized with the Yoast SEO plugin v27.5 - https:\/\/yoast.com\/product\/yoast-seo-wordpress\/ -->\n<title>De nouveaux rosiers pour le Jardin Blanc d\u2019Eyrignac<\/title>\n<meta name=\"description\" content=\"Si \u00e0 Eyrignac, le jardin \u00e0 la fran\u00e7aise est une ode \u00e0 l\u2019art topiaire, le Jardin blanc est le paradis de la rose. De nouveaux rosiers ont \u00e9t\u00e9 plant\u00e9s ...\" \/>\n<meta name=\"robots\" content=\"index, follow, max-snippet:-1, max-image-preview:large, max-video-preview:-1\" \/>\n<link rel=\"canonical\" href=\"https:\/\/www.eyrignac.com\/fr\/actualites\/dnouveaux-rosiers-jardin-blanc-eyrignac\" \/>\n<meta property=\"og:locale\" content=\"fr_FR\" \/>\n<meta property=\"og:type\" content=\"article\" \/>\n<meta property=\"og:title\" content=\"De nouveaux rosiers pour le Jardin Blanc d\u2019Eyrignac\" \/>\n<meta property=\"og:description\" content=\"Si \u00e0 Eyrignac, le jardin \u00e0 la fran\u00e7aise est une ode \u00e0 l\u2019art topiaire, le Jardin blanc est le paradis de la rose. De nouveaux rosiers ont \u00e9t\u00e9 plant\u00e9s ...\" \/>\n<meta property=\"og:url\" content=\"https:\/\/www.eyrignac.com\/fr\/actualites\/dnouveaux-rosiers-jardin-blanc-eyrignac\" \/>\n<meta property=\"og:site_name\" content=\"Eyrignac et ses jardins\" \/>\n<meta property=\"article:publisher\" content=\"https:\/\/www.facebook.com\/JardinsEyrignac\/\" \/>\n<meta property=\"article:published_time\" content=\"2020-05-19T08:28:40+00:00\" \/>\n<meta property=\"article:modified_time\" content=\"2024-10-04T09:26:04+00:00\" \/>\n<meta property=\"og:image\" content=\"https:\/\/www.eyrignac.com\/wp-content\/uploads\/2020\/05\/eyrignac_jardin_blanc_roses.jpg\" \/>\n\t<meta property=\"og:image:width\" content=\"1500\" \/>\n\t<meta property=\"og:image:height\" content=\"1000\" \/>\n\t<meta property=\"og:image:type\" content=\"image\/jpeg\" \/>\n<meta name=\"author\" content=\"Rachel Coudray\" \/>\n<meta name=\"twitter:card\" content=\"summary_large_image\" \/>\n<meta name=\"twitter:creator\" content=\"@eyrignac\" \/>\n<meta name=\"twitter:site\" content=\"@eyrignac\" \/>\n<meta name=\"twitter:label1\" content=\"\u00c9crit par\" \/>\n\t<meta name=\"twitter:data1\" content=\"Rachel Coudray\" \/>\n\t<meta name=\"twitter:label2\" content=\"Dur\u00e9e de lecture estim\u00e9e\" \/>\n\t<meta name=\"twitter:data2\" content=\"3 minutes\" \/>\n<script type=\"application\/ld+json\" class=\"yoast-schema-graph\">{\"@context\":\"https:\\\/\\\/schema.org\",\"@graph\":[{\"@type\":\"Article\",\"@id\":\"https:\\\/\\\/www.eyrignac.com\\\/fr\\\/actualites\\\/dnouveaux-rosiers-jardin-blanc-eyrignac#article\",\"isPartOf\":{\"@id\":\"https:\\\/\\\/www.eyrignac.com\\\/fr\\\/actualites\\\/dnouveaux-rosiers-jardin-blanc-eyrignac\"},\"author\":{\"name\":\"Rachel Coudray\",\"@id\":\"https:\\\/\\\/www.eyrignac.com\\\/fr\\\/#\\\/schema\\\/person\\\/901d210a561794cfaa3ed8916bd242f9\"},\"headline\":\"De nouveaux rosiers pour le Jardin Blanc d\u2019Eyrignac\",\"datePublished\":\"2020-05-19T08:28:40+00:00\",\"dateModified\":\"2024-10-04T09:26:04+00:00\",\"mainEntityOfPage\":{\"@id\":\"https:\\\/\\\/www.eyrignac.com\\\/fr\\\/actualites\\\/dnouveaux-rosiers-jardin-blanc-eyrignac\"},\"wordCount\":528,\"publisher\":{\"@id\":\"https:\\\/\\\/www.eyrignac.com\\\/fr\\\/#organization\"},\"image\":{\"@id\":\"https:\\\/\\\/www.eyrignac.com\\\/fr\\\/actualites\\\/dnouveaux-rosiers-jardin-blanc-eyrignac#primaryimage\"},\"thumbnailUrl\":\"https:\\\/\\\/www.eyrignac.com\\\/wp-content\\\/uploads\\\/2020\\\/05\\\/eyrignac_jardin_blanc_roses.jpg\",\"articleSection\":[\"Actualit\u00e9s\"],\"inLanguage\":\"fr-FR\"},{\"@type\":\"WebPage\",\"@id\":\"https:\\\/\\\/www.eyrignac.com\\\/fr\\\/actualites\\\/dnouveaux-rosiers-jardin-blanc-eyrignac\",\"url\":\"https:\\\/\\\/www.eyrignac.com\\\/fr\\\/actualites\\\/dnouveaux-rosiers-jardin-blanc-eyrignac\",\"name\":\"De nouveaux rosiers pour le Jardin Blanc d\u2019Eyrignac\",\"isPartOf\":{\"@id\":\"https:\\\/\\\/www.eyrignac.com\\\/fr\\\/#website\"},\"primaryImageOfPage\":{\"@id\":\"https:\\\/\\\/www.eyrignac.com\\\/fr\\\/actualites\\\/dnouveaux-rosiers-jardin-blanc-eyrignac#primaryimage\"},\"image\":{\"@id\":\"https:\\\/\\\/www.eyrignac.com\\\/fr\\\/actualites\\\/dnouveaux-rosiers-jardin-blanc-eyrignac#primaryimage\"},\"thumbnailUrl\":\"https:\\\/\\\/www.eyrignac.com\\\/wp-content\\\/uploads\\\/2020\\\/05\\\/eyrignac_jardin_blanc_roses.jpg\",\"datePublished\":\"2020-05-19T08:28:40+00:00\",\"dateModified\":\"2024-10-04T09:26:04+00:00\",\"description\":\"Si \u00e0 Eyrignac, le jardin \u00e0 la fran\u00e7aise est une ode \u00e0 l\u2019art topiaire, le Jardin blanc est le paradis de la rose. De nouveaux rosiers ont \u00e9t\u00e9 plant\u00e9s ...\",\"breadcrumb\":{\"@id\":\"https:\\\/\\\/www.eyrignac.com\\\/fr\\\/actualites\\\/dnouveaux-rosiers-jardin-blanc-eyrignac#breadcrumb\"},\"inLanguage\":\"fr-FR\",\"potentialAction\":[{\"@type\":\"ReadAction\",\"target\":[\"https:\\\/\\\/www.eyrignac.com\\\/fr\\\/actualites\\\/dnouveaux-rosiers-jardin-blanc-eyrignac\"]}]},{\"@type\":\"ImageObject\",\"inLanguage\":\"fr-FR\",\"@id\":\"https:\\\/\\\/www.eyrignac.com\\\/fr\\\/actualites\\\/dnouveaux-rosiers-jardin-blanc-eyrignac#primaryimage\",\"url\":\"https:\\\/\\\/www.eyrignac.com\\\/wp-content\\\/uploads\\\/2020\\\/05\\\/eyrignac_jardin_blanc_roses.jpg\",\"contentUrl\":\"https:\\\/\\\/www.eyrignac.com\\\/wp-content\\\/uploads\\\/2020\\\/05\\\/eyrignac_jardin_blanc_roses.jpg\",\"width\":1500,\"height\":1000},{\"@type\":\"BreadcrumbList\",\"@id\":\"https:\\\/\\\/www.eyrignac.com\\\/fr\\\/actualites\\\/dnouveaux-rosiers-jardin-blanc-eyrignac#breadcrumb\",\"itemListElement\":[{\"@type\":\"ListItem\",\"position\":1,\"name\":\"Accueil\",\"item\":\"https:\\\/\\\/www.eyrignac.com\\\/fr\"},{\"@type\":\"ListItem\",\"position\":2,\"name\":\"De nouveaux rosiers pour le Jardin Blanc d\u2019Eyrignac\"}]},{\"@type\":\"WebSite\",\"@id\":\"https:\\\/\\\/www.eyrignac.com\\\/fr\\\/#website\",\"url\":\"https:\\\/\\\/www.eyrignac.com\\\/fr\\\/\",\"name\":\"Eyrignac et ses jardins\",\"description\":\"Lieu de verdure unique en Dordogne\",\"publisher\":{\"@id\":\"https:\\\/\\\/www.eyrignac.com\\\/fr\\\/#organization\"},\"potentialAction\":[{\"@type\":\"SearchAction\",\"target\":{\"@type\":\"EntryPoint\",\"urlTemplate\":\"https:\\\/\\\/www.eyrignac.com\\\/fr\\\/?s={search_term_string}\"},\"query-input\":{\"@type\":\"PropertyValueSpecification\",\"valueRequired\":true,\"valueName\":\"search_term_string\"}}],\"inLanguage\":\"fr-FR\"},{\"@type\":\"Organization\",\"@id\":\"https:\\\/\\\/www.eyrignac.com\\\/fr\\\/#organization\",\"name\":\"Eyrignac\",\"url\":\"https:\\\/\\\/www.eyrignac.com\\\/fr\\\/\",\"logo\":{\"@type\":\"ImageObject\",\"inLanguage\":\"fr-FR\",\"@id\":\"https:\\\/\\\/www.eyrignac.com\\\/fr\\\/#\\\/schema\\\/logo\\\/image\\\/\",\"url\":\"https:\\\/\\\/www.eyrignac.com\\\/wp-content\\\/uploads\\\/2017\\\/12\\\/logo-eyrignac.png\",\"contentUrl\":\"https:\\\/\\\/www.eyrignac.com\\\/wp-content\\\/uploads\\\/2017\\\/12\\\/logo-eyrignac.png\",\"width\":500,\"height\":189,\"caption\":\"Eyrignac\"},\"image\":{\"@id\":\"https:\\\/\\\/www.eyrignac.com\\\/fr\\\/#\\\/schema\\\/logo\\\/image\\\/\"},\"sameAs\":[\"https:\\\/\\\/www.facebook.com\\\/JardinsEyrignac\\\/\",\"https:\\\/\\\/x.com\\\/eyrignac\",\"https:\\\/\\\/www.instagram.com\\\/eyrignac\\\/\",\"https:\\\/\\\/www.pinterest.fr\\\/eyrignac\\\/\",\"https:\\\/\\\/www.youtube.com\\\/channel\\\/UCjWc47ArIew83eRXXjaBowg\"]},{\"@type\":\"Person\",\"@id\":\"https:\\\/\\\/www.eyrignac.com\\\/fr\\\/#\\\/schema\\\/person\\\/901d210a561794cfaa3ed8916bd242f9\",\"name\":\"Rachel Coudray\"}]}<\/script>\n<!-- \/ Yoast SEO plugin. -->","yoast_head_json":{"title":"De nouveaux rosiers pour le Jardin Blanc d\u2019Eyrignac","description":"Si \u00e0 Eyrignac, le jardin \u00e0 la fran\u00e7aise est une ode \u00e0 l\u2019art topiaire, le Jardin blanc est le paradis de la rose. De nouveaux rosiers ont \u00e9t\u00e9 plant\u00e9s ...","robots":{"index":"index","follow":"follow","max-snippet":"max-snippet:-1","max-image-preview":"max-image-preview:large","max-video-preview":"max-video-preview:-1"},"canonical":"https:\/\/www.eyrignac.com\/fr\/actualites\/dnouveaux-rosiers-jardin-blanc-eyrignac","og_locale":"fr_FR","og_type":"article","og_title":"De nouveaux rosiers pour le Jardin Blanc d\u2019Eyrignac","og_description":"Si \u00e0 Eyrignac, le jardin \u00e0 la fran\u00e7aise est une ode \u00e0 l\u2019art topiaire, le Jardin blanc est le paradis de la rose. De nouveaux rosiers ont \u00e9t\u00e9 plant\u00e9s ...","og_url":"https:\/\/www.eyrignac.com\/fr\/actualites\/dnouveaux-rosiers-jardin-blanc-eyrignac","og_site_name":"Eyrignac et ses jardins","article_publisher":"https:\/\/www.facebook.com\/JardinsEyrignac\/","article_published_time":"2020-05-19T08:28:40+00:00","article_modified_time":"2024-10-04T09:26:04+00:00","og_image":[{"width":1500,"height":1000,"url":"https:\/\/www.eyrignac.com\/wp-content\/uploads\/2020\/05\/eyrignac_jardin_blanc_roses.jpg","type":"image\/jpeg"}],"author":"Rachel Coudray","twitter_card":"summary_large_image","twitter_creator":"@eyrignac","twitter_site":"@eyrignac","twitter_misc":{"\u00c9crit par":"Rachel Coudray","Dur\u00e9e de lecture estim\u00e9e":"3 minutes"},"schema":{"@context":"https:\/\/schema.org","@graph":[{"@type":"Article","@id":"https:\/\/www.eyrignac.com\/fr\/actualites\/dnouveaux-rosiers-jardin-blanc-eyrignac#article","isPartOf":{"@id":"https:\/\/www.eyrignac.com\/fr\/actualites\/dnouveaux-rosiers-jardin-blanc-eyrignac"},"author":{"name":"Rachel Coudray","@id":"https:\/\/www.eyrignac.com\/fr\/#\/schema\/person\/901d210a561794cfaa3ed8916bd242f9"},"headline":"De nouveaux rosiers pour le Jardin Blanc d\u2019Eyrignac","datePublished":"2020-05-19T08:28:40+00:00","dateModified":"2024-10-04T09:26:04+00:00","mainEntityOfPage":{"@id":"https:\/\/www.eyrignac.com\/fr\/actualites\/dnouveaux-rosiers-jardin-blanc-eyrignac"},"wordCount":528,"publisher":{"@id":"https:\/\/www.eyrignac.com\/fr\/#organization"},"image":{"@id":"https:\/\/www.eyrignac.com\/fr\/actualites\/dnouveaux-rosiers-jardin-blanc-eyrignac#primaryimage"},"thumbnailUrl":"https:\/\/www.eyrignac.com\/wp-content\/uploads\/2020\/05\/eyrignac_jardin_blanc_roses.jpg","articleSection":["Actualit\u00e9s"],"inLanguage":"fr-FR"},{"@type":"WebPage","@id":"https:\/\/www.eyrignac.com\/fr\/actualites\/dnouveaux-rosiers-jardin-blanc-eyrignac","url":"https:\/\/www.eyrignac.com\/fr\/actualites\/dnouveaux-rosiers-jardin-blanc-eyrignac","name":"De nouveaux rosiers pour le Jardin Blanc d\u2019Eyrignac","isPartOf":{"@id":"https:\/\/www.eyrignac.com\/fr\/#website"},"primaryImageOfPage":{"@id":"https:\/\/www.eyrignac.com\/fr\/actualites\/dnouveaux-rosiers-jardin-blanc-eyrignac#primaryimage"},"image":{"@id":"https:\/\/www.eyrignac.com\/fr\/actualites\/dnouveaux-rosiers-jardin-blanc-eyrignac#primaryimage"},"thumbnailUrl":"https:\/\/www.eyrignac.com\/wp-content\/uploads\/2020\/05\/eyrignac_jardin_blanc_roses.jpg","datePublished":"2020-05-19T08:28:40+00:00","dateModified":"2024-10-04T09:26:04+00:00","description":"Si \u00e0 Eyrignac, le jardin \u00e0 la fran\u00e7aise est une ode \u00e0 l\u2019art topiaire, le Jardin blanc est le paradis de la rose. De nouveaux rosiers ont \u00e9t\u00e9 plant\u00e9s ...","breadcrumb":{"@id":"https:\/\/www.eyrignac.com\/fr\/actualites\/dnouveaux-rosiers-jardin-blanc-eyrignac#breadcrumb"},"inLanguage":"fr-FR","potentialAction":[{"@type":"ReadAction","target":["https:\/\/www.eyrignac.com\/fr\/actualites\/dnouveaux-rosiers-jardin-blanc-eyrignac"]}]},{"@type":"ImageObject","inLanguage":"fr-FR","@id":"https:\/\/www.eyrignac.com\/fr\/actualites\/dnouveaux-rosiers-jardin-blanc-eyrignac#primaryimage","url":"https:\/\/www.eyrignac.com\/wp-content\/uploads\/2020\/05\/eyrignac_jardin_blanc_roses.jpg","contentUrl":"https:\/\/www.eyrignac.com\/wp-content\/uploads\/2020\/05\/eyrignac_jardin_blanc_roses.jpg","width":1500,"height":1000},{"@type":"BreadcrumbList","@id":"https:\/\/www.eyrignac.com\/fr\/actualites\/dnouveaux-rosiers-jardin-blanc-eyrignac#breadcrumb","itemListElement":[{"@type":"ListItem","position":1,"name":"Accueil","item":"https:\/\/www.eyrignac.com\/fr"},{"@type":"ListItem","position":2,"name":"De nouveaux rosiers pour le Jardin Blanc d\u2019Eyrignac"}]},{"@type":"WebSite","@id":"https:\/\/www.eyrignac.com\/fr\/#website","url":"https:\/\/www.eyrignac.com\/fr\/","name":"Eyrignac et ses jardins","description":"Lieu de verdure unique en Dordogne","publisher":{"@id":"https:\/\/www.eyrignac.com\/fr\/#organization"},"potentialAction":[{"@type":"SearchAction","target":{"@type":"EntryPoint","urlTemplate":"https:\/\/www.eyrignac.com\/fr\/?s={search_term_string}"},"query-input":{"@type":"PropertyValueSpecification","valueRequired":true,"valueName":"search_term_string"}}],"inLanguage":"fr-FR"},{"@type":"Organization","@id":"https:\/\/www.eyrignac.com\/fr\/#organization","name":"Eyrignac","url":"https:\/\/www.eyrignac.com\/fr\/","logo":{"@type":"ImageObject","inLanguage":"fr-FR","@id":"https:\/\/www.eyrignac.com\/fr\/#\/schema\/logo\/image\/","url":"https:\/\/www.eyrignac.com\/wp-content\/uploads\/2017\/12\/logo-eyrignac.png","contentUrl":"https:\/\/www.eyrignac.com\/wp-content\/uploads\/2017\/12\/logo-eyrignac.png","width":500,"height":189,"caption":"Eyrignac"},"image":{"@id":"https:\/\/www.eyrignac.com\/fr\/#\/schema\/logo\/image\/"},"sameAs":["https:\/\/www.facebook.com\/JardinsEyrignac\/","https:\/\/x.com\/eyrignac","https:\/\/www.instagram.com\/eyrignac\/","https:\/\/www.pinterest.fr\/eyrignac\/","https:\/\/www.youtube.com\/channel\/UCjWc47ArIew83eRXXjaBowg"]},{"@type":"Person","@id":"https:\/\/www.eyrignac.com\/fr\/#\/schema\/person\/901d210a561794cfaa3ed8916bd242f9","name":"Rachel Coudray"}]}},"_links":{"self":[{"href":"https:\/\/www.eyrignac.com\/fr\/wp-json\/wp\/v2\/posts\/5094","targetHints":{"allow":["GET"]}}],"collection":[{"href":"https:\/\/www.eyrignac.com\/fr\/wp-json\/wp\/v2\/posts"}],"about":[{"href":"https:\/\/www.eyrignac.com\/fr\/wp-json\/wp\/v2\/types\/post"}],"author":[{"embeddable":true,"href":"https:\/\/www.eyrignac.com\/fr\/wp-json\/wp\/v2\/users\/3"}],"replies":[{"embeddable":true,"href":"https:\/\/www.eyrignac.com\/fr\/wp-json\/wp\/v2\/comments?post=5094"}],"version-history":[{"count":0,"href":"https:\/\/www.eyrignac.com\/fr\/wp-json\/wp\/v2\/posts\/5094\/revisions"}],"wp:featuredmedia":[{"embeddable":true,"href":"https:\/\/www.eyrignac.com\/fr\/wp-json\/wp\/v2\/media\/5107"}],"wp:attachment":[{"href":"https:\/\/www.eyrignac.com\/fr\/wp-json\/wp\/v2\/media?parent=5094"}],"wp:term":[{"taxonomy":"category","embeddable":true,"href":"https:\/\/www.eyrignac.com\/fr\/wp-json\/wp\/v2\/categories?post=5094"},{"taxonomy":"post_tag","embeddable":true,"href":"https:\/\/www.eyrignac.com\/fr\/wp-json\/wp\/v2\/tags?post=5094"}],"curies":[{"name":"wp","href":"https:\/\/api.w.org\/{rel}","templated":true}]}}