{"id":4920,"date":"2020-04-09T12:48:05","date_gmt":"2020-04-09T10:48:05","guid":{"rendered":"https:\/\/www.eyrignac.com\/?p=4920"},"modified":"2024-10-04T11:25:29","modified_gmt":"2024-10-04T09:25:29","slug":"famille-unie-autour-but-faire-vivre-jardins-eyrignac","status":"publish","type":"post","link":"https:\/\/www.eyrignac.com\/fr\/actualites\/famille-unie-autour-but-faire-vivre-jardins-eyrignac","title":{"rendered":"Une famille unie autour d\u2019un m\u00eame but : faire vivre les jardins d\u2019Eyrignac"},"content":{"rendered":"<div class=\"wpb-content-wrapper\"><p>[vc_row][vc_column][vc_column_text]<strong>La Nature n\u2019\u00e9tant pas confin\u00e9e, malgr\u00e9 l\u2019absence de visiteurs en raison de la situation sanitaire actuelle, les jardins d\u2019Eyrignac doivent \u00eatre entretenus au quotidien. Dans l\u2019attente du retour des jardiniers, toute la famille Sermadiras de Pouzols de Lile a pris le relai pour que les jardins soient pr\u00eats en vue de la r\u00e9ouverture que tous esp\u00e8rent prochaine. P\u00e8re et fils s\u2019affairant au jardin\u2026 un air de d\u00e9j\u00e0 vu \u00e0 Eyrignac.<\/strong>[\/vc_column_text][\/vc_column][\/vc_row][vc_row][vc_column][vc_media_grid grid_id=\u00a0\u00bbvc_gid:1587390080972-4cf75ac5-f8c3-8&Prime; include=\u00a0\u00bb3403,4923,4927&Prime;][\/vc_column][\/vc_row][vc_row][vc_column][vc_column_text]Depuis le 15 mars 2020, les jardins d\u2019Eyrignac, \u00e0 l\u2019instar de tous les sites touristiques et culturels n\u2019accueillent plus de visiteurs. La Nature n\u2019est elle cependant pas au repos et l&rsquo;<a href=\"https:\/\/www.eyrignac.com\/fr\/decouvrir-jardins-eyrignac\/entretien-jardins-eyrignac\">entretien des jardins<\/a> ne peut \u00eatre diff\u00e9r\u00e9. C\u2019est donc une \u00e9quipe familiale, compos\u00e9e de Patrick Sermadiras de Pouzols de Lile, actuel propri\u00e9taire, de son fils Gilles et de son \u00e9pouse Capucine, qui se pr\u00eate \u00e0 la t\u00e2che. Sous la houlette du chef jardinier, Laurent Chabane, chacun ex\u00e9cute les t\u00e2ches indispensables en ce d\u00e9but de printemps &#8211; traitement pr\u00e9ventif bio des Buis, fertilisation des gazons et traitement antigerminatif des gazons contre les gramin\u00e9es estivales ind\u00e9sirables, taille des buis et taille des topiaires, tonte. Bien s\u00fbr l\u2019inqui\u00e9tude des cons\u00e9quences de cette parenth\u00e8se inattendue qui arr\u00eate net la saison touristique au moment o\u00f9 celle-ci devait commencer est en permanence \u00e0 l\u2019esprit, mais pour le moment il faut parer \u00e0 l\u2019urgence : maintenir les jardins dans leur plus bel \u00e9tat, ou du moins faire au mieux dans l\u2019attente du retour de ceux que l\u2019on appelle \u00e0 Eyrignac, \u201cnos orf\u00e8vres de la Nature\u201d.[\/vc_column_text][\/vc_column][\/vc_row][vc_row][vc_column][vc_column_text]<\/p>\n<h3>Patrick et Gilles, p\u00e8re et fils oeuvrant aux jardins<\/h3>\n<p>[\/vc_column_text][\/vc_column][\/vc_row][vc_row][vc_column][vc_column_text]Les jardins d\u2019Eyrignac sont une affaire de famille et cette p\u00e9riode de confinement ne fait que confirmer cette maxime. Rappelons tout d\u2019abord que depuis 500 ans, <a href=\"https:\/\/www.eyrignac.com\/fr\/decouvrir-jardins-eyrignac\/jardins-eyrignac-heritage-familial\">22 g\u00e9n\u00e9rations de la m\u00eame famille se sont succ\u00e9d\u00e9 \u00e0 Eyrignac<\/a>, un cas rare en France car les domaines ont souvent chang\u00e9 de main au fil des si\u00e8cles. C\u2019est ce patrimoine familial et historique que Patrick, le p\u00e8re, et Gilles, le fils, ont \u00e0 coeur d\u2019entretenir aujourd\u2019hui. Un patrimoine enrichi par Gilles, le grand-p\u00e8re*, dans les ann\u00e9es 60, qui d\u00e9cide de doter le domaine d\u2019un jardin digne de ce nom. C\u2019est alors un autre duo qui oeuvre aux jardins, cette fois, il s\u2019agit donc de Gilles, le p\u00e8re et de Patrick, le fils, \u00e2g\u00e9 alors d\u2019une vingtaine d\u2019ann\u00e9es comme son fils Gilles aujourd\u2019hui. Le confinement donne \u00e0 Eyrignac un air de d\u00e9j\u00e0 vu ! On conna\u00eet la suite : de ces travaux extraordinaires sont n\u00e9s des jardins extraordinaires qui accueillent une collection de plus de <a href=\"https:\/\/www.eyrignac.com\/fr\/decouvrir-jardins-eyrignac\/art-topiaire\">300 sculptures v\u00e9g\u00e9tales (topiaires)<\/a> taill\u00e9es \u00e0 la main dans le respect des traditions ancestrales. Les jardins d\u2019Eyrignac sont inscrits \u00e0 la liste suppl\u00e9mentaire des Monuments Historiques des XVIIe et XVIIIe si\u00e8cles depuis 1986 et sont ouverts au public depuis 1987 ; ils ont \u00e9t\u00e9 labellis\u00e9s \u201cJardin remarquable\u201d en 2005 et ont re\u00e7u, \u00e0 nouveau en 2020, 2 \u00e9toiles au guide vert Michelin.<\/p>\n<p>Entour\u00e9s de nombreux soins, les jardins d\u2019Eyrignac seront pr\u00eats \u00e0 r\u00e9ouvrir au public d\u00e8s que la situation le permettra. A bient\u00f4t !<\/p>\n<p>*Gilles Sermadiras de Pouzols de Lile est d\u00e9c\u00e9d\u00e9 en 2007.[\/vc_column_text][\/vc_column][\/vc_row]<\/p>\n<\/div>","protected":false},"excerpt":{"rendered":"La Nature n\u2019\u00e9tant pas confin\u00e9e, dans l\u2019attente du retour des jardiniers, toute la famille Sermadiras de Pouzols de Lile a pris le relai pour que les jardins soient pr\u00eats en vue de la r\u00e9ouverture que tous esp\u00e8rent prochaine.","protected":false},"author":3,"featured_media":4927,"comment_status":"closed","ping_status":"open","sticky":false,"template":"","format":"standard","meta":{"_acf_changed":false,"footnotes":""},"categories":[5],"tags":[],"class_list":["post-4920","post","type-post","status-publish","format-standard","has-post-thumbnail","hentry","category-actualites"],"acf":[],"yoast_head":"<!-- This site is optimized with the Yoast SEO plugin v27.5 - https:\/\/yoast.com\/product\/yoast-seo-wordpress\/ -->\n<title>Une famille unie autour d\u2019un m\u00eame but : faire vivre les jardins d\u2019Eyrignac<\/title>\n<meta name=\"description\" content=\"Confinement : dans l\u2019attente du retour des jardiniers, toute la famille Sermadiras de Pouzols de Lile a pris le relai pour entretenir les jardins d&#039;Eyrignac\" \/>\n<meta name=\"robots\" content=\"index, follow, max-snippet:-1, max-image-preview:large, max-video-preview:-1\" \/>\n<link rel=\"canonical\" href=\"https:\/\/www.eyrignac.com\/fr\/actualites\/famille-unie-autour-but-faire-vivre-jardins-eyrignac\" \/>\n<meta property=\"og:locale\" content=\"fr_FR\" \/>\n<meta property=\"og:type\" content=\"article\" \/>\n<meta property=\"og:title\" content=\"Une famille unie autour d\u2019un m\u00eame but : faire vivre les jardins d\u2019Eyrignac\" \/>\n<meta property=\"og:description\" content=\"Confinement : dans l\u2019attente du retour des jardiniers, toute la famille Sermadiras de Pouzols de Lile a pris le relai pour entretenir les jardins d&#039;Eyrignac\" \/>\n<meta property=\"og:url\" content=\"https:\/\/www.eyrignac.com\/fr\/actualites\/famille-unie-autour-but-faire-vivre-jardins-eyrignac\" \/>\n<meta property=\"og:site_name\" content=\"Eyrignac et ses jardins\" \/>\n<meta property=\"article:publisher\" content=\"https:\/\/www.facebook.com\/JardinsEyrignac\/\" \/>\n<meta property=\"article:published_time\" content=\"2020-04-09T10:48:05+00:00\" \/>\n<meta property=\"article:modified_time\" content=\"2024-10-04T09:25:29+00:00\" \/>\n<meta property=\"og:image\" content=\"https:\/\/www.eyrignac.com\/wp-content\/uploads\/2020\/04\/eyrignac_patrick_gilles_sermadiras_portrait.jpg\" \/>\n\t<meta property=\"og:image:width\" content=\"667\" \/>\n\t<meta property=\"og:image:height\" content=\"1000\" \/>\n\t<meta property=\"og:image:type\" content=\"image\/jpeg\" \/>\n<meta name=\"author\" content=\"Rachel Coudray\" \/>\n<meta name=\"twitter:card\" content=\"summary_large_image\" \/>\n<meta name=\"twitter:creator\" content=\"@eyrignac\" \/>\n<meta name=\"twitter:site\" content=\"@eyrignac\" \/>\n<meta name=\"twitter:label1\" content=\"\u00c9crit par\" \/>\n\t<meta name=\"twitter:data1\" content=\"Rachel Coudray\" \/>\n\t<meta name=\"twitter:label2\" content=\"Dur\u00e9e de lecture estim\u00e9e\" \/>\n\t<meta name=\"twitter:data2\" content=\"3 minutes\" \/>\n<script type=\"application\/ld+json\" class=\"yoast-schema-graph\">{\"@context\":\"https:\\\/\\\/schema.org\",\"@graph\":[{\"@type\":\"Article\",\"@id\":\"https:\\\/\\\/www.eyrignac.com\\\/fr\\\/actualites\\\/famille-unie-autour-but-faire-vivre-jardins-eyrignac#article\",\"isPartOf\":{\"@id\":\"https:\\\/\\\/www.eyrignac.com\\\/fr\\\/actualites\\\/famille-unie-autour-but-faire-vivre-jardins-eyrignac\"},\"author\":{\"name\":\"Rachel Coudray\",\"@id\":\"https:\\\/\\\/www.eyrignac.com\\\/fr\\\/#\\\/schema\\\/person\\\/901d210a561794cfaa3ed8916bd242f9\"},\"headline\":\"Une famille unie autour d\u2019un m\u00eame but : faire vivre les jardins d\u2019Eyrignac\",\"datePublished\":\"2020-04-09T10:48:05+00:00\",\"dateModified\":\"2024-10-04T09:25:29+00:00\",\"mainEntityOfPage\":{\"@id\":\"https:\\\/\\\/www.eyrignac.com\\\/fr\\\/actualites\\\/famille-unie-autour-but-faire-vivre-jardins-eyrignac\"},\"wordCount\":657,\"publisher\":{\"@id\":\"https:\\\/\\\/www.eyrignac.com\\\/fr\\\/#organization\"},\"image\":{\"@id\":\"https:\\\/\\\/www.eyrignac.com\\\/fr\\\/actualites\\\/famille-unie-autour-but-faire-vivre-jardins-eyrignac#primaryimage\"},\"thumbnailUrl\":\"https:\\\/\\\/www.eyrignac.com\\\/wp-content\\\/uploads\\\/2020\\\/04\\\/eyrignac_patrick_gilles_sermadiras_portrait.jpg\",\"articleSection\":[\"Actualit\u00e9s\"],\"inLanguage\":\"fr-FR\"},{\"@type\":\"WebPage\",\"@id\":\"https:\\\/\\\/www.eyrignac.com\\\/fr\\\/actualites\\\/famille-unie-autour-but-faire-vivre-jardins-eyrignac\",\"url\":\"https:\\\/\\\/www.eyrignac.com\\\/fr\\\/actualites\\\/famille-unie-autour-but-faire-vivre-jardins-eyrignac\",\"name\":\"Une famille unie autour d\u2019un m\u00eame but : faire vivre les jardins d\u2019Eyrignac\",\"isPartOf\":{\"@id\":\"https:\\\/\\\/www.eyrignac.com\\\/fr\\\/#website\"},\"primaryImageOfPage\":{\"@id\":\"https:\\\/\\\/www.eyrignac.com\\\/fr\\\/actualites\\\/famille-unie-autour-but-faire-vivre-jardins-eyrignac#primaryimage\"},\"image\":{\"@id\":\"https:\\\/\\\/www.eyrignac.com\\\/fr\\\/actualites\\\/famille-unie-autour-but-faire-vivre-jardins-eyrignac#primaryimage\"},\"thumbnailUrl\":\"https:\\\/\\\/www.eyrignac.com\\\/wp-content\\\/uploads\\\/2020\\\/04\\\/eyrignac_patrick_gilles_sermadiras_portrait.jpg\",\"datePublished\":\"2020-04-09T10:48:05+00:00\",\"dateModified\":\"2024-10-04T09:25:29+00:00\",\"description\":\"Confinement : dans l\u2019attente du retour des jardiniers, toute la famille Sermadiras de Pouzols de Lile a pris le relai pour entretenir les jardins d'Eyrignac\",\"breadcrumb\":{\"@id\":\"https:\\\/\\\/www.eyrignac.com\\\/fr\\\/actualites\\\/famille-unie-autour-but-faire-vivre-jardins-eyrignac#breadcrumb\"},\"inLanguage\":\"fr-FR\",\"potentialAction\":[{\"@type\":\"ReadAction\",\"target\":[\"https:\\\/\\\/www.eyrignac.com\\\/fr\\\/actualites\\\/famille-unie-autour-but-faire-vivre-jardins-eyrignac\"]}]},{\"@type\":\"ImageObject\",\"inLanguage\":\"fr-FR\",\"@id\":\"https:\\\/\\\/www.eyrignac.com\\\/fr\\\/actualites\\\/famille-unie-autour-but-faire-vivre-jardins-eyrignac#primaryimage\",\"url\":\"https:\\\/\\\/www.eyrignac.com\\\/wp-content\\\/uploads\\\/2020\\\/04\\\/eyrignac_patrick_gilles_sermadiras_portrait.jpg\",\"contentUrl\":\"https:\\\/\\\/www.eyrignac.com\\\/wp-content\\\/uploads\\\/2020\\\/04\\\/eyrignac_patrick_gilles_sermadiras_portrait.jpg\",\"width\":667,\"height\":1000,\"caption\":\"Patrick et Gilles Sermadiras pendant le confinement\"},{\"@type\":\"BreadcrumbList\",\"@id\":\"https:\\\/\\\/www.eyrignac.com\\\/fr\\\/actualites\\\/famille-unie-autour-but-faire-vivre-jardins-eyrignac#breadcrumb\",\"itemListElement\":[{\"@type\":\"ListItem\",\"position\":1,\"name\":\"Accueil\",\"item\":\"https:\\\/\\\/www.eyrignac.com\\\/fr\"},{\"@type\":\"ListItem\",\"position\":2,\"name\":\"Une famille unie autour d\u2019un m\u00eame but : faire vivre les jardins d\u2019Eyrignac\"}]},{\"@type\":\"WebSite\",\"@id\":\"https:\\\/\\\/www.eyrignac.com\\\/fr\\\/#website\",\"url\":\"https:\\\/\\\/www.eyrignac.com\\\/fr\\\/\",\"name\":\"Eyrignac et ses jardins\",\"description\":\"Lieu de verdure unique en Dordogne\",\"publisher\":{\"@id\":\"https:\\\/\\\/www.eyrignac.com\\\/fr\\\/#organization\"},\"potentialAction\":[{\"@type\":\"SearchAction\",\"target\":{\"@type\":\"EntryPoint\",\"urlTemplate\":\"https:\\\/\\\/www.eyrignac.com\\\/fr\\\/?s={search_term_string}\"},\"query-input\":{\"@type\":\"PropertyValueSpecification\",\"valueRequired\":true,\"valueName\":\"search_term_string\"}}],\"inLanguage\":\"fr-FR\"},{\"@type\":\"Organization\",\"@id\":\"https:\\\/\\\/www.eyrignac.com\\\/fr\\\/#organization\",\"name\":\"Eyrignac\",\"url\":\"https:\\\/\\\/www.eyrignac.com\\\/fr\\\/\",\"logo\":{\"@type\":\"ImageObject\",\"inLanguage\":\"fr-FR\",\"@id\":\"https:\\\/\\\/www.eyrignac.com\\\/fr\\\/#\\\/schema\\\/logo\\\/image\\\/\",\"url\":\"https:\\\/\\\/www.eyrignac.com\\\/wp-content\\\/uploads\\\/2017\\\/12\\\/logo-eyrignac.png\",\"contentUrl\":\"https:\\\/\\\/www.eyrignac.com\\\/wp-content\\\/uploads\\\/2017\\\/12\\\/logo-eyrignac.png\",\"width\":500,\"height\":189,\"caption\":\"Eyrignac\"},\"image\":{\"@id\":\"https:\\\/\\\/www.eyrignac.com\\\/fr\\\/#\\\/schema\\\/logo\\\/image\\\/\"},\"sameAs\":[\"https:\\\/\\\/www.facebook.com\\\/JardinsEyrignac\\\/\",\"https:\\\/\\\/x.com\\\/eyrignac\",\"https:\\\/\\\/www.instagram.com\\\/eyrignac\\\/\",\"https:\\\/\\\/www.pinterest.fr\\\/eyrignac\\\/\",\"https:\\\/\\\/www.youtube.com\\\/channel\\\/UCjWc47ArIew83eRXXjaBowg\"]},{\"@type\":\"Person\",\"@id\":\"https:\\\/\\\/www.eyrignac.com\\\/fr\\\/#\\\/schema\\\/person\\\/901d210a561794cfaa3ed8916bd242f9\",\"name\":\"Rachel Coudray\"}]}<\/script>\n<!-- \/ Yoast SEO plugin. -->","yoast_head_json":{"title":"Une famille unie autour d\u2019un m\u00eame but : faire vivre les jardins d\u2019Eyrignac","description":"Confinement : dans l\u2019attente du retour des jardiniers, toute la famille Sermadiras de Pouzols de Lile a pris le relai pour entretenir les jardins d'Eyrignac","robots":{"index":"index","follow":"follow","max-snippet":"max-snippet:-1","max-image-preview":"max-image-preview:large","max-video-preview":"max-video-preview:-1"},"canonical":"https:\/\/www.eyrignac.com\/fr\/actualites\/famille-unie-autour-but-faire-vivre-jardins-eyrignac","og_locale":"fr_FR","og_type":"article","og_title":"Une famille unie autour d\u2019un m\u00eame but : faire vivre les jardins d\u2019Eyrignac","og_description":"Confinement : dans l\u2019attente du retour des jardiniers, toute la famille Sermadiras de Pouzols de Lile a pris le relai pour entretenir les jardins d'Eyrignac","og_url":"https:\/\/www.eyrignac.com\/fr\/actualites\/famille-unie-autour-but-faire-vivre-jardins-eyrignac","og_site_name":"Eyrignac et ses jardins","article_publisher":"https:\/\/www.facebook.com\/JardinsEyrignac\/","article_published_time":"2020-04-09T10:48:05+00:00","article_modified_time":"2024-10-04T09:25:29+00:00","og_image":[{"width":667,"height":1000,"url":"https:\/\/www.eyrignac.com\/wp-content\/uploads\/2020\/04\/eyrignac_patrick_gilles_sermadiras_portrait.jpg","type":"image\/jpeg"}],"author":"Rachel Coudray","twitter_card":"summary_large_image","twitter_creator":"@eyrignac","twitter_site":"@eyrignac","twitter_misc":{"\u00c9crit par":"Rachel Coudray","Dur\u00e9e de lecture estim\u00e9e":"3 minutes"},"schema":{"@context":"https:\/\/schema.org","@graph":[{"@type":"Article","@id":"https:\/\/www.eyrignac.com\/fr\/actualites\/famille-unie-autour-but-faire-vivre-jardins-eyrignac#article","isPartOf":{"@id":"https:\/\/www.eyrignac.com\/fr\/actualites\/famille-unie-autour-but-faire-vivre-jardins-eyrignac"},"author":{"name":"Rachel Coudray","@id":"https:\/\/www.eyrignac.com\/fr\/#\/schema\/person\/901d210a561794cfaa3ed8916bd242f9"},"headline":"Une famille unie autour d\u2019un m\u00eame but : faire vivre les jardins d\u2019Eyrignac","datePublished":"2020-04-09T10:48:05+00:00","dateModified":"2024-10-04T09:25:29+00:00","mainEntityOfPage":{"@id":"https:\/\/www.eyrignac.com\/fr\/actualites\/famille-unie-autour-but-faire-vivre-jardins-eyrignac"},"wordCount":657,"publisher":{"@id":"https:\/\/www.eyrignac.com\/fr\/#organization"},"image":{"@id":"https:\/\/www.eyrignac.com\/fr\/actualites\/famille-unie-autour-but-faire-vivre-jardins-eyrignac#primaryimage"},"thumbnailUrl":"https:\/\/www.eyrignac.com\/wp-content\/uploads\/2020\/04\/eyrignac_patrick_gilles_sermadiras_portrait.jpg","articleSection":["Actualit\u00e9s"],"inLanguage":"fr-FR"},{"@type":"WebPage","@id":"https:\/\/www.eyrignac.com\/fr\/actualites\/famille-unie-autour-but-faire-vivre-jardins-eyrignac","url":"https:\/\/www.eyrignac.com\/fr\/actualites\/famille-unie-autour-but-faire-vivre-jardins-eyrignac","name":"Une famille unie autour d\u2019un m\u00eame but : faire vivre les jardins d\u2019Eyrignac","isPartOf":{"@id":"https:\/\/www.eyrignac.com\/fr\/#website"},"primaryImageOfPage":{"@id":"https:\/\/www.eyrignac.com\/fr\/actualites\/famille-unie-autour-but-faire-vivre-jardins-eyrignac#primaryimage"},"image":{"@id":"https:\/\/www.eyrignac.com\/fr\/actualites\/famille-unie-autour-but-faire-vivre-jardins-eyrignac#primaryimage"},"thumbnailUrl":"https:\/\/www.eyrignac.com\/wp-content\/uploads\/2020\/04\/eyrignac_patrick_gilles_sermadiras_portrait.jpg","datePublished":"2020-04-09T10:48:05+00:00","dateModified":"2024-10-04T09:25:29+00:00","description":"Confinement : dans l\u2019attente du retour des jardiniers, toute la famille Sermadiras de Pouzols de Lile a pris le relai pour entretenir les jardins d'Eyrignac","breadcrumb":{"@id":"https:\/\/www.eyrignac.com\/fr\/actualites\/famille-unie-autour-but-faire-vivre-jardins-eyrignac#breadcrumb"},"inLanguage":"fr-FR","potentialAction":[{"@type":"ReadAction","target":["https:\/\/www.eyrignac.com\/fr\/actualites\/famille-unie-autour-but-faire-vivre-jardins-eyrignac"]}]},{"@type":"ImageObject","inLanguage":"fr-FR","@id":"https:\/\/www.eyrignac.com\/fr\/actualites\/famille-unie-autour-but-faire-vivre-jardins-eyrignac#primaryimage","url":"https:\/\/www.eyrignac.com\/wp-content\/uploads\/2020\/04\/eyrignac_patrick_gilles_sermadiras_portrait.jpg","contentUrl":"https:\/\/www.eyrignac.com\/wp-content\/uploads\/2020\/04\/eyrignac_patrick_gilles_sermadiras_portrait.jpg","width":667,"height":1000,"caption":"Patrick et Gilles Sermadiras pendant le confinement"},{"@type":"BreadcrumbList","@id":"https:\/\/www.eyrignac.com\/fr\/actualites\/famille-unie-autour-but-faire-vivre-jardins-eyrignac#breadcrumb","itemListElement":[{"@type":"ListItem","position":1,"name":"Accueil","item":"https:\/\/www.eyrignac.com\/fr"},{"@type":"ListItem","position":2,"name":"Une famille unie autour d\u2019un m\u00eame but : faire vivre les jardins d\u2019Eyrignac"}]},{"@type":"WebSite","@id":"https:\/\/www.eyrignac.com\/fr\/#website","url":"https:\/\/www.eyrignac.com\/fr\/","name":"Eyrignac et ses jardins","description":"Lieu de verdure unique en Dordogne","publisher":{"@id":"https:\/\/www.eyrignac.com\/fr\/#organization"},"potentialAction":[{"@type":"SearchAction","target":{"@type":"EntryPoint","urlTemplate":"https:\/\/www.eyrignac.com\/fr\/?s={search_term_string}"},"query-input":{"@type":"PropertyValueSpecification","valueRequired":true,"valueName":"search_term_string"}}],"inLanguage":"fr-FR"},{"@type":"Organization","@id":"https:\/\/www.eyrignac.com\/fr\/#organization","name":"Eyrignac","url":"https:\/\/www.eyrignac.com\/fr\/","logo":{"@type":"ImageObject","inLanguage":"fr-FR","@id":"https:\/\/www.eyrignac.com\/fr\/#\/schema\/logo\/image\/","url":"https:\/\/www.eyrignac.com\/wp-content\/uploads\/2017\/12\/logo-eyrignac.png","contentUrl":"https:\/\/www.eyrignac.com\/wp-content\/uploads\/2017\/12\/logo-eyrignac.png","width":500,"height":189,"caption":"Eyrignac"},"image":{"@id":"https:\/\/www.eyrignac.com\/fr\/#\/schema\/logo\/image\/"},"sameAs":["https:\/\/www.facebook.com\/JardinsEyrignac\/","https:\/\/x.com\/eyrignac","https:\/\/www.instagram.com\/eyrignac\/","https:\/\/www.pinterest.fr\/eyrignac\/","https:\/\/www.youtube.com\/channel\/UCjWc47ArIew83eRXXjaBowg"]},{"@type":"Person","@id":"https:\/\/www.eyrignac.com\/fr\/#\/schema\/person\/901d210a561794cfaa3ed8916bd242f9","name":"Rachel Coudray"}]}},"_links":{"self":[{"href":"https:\/\/www.eyrignac.com\/fr\/wp-json\/wp\/v2\/posts\/4920","targetHints":{"allow":["GET"]}}],"collection":[{"href":"https:\/\/www.eyrignac.com\/fr\/wp-json\/wp\/v2\/posts"}],"about":[{"href":"https:\/\/www.eyrignac.com\/fr\/wp-json\/wp\/v2\/types\/post"}],"author":[{"embeddable":true,"href":"https:\/\/www.eyrignac.com\/fr\/wp-json\/wp\/v2\/users\/3"}],"replies":[{"embeddable":true,"href":"https:\/\/www.eyrignac.com\/fr\/wp-json\/wp\/v2\/comments?post=4920"}],"version-history":[{"count":0,"href":"https:\/\/www.eyrignac.com\/fr\/wp-json\/wp\/v2\/posts\/4920\/revisions"}],"wp:featuredmedia":[{"embeddable":true,"href":"https:\/\/www.eyrignac.com\/fr\/wp-json\/wp\/v2\/media\/4927"}],"wp:attachment":[{"href":"https:\/\/www.eyrignac.com\/fr\/wp-json\/wp\/v2\/media?parent=4920"}],"wp:term":[{"taxonomy":"category","embeddable":true,"href":"https:\/\/www.eyrignac.com\/fr\/wp-json\/wp\/v2\/categories?post=4920"},{"taxonomy":"post_tag","embeddable":true,"href":"https:\/\/www.eyrignac.com\/fr\/wp-json\/wp\/v2\/tags?post=4920"}],"curies":[{"name":"wp","href":"https:\/\/api.w.org\/{rel}","templated":true}]}}