{"id":4822,"date":"2020-03-01T19:23:16","date_gmt":"2020-03-01T18:23:16","guid":{"rendered":"https:\/\/www.eyrignac.com\/?p=4822"},"modified":"2024-10-04T11:26:55","modified_gmt":"2024-10-04T09:26:55","slug":"exposition-entre-fer-et-feuilles-patrick-lainville-1-avril-15-novembre-2020","status":"publish","type":"post","link":"https:\/\/www.eyrignac.com\/fr\/actualites\/exposition-entre-fer-et-feuilles-patrick-lainville-1-avril-15-novembre-2020","title":{"rendered":"Exposition : \u00ab\u00a0Entre fer et feuilles\u00a0\u00bb de Patrick Lainville du 1er avril au 15 novembre 2020"},"content":{"rendered":"<div class=\"wpb-content-wrapper\"><p>[vc_row][vc_column width=\u00a0\u00bb1\/4&Prime;][vc_column_text]<img decoding=\"async\" width=\"667\" height=\"1000\" class=\"aligncenter size-full wp-image-4829\" src=\"https:\/\/www.eyrignac.com\/wp-content\/uploads\/2020\/03\/eyrignac_exposition_lainville_1.jpg\" alt=\"\" \/>[\/vc_column_text][vc_column_text]<img decoding=\"async\" width=\"1000\" height=\"667\" class=\"aligncenter size-full wp-image-4825\" src=\"https:\/\/www.eyrignac.com\/wp-content\/uploads\/2020\/03\/eyrignac_exposition_lainville_3.jpg\" alt=\"Exposition de Patrick Lainville \u00e0 Eyrignac (2020)\" srcset=\"https:\/\/www.eyrignac.com\/wp-content\/uploads\/2020\/03\/eyrignac_exposition_lainville_3.jpg 1000w, https:\/\/www.eyrignac.com\/wp-content\/uploads\/2020\/03\/eyrignac_exposition_lainville_3-768x512.jpg 768w\" sizes=\"(max-width: 1000px) 100vw, 1000px\" \/>[\/vc_column_text][vc_column_text]<img decoding=\"async\" width=\"1000\" height=\"667\" class=\"aligncenter size-full wp-image-4827\" src=\"https:\/\/www.eyrignac.com\/wp-content\/uploads\/2020\/03\/eyrignac_exposition_lainville_2.jpg\" alt=\"Exposition de Patrick Lainville \u00e0 Eyrignac (2020)\" srcset=\"https:\/\/www.eyrignac.com\/wp-content\/uploads\/2020\/03\/eyrignac_exposition_lainville_2.jpg 1000w, https:\/\/www.eyrignac.com\/wp-content\/uploads\/2020\/03\/eyrignac_exposition_lainville_2-768x512.jpg 768w\" sizes=\"(max-width: 1000px) 100vw, 1000px\" \/>[\/vc_column_text][vc_column_text]<img decoding=\"async\" width=\"1500\" height=\"1000\" class=\"aligncenter size-full wp-image-4724\" src=\"https:\/\/www.eyrignac.com\/wp-content\/uploads\/2020\/02\/Exposition-Patrick-Lainville-2020-Eyrignac-et-ses-Jardins-1500x1000.jpg\" alt=\"Exposition de Patrick Lainville \u00e0 Eyrignac (2020)\" srcset=\"https:\/\/www.eyrignac.com\/wp-content\/uploads\/2020\/02\/Exposition-Patrick-Lainville-2020-Eyrignac-et-ses-Jardins-1500x1000.jpg 1500w, https:\/\/www.eyrignac.com\/wp-content\/uploads\/2020\/02\/Exposition-Patrick-Lainville-2020-Eyrignac-et-ses-Jardins-1500x1000-768x512.jpg 768w, https:\/\/www.eyrignac.com\/wp-content\/uploads\/2020\/02\/Exposition-Patrick-Lainville-2020-Eyrignac-et-ses-Jardins-1500x1000-1200x800.jpg 1200w\" sizes=\"(max-width: 1500px) 100vw, 1500px\" \/>[\/vc_column_text][\/vc_column][vc_column width=\u00a0\u00bb3\/4&Prime;][vc_column_text]<strong>A compter du 1er avril 2020, le circuit de visite des jardins d&rsquo;Eyrignac s&rsquo;enrichit des 40 sculptures cr\u00e9\u00e9es par Patrick Lainville autour du th\u00e8me \u00ab\u00a0Entre fer et feuilles\u00a0\u00bb.<\/strong>[\/vc_column_text][vc_column_text]<\/p>\n<h3>Art contemporain \u00e0 Eyrignac<\/h3>\n<p>Chaque ann\u00e9e, les jardins d&rsquo;Eyrignac accueillent un artiste contemporain invit\u00e9. D&rsquo;avril \u00e0 novembre 2020, le sculpteur Patrick Lainville expose ses oeuvres dans les jardins. Elles ont \u00e9t\u00e9 pens\u00e9es pour engager un dialogue entre le visiteur et les jardins comme si elles \u00e9taient un m\u00e9diateur qui souligne certains aspects des jardins soit par l&rsquo;accord soit par le contraste.<br \/>\nLe fer forg\u00e9 est la mati\u00e8re de pr\u00e9dilection de Patrick Lainville. D&rsquo;ordinaire, il aime conserver l&rsquo;aspect brut de ses scukptures mais pour son installation \u00e0 Eyrignac, il s&rsquo;est autoris\u00e9 \u00e0 peindre certaines de ses oeuvres.[\/vc_column_text][vc_column_text]<\/p>\n<h3>Le sculpteur Patrick Lainville<\/h3>\n<p>Patrick Lainville est dipl\u00f4m\u00e9 de l\u2019\u00c9cole des Beaux Arts de Valence.<br \/>\nSon travail repose sur la synergie entre le feu et le m\u00e9tal. Le fa\u00e7onnage du m\u00e9tal est fait avec patience, avec attention, jusqu&rsquo;\u00e0 r\u00e9v\u00e9ler l\u2019essentiel qui s&rsquo;exprime dans la mati\u00e8re brute.\u00a0Ses oeuvres ont fait l\u2019objet de plusieurs expositions personnelles et collectives depuis 2000 ainsi que de publications.<br \/>\nSon atelier est situ\u00e9 \u00e0 Saint-Sozy pr\u00e8s de Souillac.[\/vc_column_text][vc_column_text]<em>L&rsquo;exposition \u00ab\u00a0Entre fer et feuilles\u00a0\u00bb de Patrick Lainville est visible du 1er avril au 15 novembre 2020 sans suppl\u00e9ment au billet d&rsquo;entr\u00e9e.<\/em>[\/vc_column_text][\/vc_column][\/vc_row]<\/p>\n<\/div>","protected":false},"excerpt":{"rendered":"A compter du 1er avril 2020, le circuit de visite des jardins d&rsquo;Eyrignac s&rsquo;enrichit des 40 sculptures cr\u00e9\u00e9es par Patrick Lainville autour du th\u00e8me \u00ab\u00a0Entre fer et feuilles\u00a0\u00bb.","protected":false},"author":3,"featured_media":4724,"comment_status":"closed","ping_status":"open","sticky":false,"template":"","format":"standard","meta":{"_acf_changed":false,"footnotes":""},"categories":[5],"tags":[],"class_list":["post-4822","post","type-post","status-publish","format-standard","has-post-thumbnail","hentry","category-actualites"],"acf":[],"yoast_head":"<!-- This site is optimized with the Yoast SEO plugin v27.5 - https:\/\/yoast.com\/product\/yoast-seo-wordpress\/ -->\n<title>Exposition : &quot;Entre fer et feuilles&quot; de Patrick Lainville du 1\/04 au 15\/11\/2020<\/title>\n<meta name=\"description\" content=\"En 2020, le circuit de visite des jardins d&#039;Eyrignac s&#039;enrichit des sculptures cr\u00e9\u00e9es par Patrick Lainville sur le th\u00e8me &quot;Entre fer et feuilles&quot;.\" \/>\n<meta name=\"robots\" content=\"index, follow, max-snippet:-1, max-image-preview:large, max-video-preview:-1\" \/>\n<link rel=\"canonical\" href=\"https:\/\/www.eyrignac.com\/fr\/actualites\/exposition-entre-fer-et-feuilles-patrick-lainville-1-avril-15-novembre-2020\" \/>\n<meta property=\"og:locale\" content=\"fr_FR\" \/>\n<meta property=\"og:type\" content=\"article\" \/>\n<meta property=\"og:title\" content=\"Exposition : &quot;Entre fer et feuilles&quot; de Patrick Lainville du 1\/04 au 15\/11\/2020\" \/>\n<meta property=\"og:description\" content=\"En 2020, le circuit de visite des jardins d&#039;Eyrignac s&#039;enrichit des sculptures cr\u00e9\u00e9es par Patrick Lainville sur le th\u00e8me &quot;Entre fer et feuilles&quot;.\" \/>\n<meta property=\"og:url\" content=\"https:\/\/www.eyrignac.com\/fr\/actualites\/exposition-entre-fer-et-feuilles-patrick-lainville-1-avril-15-novembre-2020\" \/>\n<meta property=\"og:site_name\" content=\"Eyrignac et ses jardins\" \/>\n<meta property=\"article:publisher\" content=\"https:\/\/www.facebook.com\/JardinsEyrignac\/\" \/>\n<meta property=\"article:published_time\" content=\"2020-03-01T18:23:16+00:00\" \/>\n<meta property=\"article:modified_time\" content=\"2024-10-04T09:26:55+00:00\" \/>\n<meta property=\"og:image\" content=\"https:\/\/www.eyrignac.com\/wp-content\/uploads\/2020\/02\/Exposition-Patrick-Lainville-2020-Eyrignac-et-ses-Jardins-1500x1000.jpg\" \/>\n\t<meta property=\"og:image:width\" content=\"1500\" \/>\n\t<meta property=\"og:image:height\" content=\"1000\" \/>\n\t<meta property=\"og:image:type\" content=\"image\/jpeg\" \/>\n<meta name=\"author\" content=\"Rachel Coudray\" \/>\n<meta name=\"twitter:card\" content=\"summary_large_image\" \/>\n<meta name=\"twitter:creator\" content=\"@eyrignac\" \/>\n<meta name=\"twitter:site\" content=\"@eyrignac\" \/>\n<meta name=\"twitter:label1\" content=\"\u00c9crit par\" \/>\n\t<meta name=\"twitter:data1\" content=\"Rachel Coudray\" \/>\n\t<meta name=\"twitter:label2\" content=\"Dur\u00e9e de lecture estim\u00e9e\" \/>\n\t<meta name=\"twitter:data2\" content=\"1 minute\" \/>\n<script type=\"application\/ld+json\" class=\"yoast-schema-graph\">{\"@context\":\"https:\\\/\\\/schema.org\",\"@graph\":[{\"@type\":\"Article\",\"@id\":\"https:\\\/\\\/www.eyrignac.com\\\/fr\\\/actualites\\\/exposition-entre-fer-et-feuilles-patrick-lainville-1-avril-15-novembre-2020#article\",\"isPartOf\":{\"@id\":\"https:\\\/\\\/www.eyrignac.com\\\/fr\\\/actualites\\\/exposition-entre-fer-et-feuilles-patrick-lainville-1-avril-15-novembre-2020\"},\"author\":{\"name\":\"Rachel Coudray\",\"@id\":\"https:\\\/\\\/www.eyrignac.com\\\/fr\\\/#\\\/schema\\\/person\\\/901d210a561794cfaa3ed8916bd242f9\"},\"headline\":\"Exposition : \u00ab\u00a0Entre fer et feuilles\u00a0\u00bb de Patrick Lainville du 1er avril au 15 novembre 2020\",\"datePublished\":\"2020-03-01T18:23:16+00:00\",\"dateModified\":\"2024-10-04T09:26:55+00:00\",\"mainEntityOfPage\":{\"@id\":\"https:\\\/\\\/www.eyrignac.com\\\/fr\\\/actualites\\\/exposition-entre-fer-et-feuilles-patrick-lainville-1-avril-15-novembre-2020\"},\"wordCount\":313,\"publisher\":{\"@id\":\"https:\\\/\\\/www.eyrignac.com\\\/fr\\\/#organization\"},\"image\":{\"@id\":\"https:\\\/\\\/www.eyrignac.com\\\/fr\\\/actualites\\\/exposition-entre-fer-et-feuilles-patrick-lainville-1-avril-15-novembre-2020#primaryimage\"},\"thumbnailUrl\":\"https:\\\/\\\/www.eyrignac.com\\\/wp-content\\\/uploads\\\/2020\\\/02\\\/Exposition-Patrick-Lainville-2020-Eyrignac-et-ses-Jardins-1500x1000.jpg\",\"articleSection\":[\"Actualit\u00e9s\"],\"inLanguage\":\"fr-FR\"},{\"@type\":\"WebPage\",\"@id\":\"https:\\\/\\\/www.eyrignac.com\\\/fr\\\/actualites\\\/exposition-entre-fer-et-feuilles-patrick-lainville-1-avril-15-novembre-2020\",\"url\":\"https:\\\/\\\/www.eyrignac.com\\\/fr\\\/actualites\\\/exposition-entre-fer-et-feuilles-patrick-lainville-1-avril-15-novembre-2020\",\"name\":\"Exposition : \\\"Entre fer et feuilles\\\" de Patrick Lainville du 1\\\/04 au 15\\\/11\\\/2020\",\"isPartOf\":{\"@id\":\"https:\\\/\\\/www.eyrignac.com\\\/fr\\\/#website\"},\"primaryImageOfPage\":{\"@id\":\"https:\\\/\\\/www.eyrignac.com\\\/fr\\\/actualites\\\/exposition-entre-fer-et-feuilles-patrick-lainville-1-avril-15-novembre-2020#primaryimage\"},\"image\":{\"@id\":\"https:\\\/\\\/www.eyrignac.com\\\/fr\\\/actualites\\\/exposition-entre-fer-et-feuilles-patrick-lainville-1-avril-15-novembre-2020#primaryimage\"},\"thumbnailUrl\":\"https:\\\/\\\/www.eyrignac.com\\\/wp-content\\\/uploads\\\/2020\\\/02\\\/Exposition-Patrick-Lainville-2020-Eyrignac-et-ses-Jardins-1500x1000.jpg\",\"datePublished\":\"2020-03-01T18:23:16+00:00\",\"dateModified\":\"2024-10-04T09:26:55+00:00\",\"description\":\"En 2020, le circuit de visite des jardins d'Eyrignac s'enrichit des sculptures cr\u00e9\u00e9es par Patrick Lainville sur le th\u00e8me \\\"Entre fer et feuilles\\\".\",\"breadcrumb\":{\"@id\":\"https:\\\/\\\/www.eyrignac.com\\\/fr\\\/actualites\\\/exposition-entre-fer-et-feuilles-patrick-lainville-1-avril-15-novembre-2020#breadcrumb\"},\"inLanguage\":\"fr-FR\",\"potentialAction\":[{\"@type\":\"ReadAction\",\"target\":[\"https:\\\/\\\/www.eyrignac.com\\\/fr\\\/actualites\\\/exposition-entre-fer-et-feuilles-patrick-lainville-1-avril-15-novembre-2020\"]}]},{\"@type\":\"ImageObject\",\"inLanguage\":\"fr-FR\",\"@id\":\"https:\\\/\\\/www.eyrignac.com\\\/fr\\\/actualites\\\/exposition-entre-fer-et-feuilles-patrick-lainville-1-avril-15-novembre-2020#primaryimage\",\"url\":\"https:\\\/\\\/www.eyrignac.com\\\/wp-content\\\/uploads\\\/2020\\\/02\\\/Exposition-Patrick-Lainville-2020-Eyrignac-et-ses-Jardins-1500x1000.jpg\",\"contentUrl\":\"https:\\\/\\\/www.eyrignac.com\\\/wp-content\\\/uploads\\\/2020\\\/02\\\/Exposition-Patrick-Lainville-2020-Eyrignac-et-ses-Jardins-1500x1000.jpg\",\"width\":1500,\"height\":1000,\"caption\":\"Exposition de Patrick Lainville \u00e0 Eyrignac (2020)\"},{\"@type\":\"BreadcrumbList\",\"@id\":\"https:\\\/\\\/www.eyrignac.com\\\/fr\\\/actualites\\\/exposition-entre-fer-et-feuilles-patrick-lainville-1-avril-15-novembre-2020#breadcrumb\",\"itemListElement\":[{\"@type\":\"ListItem\",\"position\":1,\"name\":\"Accueil\",\"item\":\"https:\\\/\\\/www.eyrignac.com\\\/fr\"},{\"@type\":\"ListItem\",\"position\":2,\"name\":\"Exposition : \u00ab\u00a0Entre fer et feuilles\u00a0\u00bb de Patrick Lainville du 1er avril au 15 novembre 2020\"}]},{\"@type\":\"WebSite\",\"@id\":\"https:\\\/\\\/www.eyrignac.com\\\/fr\\\/#website\",\"url\":\"https:\\\/\\\/www.eyrignac.com\\\/fr\\\/\",\"name\":\"Eyrignac et ses jardins\",\"description\":\"Lieu de verdure unique en Dordogne\",\"publisher\":{\"@id\":\"https:\\\/\\\/www.eyrignac.com\\\/fr\\\/#organization\"},\"potentialAction\":[{\"@type\":\"SearchAction\",\"target\":{\"@type\":\"EntryPoint\",\"urlTemplate\":\"https:\\\/\\\/www.eyrignac.com\\\/fr\\\/?s={search_term_string}\"},\"query-input\":{\"@type\":\"PropertyValueSpecification\",\"valueRequired\":true,\"valueName\":\"search_term_string\"}}],\"inLanguage\":\"fr-FR\"},{\"@type\":\"Organization\",\"@id\":\"https:\\\/\\\/www.eyrignac.com\\\/fr\\\/#organization\",\"name\":\"Eyrignac\",\"url\":\"https:\\\/\\\/www.eyrignac.com\\\/fr\\\/\",\"logo\":{\"@type\":\"ImageObject\",\"inLanguage\":\"fr-FR\",\"@id\":\"https:\\\/\\\/www.eyrignac.com\\\/fr\\\/#\\\/schema\\\/logo\\\/image\\\/\",\"url\":\"https:\\\/\\\/www.eyrignac.com\\\/wp-content\\\/uploads\\\/2017\\\/12\\\/logo-eyrignac.png\",\"contentUrl\":\"https:\\\/\\\/www.eyrignac.com\\\/wp-content\\\/uploads\\\/2017\\\/12\\\/logo-eyrignac.png\",\"width\":500,\"height\":189,\"caption\":\"Eyrignac\"},\"image\":{\"@id\":\"https:\\\/\\\/www.eyrignac.com\\\/fr\\\/#\\\/schema\\\/logo\\\/image\\\/\"},\"sameAs\":[\"https:\\\/\\\/www.facebook.com\\\/JardinsEyrignac\\\/\",\"https:\\\/\\\/x.com\\\/eyrignac\",\"https:\\\/\\\/www.instagram.com\\\/eyrignac\\\/\",\"https:\\\/\\\/www.pinterest.fr\\\/eyrignac\\\/\",\"https:\\\/\\\/www.youtube.com\\\/channel\\\/UCjWc47ArIew83eRXXjaBowg\"]},{\"@type\":\"Person\",\"@id\":\"https:\\\/\\\/www.eyrignac.com\\\/fr\\\/#\\\/schema\\\/person\\\/901d210a561794cfaa3ed8916bd242f9\",\"name\":\"Rachel Coudray\"}]}<\/script>\n<!-- \/ Yoast SEO plugin. -->","yoast_head_json":{"title":"Exposition : \"Entre fer et feuilles\" de Patrick Lainville du 1\/04 au 15\/11\/2020","description":"En 2020, le circuit de visite des jardins d'Eyrignac s'enrichit des sculptures cr\u00e9\u00e9es par Patrick Lainville sur le th\u00e8me \"Entre fer et feuilles\".","robots":{"index":"index","follow":"follow","max-snippet":"max-snippet:-1","max-image-preview":"max-image-preview:large","max-video-preview":"max-video-preview:-1"},"canonical":"https:\/\/www.eyrignac.com\/fr\/actualites\/exposition-entre-fer-et-feuilles-patrick-lainville-1-avril-15-novembre-2020","og_locale":"fr_FR","og_type":"article","og_title":"Exposition : \"Entre fer et feuilles\" de Patrick Lainville du 1\/04 au 15\/11\/2020","og_description":"En 2020, le circuit de visite des jardins d'Eyrignac s'enrichit des sculptures cr\u00e9\u00e9es par Patrick Lainville sur le th\u00e8me \"Entre fer et feuilles\".","og_url":"https:\/\/www.eyrignac.com\/fr\/actualites\/exposition-entre-fer-et-feuilles-patrick-lainville-1-avril-15-novembre-2020","og_site_name":"Eyrignac et ses jardins","article_publisher":"https:\/\/www.facebook.com\/JardinsEyrignac\/","article_published_time":"2020-03-01T18:23:16+00:00","article_modified_time":"2024-10-04T09:26:55+00:00","og_image":[{"width":1500,"height":1000,"url":"https:\/\/www.eyrignac.com\/wp-content\/uploads\/2020\/02\/Exposition-Patrick-Lainville-2020-Eyrignac-et-ses-Jardins-1500x1000.jpg","type":"image\/jpeg"}],"author":"Rachel Coudray","twitter_card":"summary_large_image","twitter_creator":"@eyrignac","twitter_site":"@eyrignac","twitter_misc":{"\u00c9crit par":"Rachel Coudray","Dur\u00e9e de lecture estim\u00e9e":"1 minute"},"schema":{"@context":"https:\/\/schema.org","@graph":[{"@type":"Article","@id":"https:\/\/www.eyrignac.com\/fr\/actualites\/exposition-entre-fer-et-feuilles-patrick-lainville-1-avril-15-novembre-2020#article","isPartOf":{"@id":"https:\/\/www.eyrignac.com\/fr\/actualites\/exposition-entre-fer-et-feuilles-patrick-lainville-1-avril-15-novembre-2020"},"author":{"name":"Rachel Coudray","@id":"https:\/\/www.eyrignac.com\/fr\/#\/schema\/person\/901d210a561794cfaa3ed8916bd242f9"},"headline":"Exposition : \u00ab\u00a0Entre fer et feuilles\u00a0\u00bb de Patrick Lainville du 1er avril au 15 novembre 2020","datePublished":"2020-03-01T18:23:16+00:00","dateModified":"2024-10-04T09:26:55+00:00","mainEntityOfPage":{"@id":"https:\/\/www.eyrignac.com\/fr\/actualites\/exposition-entre-fer-et-feuilles-patrick-lainville-1-avril-15-novembre-2020"},"wordCount":313,"publisher":{"@id":"https:\/\/www.eyrignac.com\/fr\/#organization"},"image":{"@id":"https:\/\/www.eyrignac.com\/fr\/actualites\/exposition-entre-fer-et-feuilles-patrick-lainville-1-avril-15-novembre-2020#primaryimage"},"thumbnailUrl":"https:\/\/www.eyrignac.com\/wp-content\/uploads\/2020\/02\/Exposition-Patrick-Lainville-2020-Eyrignac-et-ses-Jardins-1500x1000.jpg","articleSection":["Actualit\u00e9s"],"inLanguage":"fr-FR"},{"@type":"WebPage","@id":"https:\/\/www.eyrignac.com\/fr\/actualites\/exposition-entre-fer-et-feuilles-patrick-lainville-1-avril-15-novembre-2020","url":"https:\/\/www.eyrignac.com\/fr\/actualites\/exposition-entre-fer-et-feuilles-patrick-lainville-1-avril-15-novembre-2020","name":"Exposition : \"Entre fer et feuilles\" de Patrick Lainville du 1\/04 au 15\/11\/2020","isPartOf":{"@id":"https:\/\/www.eyrignac.com\/fr\/#website"},"primaryImageOfPage":{"@id":"https:\/\/www.eyrignac.com\/fr\/actualites\/exposition-entre-fer-et-feuilles-patrick-lainville-1-avril-15-novembre-2020#primaryimage"},"image":{"@id":"https:\/\/www.eyrignac.com\/fr\/actualites\/exposition-entre-fer-et-feuilles-patrick-lainville-1-avril-15-novembre-2020#primaryimage"},"thumbnailUrl":"https:\/\/www.eyrignac.com\/wp-content\/uploads\/2020\/02\/Exposition-Patrick-Lainville-2020-Eyrignac-et-ses-Jardins-1500x1000.jpg","datePublished":"2020-03-01T18:23:16+00:00","dateModified":"2024-10-04T09:26:55+00:00","description":"En 2020, le circuit de visite des jardins d'Eyrignac s'enrichit des sculptures cr\u00e9\u00e9es par Patrick Lainville sur le th\u00e8me \"Entre fer et feuilles\".","breadcrumb":{"@id":"https:\/\/www.eyrignac.com\/fr\/actualites\/exposition-entre-fer-et-feuilles-patrick-lainville-1-avril-15-novembre-2020#breadcrumb"},"inLanguage":"fr-FR","potentialAction":[{"@type":"ReadAction","target":["https:\/\/www.eyrignac.com\/fr\/actualites\/exposition-entre-fer-et-feuilles-patrick-lainville-1-avril-15-novembre-2020"]}]},{"@type":"ImageObject","inLanguage":"fr-FR","@id":"https:\/\/www.eyrignac.com\/fr\/actualites\/exposition-entre-fer-et-feuilles-patrick-lainville-1-avril-15-novembre-2020#primaryimage","url":"https:\/\/www.eyrignac.com\/wp-content\/uploads\/2020\/02\/Exposition-Patrick-Lainville-2020-Eyrignac-et-ses-Jardins-1500x1000.jpg","contentUrl":"https:\/\/www.eyrignac.com\/wp-content\/uploads\/2020\/02\/Exposition-Patrick-Lainville-2020-Eyrignac-et-ses-Jardins-1500x1000.jpg","width":1500,"height":1000,"caption":"Exposition de Patrick Lainville \u00e0 Eyrignac (2020)"},{"@type":"BreadcrumbList","@id":"https:\/\/www.eyrignac.com\/fr\/actualites\/exposition-entre-fer-et-feuilles-patrick-lainville-1-avril-15-novembre-2020#breadcrumb","itemListElement":[{"@type":"ListItem","position":1,"name":"Accueil","item":"https:\/\/www.eyrignac.com\/fr"},{"@type":"ListItem","position":2,"name":"Exposition : \u00ab\u00a0Entre fer et feuilles\u00a0\u00bb de Patrick Lainville du 1er avril au 15 novembre 2020"}]},{"@type":"WebSite","@id":"https:\/\/www.eyrignac.com\/fr\/#website","url":"https:\/\/www.eyrignac.com\/fr\/","name":"Eyrignac et ses jardins","description":"Lieu de verdure unique en Dordogne","publisher":{"@id":"https:\/\/www.eyrignac.com\/fr\/#organization"},"potentialAction":[{"@type":"SearchAction","target":{"@type":"EntryPoint","urlTemplate":"https:\/\/www.eyrignac.com\/fr\/?s={search_term_string}"},"query-input":{"@type":"PropertyValueSpecification","valueRequired":true,"valueName":"search_term_string"}}],"inLanguage":"fr-FR"},{"@type":"Organization","@id":"https:\/\/www.eyrignac.com\/fr\/#organization","name":"Eyrignac","url":"https:\/\/www.eyrignac.com\/fr\/","logo":{"@type":"ImageObject","inLanguage":"fr-FR","@id":"https:\/\/www.eyrignac.com\/fr\/#\/schema\/logo\/image\/","url":"https:\/\/www.eyrignac.com\/wp-content\/uploads\/2017\/12\/logo-eyrignac.png","contentUrl":"https:\/\/www.eyrignac.com\/wp-content\/uploads\/2017\/12\/logo-eyrignac.png","width":500,"height":189,"caption":"Eyrignac"},"image":{"@id":"https:\/\/www.eyrignac.com\/fr\/#\/schema\/logo\/image\/"},"sameAs":["https:\/\/www.facebook.com\/JardinsEyrignac\/","https:\/\/x.com\/eyrignac","https:\/\/www.instagram.com\/eyrignac\/","https:\/\/www.pinterest.fr\/eyrignac\/","https:\/\/www.youtube.com\/channel\/UCjWc47ArIew83eRXXjaBowg"]},{"@type":"Person","@id":"https:\/\/www.eyrignac.com\/fr\/#\/schema\/person\/901d210a561794cfaa3ed8916bd242f9","name":"Rachel Coudray"}]}},"_links":{"self":[{"href":"https:\/\/www.eyrignac.com\/fr\/wp-json\/wp\/v2\/posts\/4822","targetHints":{"allow":["GET"]}}],"collection":[{"href":"https:\/\/www.eyrignac.com\/fr\/wp-json\/wp\/v2\/posts"}],"about":[{"href":"https:\/\/www.eyrignac.com\/fr\/wp-json\/wp\/v2\/types\/post"}],"author":[{"embeddable":true,"href":"https:\/\/www.eyrignac.com\/fr\/wp-json\/wp\/v2\/users\/3"}],"replies":[{"embeddable":true,"href":"https:\/\/www.eyrignac.com\/fr\/wp-json\/wp\/v2\/comments?post=4822"}],"version-history":[{"count":0,"href":"https:\/\/www.eyrignac.com\/fr\/wp-json\/wp\/v2\/posts\/4822\/revisions"}],"wp:featuredmedia":[{"embeddable":true,"href":"https:\/\/www.eyrignac.com\/fr\/wp-json\/wp\/v2\/media\/4724"}],"wp:attachment":[{"href":"https:\/\/www.eyrignac.com\/fr\/wp-json\/wp\/v2\/media?parent=4822"}],"wp:term":[{"taxonomy":"category","embeddable":true,"href":"https:\/\/www.eyrignac.com\/fr\/wp-json\/wp\/v2\/categories?post=4822"},{"taxonomy":"post_tag","embeddable":true,"href":"https:\/\/www.eyrignac.com\/fr\/wp-json\/wp\/v2\/tags?post=4822"}],"curies":[{"name":"wp","href":"https:\/\/api.w.org\/{rel}","templated":true}]}}