{"id":436,"date":"2018-01-22T15:57:55","date_gmt":"2018-01-22T14:57:55","guid":{"rendered":"https:\/\/www.eyrignac.com\/?p=436"},"modified":"2024-03-18T09:43:55","modified_gmt":"2024-03-18T08:43:55","slug":"jardin-fleuriste-potager","status":"publish","type":"post","link":"https:\/\/www.eyrignac.com\/fr\/decouvrir-les-jardins-eyrignac\/jardin-fleuriste-potager","title":{"rendered":"Le jardin fleuriste et potager"},"content":{"rendered":"<div class=\"wpb-content-wrapper\"><p>[vc_row][vc_column][vc_column_text el_class=\u00a0\u00bbor\u00a0\u00bb]<\/p>\n<h1>Le Jardin fleuriste et le Potager<\/h1>\n<p>[\/vc_column_text][vc_column_text]Par d\u00e9finition, le jardin fleuriste aussi dit bouquetier est le jardin o\u00f9 sont cultiv\u00e9es les fleurs destin\u00e9es \u00e0 \u00eatre coup\u00e9es pour composer des bouquets.<\/p>\n<p>Cet espace champ\u00eatre se caract\u00e9rise par l\u2019abondance de couleurs vives m\u00eal\u00e9es aux verts des tiges et des feuillages.. D\u00e8s le Printemps et jusqu\u2019aux premi\u00e8res gel\u00e9es, se succ\u00e8dent tulipes, ails d\u2019ornement, lys, lupins, alstromeres, ainsi qu\u2019une importante collection de dahlias.<\/p>\n<p>&nbsp;<\/p>\n<p>S\u00e9par\u00e9 du Jardin fleuriste par une all\u00e9e couverte de c\u00e8dres pleureurs, le jardin Potager rappelle dans sa composition et ses dimensions modestes le jardin de Cur\u00e9 : des plates-bandes organis\u00e9es en quatre parcelles s\u00e9par\u00e9es les unes des autres par deux all\u00e9es perpendiculaires et un savant m\u00e9lange de l\u00e9gumes et de fleurs, fort b\u00e9n\u00e9fiques pour favoriser la culture de beaux et bons l\u00e9gumes car les fleurs repoussent ou pi\u00e8gent les parasites. Suivant les r\u00e8gles de la permaculture, aucun produit chimique n\u2019y est utilis\u00e9 : rotation des cultures, associations de plantes compagnes, r\u00e9pulsifs naturels sont les maitres mots ![\/vc_column_text][\/vc_column][\/vc_row][vc_row el_class=\u00a0\u00bbcarousel\u00a0\u00bb css=\u00a0\u00bb.vc_custom_1516807923091{margin-top: 25px !important;margin-bottom: 25px !important;}\u00a0\u00bb][vc_column]<div class=\"carousel-slider-outer carousel-slider-outer-image-carousel carousel-slider-outer-555\" style=\"--carousel-slider-nav-color:#a58b4b;--carousel-slider-active-nav-color:#a58b4b;--carousel-slider-arrow-size:72px;--carousel-slider-bullet-size:10px\">\n<div id=\"&#039;id-555\" class=\"carousel-slider carousel-slider-555 arrows-visibility-always dots-visibility-never arrows-outside dots-center dots-square owl-carousel\" data-slide-type=\"image-carousel\" data-owl-settings='{\"nav\":true,\"dots\":false,\"slideBy\":1,\"stagePadding\":0,\"margin\":10,\"loop\":false,\"lazyLoad\":false,\"autoplay\":true,\"autoplayTimeout\":5000,\"autoplaySpeed\":500,\"autoplayHoverPause\":true,\"autoWidth\":false,\"responsive\":{\"300\":{\"items\":1},\"576\":{\"items\":2},\"768\":{\"items\":2},\"1024\":{\"items\":3},\"1280\":{\"items\":4},\"1536\":{\"items\":5}}}'>\n<div class=\"carousel-slider__item\">\n\t<a class=\"magnific-popup\" href=\"https:\/\/www.eyrignac.com\/wp-content\/uploads\/2018\/01\/Jardin-fleuriste-et-potager-2.jpg\" data-width=\"800\" data-height=\"600\"><img decoding=\"async\" width=\"270\" height=\"350\" src=\"https:\/\/www.eyrignac.com\/wp-content\/uploads\/2018\/01\/Jardin-fleuriste-et-potager-2-270x350.jpg\" class=\"attachment-carousel size-carousel\" alt=\"Jardin Fleuriste \u00e0 Eyrignac\" \/><\/a><\/div>\n\n<div class=\"carousel-slider__item\">\n\t<a class=\"magnific-popup\" href=\"https:\/\/www.eyrignac.com\/wp-content\/uploads\/2018\/04\/Jardin_fleuriste2\u00a9Jerome_Morel.jpg\" data-width=\"1500\" data-height=\"1000\"><img decoding=\"async\" width=\"270\" height=\"350\" src=\"https:\/\/www.eyrignac.com\/wp-content\/uploads\/2018\/04\/Jardin_fleuriste2\u00a9Jerome_Morel-270x350.jpg\" class=\"attachment-carousel size-carousel\" alt=\"Jardin Fleuriste \u00a9J\u00e9rome Morel\" \/><\/a><\/div>\n\n<div class=\"carousel-slider__item\">\n\t<a class=\"magnific-popup\" href=\"https:\/\/www.eyrignac.com\/wp-content\/uploads\/2018\/01\/Jardin-fleuriste-et-potager-4.jpg\" data-width=\"800\" data-height=\"537\"><img decoding=\"async\" width=\"270\" height=\"350\" src=\"https:\/\/www.eyrignac.com\/wp-content\/uploads\/2018\/01\/Jardin-fleuriste-et-potager-4-270x350.jpg\" class=\"attachment-carousel size-carousel\" alt=\"Jardin Fleuriste \u00e0 Eyrignac\" \/><\/a><\/div>\n\n<div class=\"carousel-slider__item\">\n\t<a class=\"magnific-popup\" href=\"https:\/\/www.eyrignac.com\/wp-content\/uploads\/2018\/01\/eyrignac_potager3-e1523200218971.jpg\" data-width=\"750\" data-height=\"1000\"><img decoding=\"async\" width=\"270\" height=\"350\" src=\"https:\/\/www.eyrignac.com\/wp-content\/uploads\/2018\/01\/eyrignac_potager3-e1523200218971-270x350.jpg\" class=\"attachment-carousel size-carousel\" alt=\"Jardin Potager \u00e0 Eyrignac\" \/><\/a><\/div>\n\n<div class=\"carousel-slider__item\">\n\t<a class=\"magnific-popup\" href=\"https:\/\/www.eyrignac.com\/wp-content\/uploads\/2018\/01\/Jardin-fleuriste-et-potager.jpg\" data-width=\"800\" data-height=\"600\"><img decoding=\"async\" width=\"270\" height=\"350\" src=\"https:\/\/www.eyrignac.com\/wp-content\/uploads\/2018\/01\/Jardin-fleuriste-et-potager-270x350.jpg\" class=\"attachment-carousel size-carousel\" alt=\"Jardin Potager \u00e0 Eyrignac\" \/><\/a><\/div>\n\n<div class=\"carousel-slider__item\">\n\t<a class=\"magnific-popup\" href=\"https:\/\/www.eyrignac.com\/wp-content\/uploads\/2018\/03\/eyrignac_jardinpotager_\u00aeJeromeMorel.jpg\" data-width=\"1500\" data-height=\"1000\"><img decoding=\"async\" width=\"270\" height=\"350\" src=\"https:\/\/www.eyrignac.com\/wp-content\/uploads\/2018\/03\/eyrignac_jardinpotager_\u00aeJeromeMorel-270x350.jpg\" class=\"attachment-carousel size-carousel\" alt=\"Le potager d&#039;Eyrignac \u00aeJeromeMorel\" \/><\/a><\/div>\n\n<div class=\"carousel-slider__item\">\n\t<a class=\"magnific-popup\" href=\"https:\/\/www.eyrignac.com\/wp-content\/uploads\/2018\/01\/eyrignac_potager\u00aeJerome_Morel.jpg\" data-width=\"1000\" data-height=\"667\"><img decoding=\"async\" width=\"270\" height=\"350\" src=\"https:\/\/www.eyrignac.com\/wp-content\/uploads\/2018\/01\/eyrignac_potager\u00aeJerome_Morel-270x350.jpg\" class=\"attachment-carousel size-carousel\" alt=\"Le potager d&#039;Eyrignac \u00aeJ\u00e9rome Morel\" \/><\/a><\/div>\n\n<div class=\"carousel-slider__item\">\n\t<a class=\"magnific-popup\" href=\"https:\/\/www.eyrignac.com\/wp-content\/uploads\/2018\/01\/Jardin-fleuriste-et-potager-3.jpg\" data-width=\"402\" data-height=\"600\"><img decoding=\"async\" width=\"270\" height=\"350\" src=\"https:\/\/www.eyrignac.com\/wp-content\/uploads\/2018\/01\/Jardin-fleuriste-et-potager-3-270x350.jpg\" class=\"attachment-carousel size-carousel\" alt=\"Jardin Potager \u00e0 Eyrignac\" \/><\/a><\/div>\n\n<div class=\"carousel-slider__item\">\n\t<a class=\"magnific-popup\" href=\"https:\/\/www.eyrignac.com\/wp-content\/uploads\/2018\/01\/eyrignac_potager2-e1523200312913.jpg\" data-width=\"750\" data-height=\"1000\"><img decoding=\"async\" width=\"270\" height=\"350\" src=\"https:\/\/www.eyrignac.com\/wp-content\/uploads\/2018\/01\/eyrignac_potager2-e1523200312913-270x350.jpg\" class=\"attachment-carousel size-carousel\" alt=\"Jardin Potager \u00e0 Eyrignac\" \/><\/a><\/div>\n\n<div class=\"carousel-slider__item\">\n\t<a class=\"magnific-popup\" href=\"https:\/\/www.eyrignac.com\/wp-content\/uploads\/2018\/02\/eyrignac_potager-1.jpg\" data-width=\"900\" data-height=\"675\"><img decoding=\"async\" width=\"270\" height=\"350\" src=\"https:\/\/www.eyrignac.com\/wp-content\/uploads\/2018\/02\/eyrignac_potager-1-270x350.jpg\" class=\"attachment-carousel size-carousel\" alt=\"Potager \u00e0 Eyrignac\" \/><\/a><\/div>\n\n<div class=\"carousel-slider__item\">\n\t<a class=\"magnific-popup\" href=\"https:\/\/www.eyrignac.com\/wp-content\/uploads\/2018\/04\/Jardin_potager\u00a9Jerome_Morel.jpg\" data-width=\"1500\" data-height=\"1000\"><img decoding=\"async\" width=\"270\" height=\"350\" src=\"https:\/\/www.eyrignac.com\/wp-content\/uploads\/2018\/04\/Jardin_potager\u00a9Jerome_Morel-270x350.jpg\" class=\"attachment-carousel size-carousel\" alt=\"Jardin Potager \u00a9J\u00e9rome Morel\" \/><\/a><\/div>\n\n<div class=\"carousel-slider__item\">\n\t<a class=\"magnific-popup\" href=\"https:\/\/www.eyrignac.com\/wp-content\/uploads\/2018\/01\/eyrignac_potager2\u00aeJerome_Morel.jpg\" data-width=\"1000\" data-height=\"667\"><img decoding=\"async\" width=\"270\" height=\"350\" src=\"https:\/\/www.eyrignac.com\/wp-content\/uploads\/2018\/01\/eyrignac_potager2\u00aeJerome_Morel-270x350.jpg\" class=\"attachment-carousel size-carousel\" alt=\"Le potager d&#039;Eyrignac \u00aeJ\u00e9rome Morel\" \/><\/a><\/div>\n\n<\/div><!-- .carousel-slider-555 -->\n<\/div><!-- .carousel-slider-outer-555 -->\n[\/vc_column][\/vc_row][vc_row][vc_column][vc_btn title=\u00a0\u00bbD\u00e9couvrir tous les jardins\u00a0\u00bb style=\u00a0\u00bbclassic\u00a0\u00bb shape=\u00a0\u00bbsquare\u00a0\u00bb color=\u00a0\u00bbwhite\u00a0\u00bb align=\u00a0\u00bbcenter\u00a0\u00bb i_align=\u00a0\u00bbright\u00a0\u00bb i_icon_fontawesome=\u00a0\u00bbfa fa-caret-right\u00a0\u00bb button_block=\u00a0\u00bbtrue\u00a0\u00bb add_icon=\u00a0\u00bbtrue\u00a0\u00bb link=\u00a0\u00bburl:http%3A%2F%2Fwww.eyrignac.com%2Ffr%2Fdecouvrir-jardins-eyrignac|||\u00a0\u00bb el_class=\u00a0\u00bbor\u00a0\u00bb][\/vc_column][\/vc_row]<\/p>\n<\/div>","protected":false},"excerpt":{"rendered":"[vc_row][vc_column][vc_column_text el_class=\u00a0\u00bbor\u00a0\u00bb] Le Jardin fleuriste et le Potager [\/vc_column_text][vc_column_text]Par d\u00e9finition, le jardin fleuriste aussi dit bouquetier est le jardin o\u00f9 sont cultiv\u00e9es les fleurs destin\u00e9es \u00e0 \u00eatre coup\u00e9es pour composer des bouquets. Cet espace champ\u00eatre se caract\u00e9rise par l\u2019abondance de couleurs vives m\u00eal\u00e9es aux verts des tiges et des feuillages.. D\u00e8s le Printemps et jusqu\u2019aux&#8230; <a class=\"view-article\" href=\"https:\/\/www.eyrignac.com\/fr\/decouvrir-les-jardins-eyrignac\/jardin-fleuriste-potager\">Voir l&rsquo;article<\/a>","protected":false},"author":1,"featured_media":560,"comment_status":"closed","ping_status":"open","sticky":false,"template":"","format":"standard","meta":{"_acf_changed":false,"footnotes":""},"categories":[11],"tags":[],"class_list":["post-436","post","type-post","status-publish","format-standard","has-post-thumbnail","hentry","category-decouvrir-les-jardins-eyrignac"],"acf":[],"yoast_head":"<!-- This site is optimized with the Yoast SEO plugin v27.4 - https:\/\/yoast.com\/product\/yoast-seo-wordpress\/ -->\n<title>Le Jardin fleuriste et le Potager - Eyrignac et ses jardins<\/title>\n<meta name=\"description\" content=\"Par d\u00e9finition, le jardin fleuriste aussi dit bouquetier est le jardin o\u00f9 sont cultiv\u00e9es les fleurs destin\u00e9es \u00e0 \u00eatre coup\u00e9es pour composer des bouquets. Cet espace champ\u00eatre se caract\u00e9rise par l\u2019abondance de couleurs vives m\u00eal\u00e9es aux verts des tiges et des feuillages.. D\u00e8s le Printemps et jusqu\u2019aux premi\u00e8res gel\u00e9es, ...\" \/>\n<meta name=\"robots\" content=\"index, follow, max-snippet:-1, max-image-preview:large, max-video-preview:-1\" \/>\n<link rel=\"canonical\" href=\"https:\/\/www.eyrignac.com\/fr\/decouvrir-les-jardins-eyrignac\/jardin-fleuriste-potager\" \/>\n<meta property=\"og:locale\" content=\"fr_FR\" \/>\n<meta property=\"og:type\" content=\"article\" \/>\n<meta property=\"og:title\" content=\"Le Jardin fleuriste et le Potager - Eyrignac et ses jardins\" \/>\n<meta property=\"og:description\" content=\"Par d\u00e9finition, le jardin fleuriste aussi dit bouquetier est le jardin o\u00f9 sont cultiv\u00e9es les fleurs destin\u00e9es \u00e0 \u00eatre coup\u00e9es pour composer des bouquets. Cet espace champ\u00eatre se caract\u00e9rise par l\u2019abondance de couleurs vives m\u00eal\u00e9es aux verts des tiges et des feuillages.. D\u00e8s le Printemps et jusqu\u2019aux premi\u00e8res gel\u00e9es, ...\" \/>\n<meta property=\"og:url\" content=\"https:\/\/www.eyrignac.com\/fr\/decouvrir-les-jardins-eyrignac\/jardin-fleuriste-potager\" \/>\n<meta property=\"og:site_name\" content=\"Eyrignac et ses jardins\" \/>\n<meta property=\"article:publisher\" content=\"https:\/\/www.facebook.com\/JardinsEyrignac\/\" \/>\n<meta property=\"article:published_time\" content=\"2018-01-22T14:57:55+00:00\" \/>\n<meta property=\"article:modified_time\" content=\"2024-03-18T08:43:55+00:00\" \/>\n<meta property=\"og:image\" content=\"https:\/\/www.eyrignac.com\/wp-content\/uploads\/2018\/01\/Jardin-fleuriste-et-potager.jpg\" \/>\n\t<meta property=\"og:image:width\" content=\"800\" \/>\n\t<meta property=\"og:image:height\" content=\"600\" \/>\n\t<meta property=\"og:image:type\" content=\"image\/jpeg\" \/>\n<meta name=\"author\" content=\"modifs\" \/>\n<meta name=\"twitter:card\" content=\"summary_large_image\" \/>\n<meta name=\"twitter:creator\" content=\"@eyrignac\" \/>\n<meta name=\"twitter:site\" content=\"@eyrignac\" \/>\n<meta name=\"twitter:label1\" content=\"\u00c9crit par\" \/>\n\t<meta name=\"twitter:data1\" content=\"modifs\" \/>\n\t<meta name=\"twitter:label2\" content=\"Dur\u00e9e de lecture estim\u00e9e\" \/>\n\t<meta name=\"twitter:data2\" content=\"1 minute\" \/>\n<script type=\"application\/ld+json\" class=\"yoast-schema-graph\">{\"@context\":\"https:\\\/\\\/schema.org\",\"@graph\":[{\"@type\":\"Article\",\"@id\":\"https:\\\/\\\/www.eyrignac.com\\\/fr\\\/decouvrir-les-jardins-eyrignac\\\/jardin-fleuriste-potager#article\",\"isPartOf\":{\"@id\":\"https:\\\/\\\/www.eyrignac.com\\\/fr\\\/decouvrir-les-jardins-eyrignac\\\/jardin-fleuriste-potager\"},\"author\":{\"name\":\"modifs\",\"@id\":\"https:\\\/\\\/www.eyrignac.com\\\/fr\\\/#\\\/schema\\\/person\\\/6b23cb9e26d0d5fc9a6a178585528d02\"},\"headline\":\"Le jardin fleuriste et potager\",\"datePublished\":\"2018-01-22T14:57:55+00:00\",\"dateModified\":\"2024-03-18T08:43:55+00:00\",\"mainEntityOfPage\":{\"@id\":\"https:\\\/\\\/www.eyrignac.com\\\/fr\\\/decouvrir-les-jardins-eyrignac\\\/jardin-fleuriste-potager\"},\"wordCount\":297,\"publisher\":{\"@id\":\"https:\\\/\\\/www.eyrignac.com\\\/fr\\\/#organization\"},\"image\":{\"@id\":\"https:\\\/\\\/www.eyrignac.com\\\/fr\\\/decouvrir-les-jardins-eyrignac\\\/jardin-fleuriste-potager#primaryimage\"},\"thumbnailUrl\":\"https:\\\/\\\/www.eyrignac.com\\\/wp-content\\\/uploads\\\/2018\\\/01\\\/Jardin-fleuriste-et-potager.jpg\",\"articleSection\":[\"D\u00e9couvrir les jardins\"],\"inLanguage\":\"fr-FR\"},{\"@type\":\"WebPage\",\"@id\":\"https:\\\/\\\/www.eyrignac.com\\\/fr\\\/decouvrir-les-jardins-eyrignac\\\/jardin-fleuriste-potager\",\"url\":\"https:\\\/\\\/www.eyrignac.com\\\/fr\\\/decouvrir-les-jardins-eyrignac\\\/jardin-fleuriste-potager\",\"name\":\"Le Jardin fleuriste et le Potager - Eyrignac et ses jardins\",\"isPartOf\":{\"@id\":\"https:\\\/\\\/www.eyrignac.com\\\/fr\\\/#website\"},\"primaryImageOfPage\":{\"@id\":\"https:\\\/\\\/www.eyrignac.com\\\/fr\\\/decouvrir-les-jardins-eyrignac\\\/jardin-fleuriste-potager#primaryimage\"},\"image\":{\"@id\":\"https:\\\/\\\/www.eyrignac.com\\\/fr\\\/decouvrir-les-jardins-eyrignac\\\/jardin-fleuriste-potager#primaryimage\"},\"thumbnailUrl\":\"https:\\\/\\\/www.eyrignac.com\\\/wp-content\\\/uploads\\\/2018\\\/01\\\/Jardin-fleuriste-et-potager.jpg\",\"datePublished\":\"2018-01-22T14:57:55+00:00\",\"dateModified\":\"2024-03-18T08:43:55+00:00\",\"description\":\"Par d\u00e9finition, le jardin fleuriste aussi dit bouquetier est le jardin o\u00f9 sont cultiv\u00e9es les fleurs destin\u00e9es \u00e0 \u00eatre coup\u00e9es pour composer des bouquets. Cet espace champ\u00eatre se caract\u00e9rise par l\u2019abondance de couleurs vives m\u00eal\u00e9es aux verts des tiges et des feuillages.. D\u00e8s le Printemps et jusqu\u2019aux premi\u00e8res gel\u00e9es, ...\",\"breadcrumb\":{\"@id\":\"https:\\\/\\\/www.eyrignac.com\\\/fr\\\/decouvrir-les-jardins-eyrignac\\\/jardin-fleuriste-potager#breadcrumb\"},\"inLanguage\":\"fr-FR\",\"potentialAction\":[{\"@type\":\"ReadAction\",\"target\":[\"https:\\\/\\\/www.eyrignac.com\\\/fr\\\/decouvrir-les-jardins-eyrignac\\\/jardin-fleuriste-potager\"]}]},{\"@type\":\"ImageObject\",\"inLanguage\":\"fr-FR\",\"@id\":\"https:\\\/\\\/www.eyrignac.com\\\/fr\\\/decouvrir-les-jardins-eyrignac\\\/jardin-fleuriste-potager#primaryimage\",\"url\":\"https:\\\/\\\/www.eyrignac.com\\\/wp-content\\\/uploads\\\/2018\\\/01\\\/Jardin-fleuriste-et-potager.jpg\",\"contentUrl\":\"https:\\\/\\\/www.eyrignac.com\\\/wp-content\\\/uploads\\\/2018\\\/01\\\/Jardin-fleuriste-et-potager.jpg\",\"width\":800,\"height\":600,\"caption\":\"Jardin Potager \u00e0 Eyrignac\"},{\"@type\":\"BreadcrumbList\",\"@id\":\"https:\\\/\\\/www.eyrignac.com\\\/fr\\\/decouvrir-les-jardins-eyrignac\\\/jardin-fleuriste-potager#breadcrumb\",\"itemListElement\":[{\"@type\":\"ListItem\",\"position\":1,\"name\":\"Accueil\",\"item\":\"https:\\\/\\\/www.eyrignac.com\\\/fr\"},{\"@type\":\"ListItem\",\"position\":2,\"name\":\"Le jardin fleuriste et potager\"}]},{\"@type\":\"WebSite\",\"@id\":\"https:\\\/\\\/www.eyrignac.com\\\/fr\\\/#website\",\"url\":\"https:\\\/\\\/www.eyrignac.com\\\/fr\\\/\",\"name\":\"Eyrignac et ses jardins\",\"description\":\"Lieu de verdure unique en Dordogne\",\"publisher\":{\"@id\":\"https:\\\/\\\/www.eyrignac.com\\\/fr\\\/#organization\"},\"potentialAction\":[{\"@type\":\"SearchAction\",\"target\":{\"@type\":\"EntryPoint\",\"urlTemplate\":\"https:\\\/\\\/www.eyrignac.com\\\/fr\\\/?s={search_term_string}\"},\"query-input\":{\"@type\":\"PropertyValueSpecification\",\"valueRequired\":true,\"valueName\":\"search_term_string\"}}],\"inLanguage\":\"fr-FR\"},{\"@type\":\"Organization\",\"@id\":\"https:\\\/\\\/www.eyrignac.com\\\/fr\\\/#organization\",\"name\":\"Eyrignac\",\"url\":\"https:\\\/\\\/www.eyrignac.com\\\/fr\\\/\",\"logo\":{\"@type\":\"ImageObject\",\"inLanguage\":\"fr-FR\",\"@id\":\"https:\\\/\\\/www.eyrignac.com\\\/fr\\\/#\\\/schema\\\/logo\\\/image\\\/\",\"url\":\"https:\\\/\\\/www.eyrignac.com\\\/wp-content\\\/uploads\\\/2017\\\/12\\\/logo-eyrignac.png\",\"contentUrl\":\"https:\\\/\\\/www.eyrignac.com\\\/wp-content\\\/uploads\\\/2017\\\/12\\\/logo-eyrignac.png\",\"width\":500,\"height\":189,\"caption\":\"Eyrignac\"},\"image\":{\"@id\":\"https:\\\/\\\/www.eyrignac.com\\\/fr\\\/#\\\/schema\\\/logo\\\/image\\\/\"},\"sameAs\":[\"https:\\\/\\\/www.facebook.com\\\/JardinsEyrignac\\\/\",\"https:\\\/\\\/x.com\\\/eyrignac\",\"https:\\\/\\\/www.instagram.com\\\/eyrignac\\\/\",\"https:\\\/\\\/www.pinterest.fr\\\/eyrignac\\\/\",\"https:\\\/\\\/www.youtube.com\\\/channel\\\/UCjWc47ArIew83eRXXjaBowg\"]},{\"@type\":\"Person\",\"@id\":\"https:\\\/\\\/www.eyrignac.com\\\/fr\\\/#\\\/schema\\\/person\\\/6b23cb9e26d0d5fc9a6a178585528d02\",\"name\":\"modifs\"}]}<\/script>\n<!-- \/ Yoast SEO plugin. -->","yoast_head_json":{"title":"Le Jardin fleuriste et le Potager - Eyrignac et ses jardins","description":"Par d\u00e9finition, le jardin fleuriste aussi dit bouquetier est le jardin o\u00f9 sont cultiv\u00e9es les fleurs destin\u00e9es \u00e0 \u00eatre coup\u00e9es pour composer des bouquets. Cet espace champ\u00eatre se caract\u00e9rise par l\u2019abondance de couleurs vives m\u00eal\u00e9es aux verts des tiges et des feuillages.. D\u00e8s le Printemps et jusqu\u2019aux premi\u00e8res gel\u00e9es, ...","robots":{"index":"index","follow":"follow","max-snippet":"max-snippet:-1","max-image-preview":"max-image-preview:large","max-video-preview":"max-video-preview:-1"},"canonical":"https:\/\/www.eyrignac.com\/fr\/decouvrir-les-jardins-eyrignac\/jardin-fleuriste-potager","og_locale":"fr_FR","og_type":"article","og_title":"Le Jardin fleuriste et le Potager - Eyrignac et ses jardins","og_description":"Par d\u00e9finition, le jardin fleuriste aussi dit bouquetier est le jardin o\u00f9 sont cultiv\u00e9es les fleurs destin\u00e9es \u00e0 \u00eatre coup\u00e9es pour composer des bouquets. Cet espace champ\u00eatre se caract\u00e9rise par l\u2019abondance de couleurs vives m\u00eal\u00e9es aux verts des tiges et des feuillages.. D\u00e8s le Printemps et jusqu\u2019aux premi\u00e8res gel\u00e9es, ...","og_url":"https:\/\/www.eyrignac.com\/fr\/decouvrir-les-jardins-eyrignac\/jardin-fleuriste-potager","og_site_name":"Eyrignac et ses jardins","article_publisher":"https:\/\/www.facebook.com\/JardinsEyrignac\/","article_published_time":"2018-01-22T14:57:55+00:00","article_modified_time":"2024-03-18T08:43:55+00:00","og_image":[{"width":800,"height":600,"url":"https:\/\/www.eyrignac.com\/wp-content\/uploads\/2018\/01\/Jardin-fleuriste-et-potager.jpg","type":"image\/jpeg"}],"author":"modifs","twitter_card":"summary_large_image","twitter_creator":"@eyrignac","twitter_site":"@eyrignac","twitter_misc":{"\u00c9crit par":"modifs","Dur\u00e9e de lecture estim\u00e9e":"1 minute"},"schema":{"@context":"https:\/\/schema.org","@graph":[{"@type":"Article","@id":"https:\/\/www.eyrignac.com\/fr\/decouvrir-les-jardins-eyrignac\/jardin-fleuriste-potager#article","isPartOf":{"@id":"https:\/\/www.eyrignac.com\/fr\/decouvrir-les-jardins-eyrignac\/jardin-fleuriste-potager"},"author":{"name":"modifs","@id":"https:\/\/www.eyrignac.com\/fr\/#\/schema\/person\/6b23cb9e26d0d5fc9a6a178585528d02"},"headline":"Le jardin fleuriste et potager","datePublished":"2018-01-22T14:57:55+00:00","dateModified":"2024-03-18T08:43:55+00:00","mainEntityOfPage":{"@id":"https:\/\/www.eyrignac.com\/fr\/decouvrir-les-jardins-eyrignac\/jardin-fleuriste-potager"},"wordCount":297,"publisher":{"@id":"https:\/\/www.eyrignac.com\/fr\/#organization"},"image":{"@id":"https:\/\/www.eyrignac.com\/fr\/decouvrir-les-jardins-eyrignac\/jardin-fleuriste-potager#primaryimage"},"thumbnailUrl":"https:\/\/www.eyrignac.com\/wp-content\/uploads\/2018\/01\/Jardin-fleuriste-et-potager.jpg","articleSection":["D\u00e9couvrir les jardins"],"inLanguage":"fr-FR"},{"@type":"WebPage","@id":"https:\/\/www.eyrignac.com\/fr\/decouvrir-les-jardins-eyrignac\/jardin-fleuriste-potager","url":"https:\/\/www.eyrignac.com\/fr\/decouvrir-les-jardins-eyrignac\/jardin-fleuriste-potager","name":"Le Jardin fleuriste et le Potager - Eyrignac et ses jardins","isPartOf":{"@id":"https:\/\/www.eyrignac.com\/fr\/#website"},"primaryImageOfPage":{"@id":"https:\/\/www.eyrignac.com\/fr\/decouvrir-les-jardins-eyrignac\/jardin-fleuriste-potager#primaryimage"},"image":{"@id":"https:\/\/www.eyrignac.com\/fr\/decouvrir-les-jardins-eyrignac\/jardin-fleuriste-potager#primaryimage"},"thumbnailUrl":"https:\/\/www.eyrignac.com\/wp-content\/uploads\/2018\/01\/Jardin-fleuriste-et-potager.jpg","datePublished":"2018-01-22T14:57:55+00:00","dateModified":"2024-03-18T08:43:55+00:00","description":"Par d\u00e9finition, le jardin fleuriste aussi dit bouquetier est le jardin o\u00f9 sont cultiv\u00e9es les fleurs destin\u00e9es \u00e0 \u00eatre coup\u00e9es pour composer des bouquets. Cet espace champ\u00eatre se caract\u00e9rise par l\u2019abondance de couleurs vives m\u00eal\u00e9es aux verts des tiges et des feuillages.. D\u00e8s le Printemps et jusqu\u2019aux premi\u00e8res gel\u00e9es, ...","breadcrumb":{"@id":"https:\/\/www.eyrignac.com\/fr\/decouvrir-les-jardins-eyrignac\/jardin-fleuriste-potager#breadcrumb"},"inLanguage":"fr-FR","potentialAction":[{"@type":"ReadAction","target":["https:\/\/www.eyrignac.com\/fr\/decouvrir-les-jardins-eyrignac\/jardin-fleuriste-potager"]}]},{"@type":"ImageObject","inLanguage":"fr-FR","@id":"https:\/\/www.eyrignac.com\/fr\/decouvrir-les-jardins-eyrignac\/jardin-fleuriste-potager#primaryimage","url":"https:\/\/www.eyrignac.com\/wp-content\/uploads\/2018\/01\/Jardin-fleuriste-et-potager.jpg","contentUrl":"https:\/\/www.eyrignac.com\/wp-content\/uploads\/2018\/01\/Jardin-fleuriste-et-potager.jpg","width":800,"height":600,"caption":"Jardin Potager \u00e0 Eyrignac"},{"@type":"BreadcrumbList","@id":"https:\/\/www.eyrignac.com\/fr\/decouvrir-les-jardins-eyrignac\/jardin-fleuriste-potager#breadcrumb","itemListElement":[{"@type":"ListItem","position":1,"name":"Accueil","item":"https:\/\/www.eyrignac.com\/fr"},{"@type":"ListItem","position":2,"name":"Le jardin fleuriste et potager"}]},{"@type":"WebSite","@id":"https:\/\/www.eyrignac.com\/fr\/#website","url":"https:\/\/www.eyrignac.com\/fr\/","name":"Eyrignac et ses jardins","description":"Lieu de verdure unique en Dordogne","publisher":{"@id":"https:\/\/www.eyrignac.com\/fr\/#organization"},"potentialAction":[{"@type":"SearchAction","target":{"@type":"EntryPoint","urlTemplate":"https:\/\/www.eyrignac.com\/fr\/?s={search_term_string}"},"query-input":{"@type":"PropertyValueSpecification","valueRequired":true,"valueName":"search_term_string"}}],"inLanguage":"fr-FR"},{"@type":"Organization","@id":"https:\/\/www.eyrignac.com\/fr\/#organization","name":"Eyrignac","url":"https:\/\/www.eyrignac.com\/fr\/","logo":{"@type":"ImageObject","inLanguage":"fr-FR","@id":"https:\/\/www.eyrignac.com\/fr\/#\/schema\/logo\/image\/","url":"https:\/\/www.eyrignac.com\/wp-content\/uploads\/2017\/12\/logo-eyrignac.png","contentUrl":"https:\/\/www.eyrignac.com\/wp-content\/uploads\/2017\/12\/logo-eyrignac.png","width":500,"height":189,"caption":"Eyrignac"},"image":{"@id":"https:\/\/www.eyrignac.com\/fr\/#\/schema\/logo\/image\/"},"sameAs":["https:\/\/www.facebook.com\/JardinsEyrignac\/","https:\/\/x.com\/eyrignac","https:\/\/www.instagram.com\/eyrignac\/","https:\/\/www.pinterest.fr\/eyrignac\/","https:\/\/www.youtube.com\/channel\/UCjWc47ArIew83eRXXjaBowg"]},{"@type":"Person","@id":"https:\/\/www.eyrignac.com\/fr\/#\/schema\/person\/6b23cb9e26d0d5fc9a6a178585528d02","name":"modifs"}]}},"_links":{"self":[{"href":"https:\/\/www.eyrignac.com\/fr\/wp-json\/wp\/v2\/posts\/436","targetHints":{"allow":["GET"]}}],"collection":[{"href":"https:\/\/www.eyrignac.com\/fr\/wp-json\/wp\/v2\/posts"}],"about":[{"href":"https:\/\/www.eyrignac.com\/fr\/wp-json\/wp\/v2\/types\/post"}],"author":[{"embeddable":true,"href":"https:\/\/www.eyrignac.com\/fr\/wp-json\/wp\/v2\/users\/1"}],"replies":[{"embeddable":true,"href":"https:\/\/www.eyrignac.com\/fr\/wp-json\/wp\/v2\/comments?post=436"}],"version-history":[{"count":0,"href":"https:\/\/www.eyrignac.com\/fr\/wp-json\/wp\/v2\/posts\/436\/revisions"}],"wp:featuredmedia":[{"embeddable":true,"href":"https:\/\/www.eyrignac.com\/fr\/wp-json\/wp\/v2\/media\/560"}],"wp:attachment":[{"href":"https:\/\/www.eyrignac.com\/fr\/wp-json\/wp\/v2\/media?parent=436"}],"wp:term":[{"taxonomy":"category","embeddable":true,"href":"https:\/\/www.eyrignac.com\/fr\/wp-json\/wp\/v2\/categories?post=436"},{"taxonomy":"post_tag","embeddable":true,"href":"https:\/\/www.eyrignac.com\/fr\/wp-json\/wp\/v2\/tags?post=436"}],"curies":[{"name":"wp","href":"https:\/\/api.w.org\/{rel}","templated":true}]}}