{"id":4264,"date":"2022-05-05T16:14:24","date_gmt":"2022-05-05T14:14:24","guid":{"rendered":"https:\/\/www.eyrignac.com\/?p=4264"},"modified":"2021-12-14T15:53:40","modified_gmt":"2021-12-14T14:53:40","slug":"travaux-jardiniers-mai","status":"publish","type":"post","link":"https:\/\/www.eyrignac.com\/fr\/evenements\/travaux-jardiniers-mai","title":{"rendered":"LES TRAVAUX DES JARDINIERS"},"content":{"rendered":"","protected":false},"excerpt":{"rendered":"Tailles Buis, Charmes, Muriers, Pommiers (dont 1\u00e8re taille de l&rsquo;all\u00e9e des Charmes), taille des Topiaires<br\/>\r\nArrache des bulbes de printemps<br\/>\r\nPr\u00e9paration des massifs et plantations estivales<br\/>\r\nD\u00e9sherbage s\u00e9lectif \u00ab ponctuel \u00bb des gazons<br\/>\r\nTraitement pr\u00e9ventif bio des Buis<br\/>\r\nPose des pi\u00e8ges \u00e0 Pyrale (Ph\u00e9romones)<br\/>\r\nTraitement bio du Platane<br\/>\r\nTonte<br\/>\r\nFinitions diverses (d\u00e9sherbage manuel, sarclage, fleurs fan\u00e9es, tuteurage, repasse des bordures gazon, \u2026)","protected":false},"author":3,"featured_media":0,"comment_status":"open","ping_status":"open","sticky":false,"template":"","format":"standard","meta":{"_acf_changed":false,"footnotes":""},"categories":[50],"tags":[],"class_list":["post-4264","post","type-post","status-publish","format-standard","hentry","category-evenements"],"acf":[],"yoast_head":"<!-- This site is optimized with the Yoast SEO plugin v27.5 - https:\/\/yoast.com\/product\/yoast-seo-wordpress\/ -->\n<title>LES TRAVAUX DES JARDINIERS - Eyrignac et ses jardins<\/title>\n<meta name=\"robots\" content=\"index, follow, max-snippet:-1, max-image-preview:large, max-video-preview:-1\" \/>\n<link rel=\"canonical\" href=\"https:\/\/www.eyrignac.com\/fr\/evenements\/travaux-jardiniers-mai\" \/>\n<meta property=\"og:locale\" content=\"fr_FR\" \/>\n<meta property=\"og:type\" content=\"article\" \/>\n<meta property=\"og:title\" content=\"LES TRAVAUX DES JARDINIERS - Eyrignac et ses jardins\" \/>\n<meta property=\"og:description\" content=\"Tailles Buis, Charmes, Muriers, Pommiers (dont 1\u00e8re taille de l&#039;all\u00e9e des Charmes), taille des Topiaires Arrache des bulbes de printemps Pr\u00e9paration des massifs et plantations estivales D\u00e9sherbage s\u00e9lectif \u00ab ponctuel \u00bb des gazons Traitement pr\u00e9ventif bio des Buis Pose des pi\u00e8ges \u00e0 Pyrale (Ph\u00e9romones) Traitement bio du Platane Tonte Finitions diverses (d\u00e9sherbage manuel, sarclage, fleurs fan\u00e9es, tuteurage, repasse des bordures gazon, \u2026)\" \/>\n<meta property=\"og:url\" content=\"https:\/\/www.eyrignac.com\/fr\/evenements\/travaux-jardiniers-mai\" \/>\n<meta property=\"og:site_name\" content=\"Eyrignac et ses jardins\" \/>\n<meta property=\"article:publisher\" content=\"https:\/\/www.facebook.com\/JardinsEyrignac\/\" \/>\n<meta property=\"article:published_time\" content=\"2022-05-05T14:14:24+00:00\" \/>\n<meta name=\"author\" content=\"Rachel Coudray\" \/>\n<meta name=\"twitter:card\" content=\"summary_large_image\" \/>\n<meta name=\"twitter:creator\" content=\"@eyrignac\" \/>\n<meta name=\"twitter:site\" content=\"@eyrignac\" \/>\n<meta name=\"twitter:label1\" content=\"\u00c9crit par\" \/>\n\t<meta name=\"twitter:data1\" content=\"Rachel Coudray\" \/>\n<script type=\"application\/ld+json\" class=\"yoast-schema-graph\">{\"@context\":\"https:\\\/\\\/schema.org\",\"@graph\":[{\"@type\":\"Article\",\"@id\":\"https:\\\/\\\/www.eyrignac.com\\\/fr\\\/evenements\\\/travaux-jardiniers-mai#article\",\"isPartOf\":{\"@id\":\"https:\\\/\\\/www.eyrignac.com\\\/fr\\\/evenements\\\/travaux-jardiniers-mai\"},\"author\":{\"name\":\"Rachel Coudray\",\"@id\":\"https:\\\/\\\/www.eyrignac.com\\\/fr\\\/#\\\/schema\\\/person\\\/901d210a561794cfaa3ed8916bd242f9\"},\"headline\":\"LES TRAVAUX DES JARDINIERS\",\"datePublished\":\"2022-05-05T14:14:24+00:00\",\"mainEntityOfPage\":{\"@id\":\"https:\\\/\\\/www.eyrignac.com\\\/fr\\\/evenements\\\/travaux-jardiniers-mai\"},\"wordCount\":4,\"commentCount\":0,\"publisher\":{\"@id\":\"https:\\\/\\\/www.eyrignac.com\\\/fr\\\/#organization\"},\"articleSection\":[\"Evenements\"],\"inLanguage\":\"fr-FR\",\"potentialAction\":[{\"@type\":\"CommentAction\",\"name\":\"Comment\",\"target\":[\"https:\\\/\\\/www.eyrignac.com\\\/fr\\\/evenements\\\/travaux-jardiniers-mai#respond\"]}]},{\"@type\":\"WebPage\",\"@id\":\"https:\\\/\\\/www.eyrignac.com\\\/fr\\\/evenements\\\/travaux-jardiniers-mai\",\"url\":\"https:\\\/\\\/www.eyrignac.com\\\/fr\\\/evenements\\\/travaux-jardiniers-mai\",\"name\":\"LES TRAVAUX DES JARDINIERS - Eyrignac et ses jardins\",\"isPartOf\":{\"@id\":\"https:\\\/\\\/www.eyrignac.com\\\/fr\\\/#website\"},\"datePublished\":\"2022-05-05T14:14:24+00:00\",\"breadcrumb\":{\"@id\":\"https:\\\/\\\/www.eyrignac.com\\\/fr\\\/evenements\\\/travaux-jardiniers-mai#breadcrumb\"},\"inLanguage\":\"fr-FR\",\"potentialAction\":[{\"@type\":\"ReadAction\",\"target\":[\"https:\\\/\\\/www.eyrignac.com\\\/fr\\\/evenements\\\/travaux-jardiniers-mai\"]}]},{\"@type\":\"BreadcrumbList\",\"@id\":\"https:\\\/\\\/www.eyrignac.com\\\/fr\\\/evenements\\\/travaux-jardiniers-mai#breadcrumb\",\"itemListElement\":[{\"@type\":\"ListItem\",\"position\":1,\"name\":\"Accueil\",\"item\":\"https:\\\/\\\/www.eyrignac.com\\\/fr\"},{\"@type\":\"ListItem\",\"position\":2,\"name\":\"LES TRAVAUX DES JARDINIERS\"}]},{\"@type\":\"WebSite\",\"@id\":\"https:\\\/\\\/www.eyrignac.com\\\/fr\\\/#website\",\"url\":\"https:\\\/\\\/www.eyrignac.com\\\/fr\\\/\",\"name\":\"Eyrignac et ses jardins\",\"description\":\"Lieu de verdure unique en Dordogne\",\"publisher\":{\"@id\":\"https:\\\/\\\/www.eyrignac.com\\\/fr\\\/#organization\"},\"potentialAction\":[{\"@type\":\"SearchAction\",\"target\":{\"@type\":\"EntryPoint\",\"urlTemplate\":\"https:\\\/\\\/www.eyrignac.com\\\/fr\\\/?s={search_term_string}\"},\"query-input\":{\"@type\":\"PropertyValueSpecification\",\"valueRequired\":true,\"valueName\":\"search_term_string\"}}],\"inLanguage\":\"fr-FR\"},{\"@type\":\"Organization\",\"@id\":\"https:\\\/\\\/www.eyrignac.com\\\/fr\\\/#organization\",\"name\":\"Eyrignac\",\"url\":\"https:\\\/\\\/www.eyrignac.com\\\/fr\\\/\",\"logo\":{\"@type\":\"ImageObject\",\"inLanguage\":\"fr-FR\",\"@id\":\"https:\\\/\\\/www.eyrignac.com\\\/fr\\\/#\\\/schema\\\/logo\\\/image\\\/\",\"url\":\"https:\\\/\\\/www.eyrignac.com\\\/wp-content\\\/uploads\\\/2017\\\/12\\\/logo-eyrignac.png\",\"contentUrl\":\"https:\\\/\\\/www.eyrignac.com\\\/wp-content\\\/uploads\\\/2017\\\/12\\\/logo-eyrignac.png\",\"width\":500,\"height\":189,\"caption\":\"Eyrignac\"},\"image\":{\"@id\":\"https:\\\/\\\/www.eyrignac.com\\\/fr\\\/#\\\/schema\\\/logo\\\/image\\\/\"},\"sameAs\":[\"https:\\\/\\\/www.facebook.com\\\/JardinsEyrignac\\\/\",\"https:\\\/\\\/x.com\\\/eyrignac\",\"https:\\\/\\\/www.instagram.com\\\/eyrignac\\\/\",\"https:\\\/\\\/www.pinterest.fr\\\/eyrignac\\\/\",\"https:\\\/\\\/www.youtube.com\\\/channel\\\/UCjWc47ArIew83eRXXjaBowg\"]},{\"@type\":\"Person\",\"@id\":\"https:\\\/\\\/www.eyrignac.com\\\/fr\\\/#\\\/schema\\\/person\\\/901d210a561794cfaa3ed8916bd242f9\",\"name\":\"Rachel Coudray\"}]}<\/script>\n<!-- \/ Yoast SEO plugin. -->","yoast_head_json":{"title":"LES TRAVAUX DES JARDINIERS - Eyrignac et ses jardins","robots":{"index":"index","follow":"follow","max-snippet":"max-snippet:-1","max-image-preview":"max-image-preview:large","max-video-preview":"max-video-preview:-1"},"canonical":"https:\/\/www.eyrignac.com\/fr\/evenements\/travaux-jardiniers-mai","og_locale":"fr_FR","og_type":"article","og_title":"LES TRAVAUX DES JARDINIERS - Eyrignac et ses jardins","og_description":"Tailles Buis, Charmes, Muriers, Pommiers (dont 1\u00e8re taille de l'all\u00e9e des Charmes), taille des Topiaires Arrache des bulbes de printemps Pr\u00e9paration des massifs et plantations estivales D\u00e9sherbage s\u00e9lectif \u00ab ponctuel \u00bb des gazons Traitement pr\u00e9ventif bio des Buis Pose des pi\u00e8ges \u00e0 Pyrale (Ph\u00e9romones) Traitement bio du Platane Tonte Finitions diverses (d\u00e9sherbage manuel, sarclage, fleurs fan\u00e9es, tuteurage, repasse des bordures gazon, \u2026)","og_url":"https:\/\/www.eyrignac.com\/fr\/evenements\/travaux-jardiniers-mai","og_site_name":"Eyrignac et ses jardins","article_publisher":"https:\/\/www.facebook.com\/JardinsEyrignac\/","article_published_time":"2022-05-05T14:14:24+00:00","author":"Rachel Coudray","twitter_card":"summary_large_image","twitter_creator":"@eyrignac","twitter_site":"@eyrignac","twitter_misc":{"\u00c9crit par":"Rachel Coudray"},"schema":{"@context":"https:\/\/schema.org","@graph":[{"@type":"Article","@id":"https:\/\/www.eyrignac.com\/fr\/evenements\/travaux-jardiniers-mai#article","isPartOf":{"@id":"https:\/\/www.eyrignac.com\/fr\/evenements\/travaux-jardiniers-mai"},"author":{"name":"Rachel Coudray","@id":"https:\/\/www.eyrignac.com\/fr\/#\/schema\/person\/901d210a561794cfaa3ed8916bd242f9"},"headline":"LES TRAVAUX DES JARDINIERS","datePublished":"2022-05-05T14:14:24+00:00","mainEntityOfPage":{"@id":"https:\/\/www.eyrignac.com\/fr\/evenements\/travaux-jardiniers-mai"},"wordCount":4,"commentCount":0,"publisher":{"@id":"https:\/\/www.eyrignac.com\/fr\/#organization"},"articleSection":["Evenements"],"inLanguage":"fr-FR","potentialAction":[{"@type":"CommentAction","name":"Comment","target":["https:\/\/www.eyrignac.com\/fr\/evenements\/travaux-jardiniers-mai#respond"]}]},{"@type":"WebPage","@id":"https:\/\/www.eyrignac.com\/fr\/evenements\/travaux-jardiniers-mai","url":"https:\/\/www.eyrignac.com\/fr\/evenements\/travaux-jardiniers-mai","name":"LES TRAVAUX DES JARDINIERS - Eyrignac et ses jardins","isPartOf":{"@id":"https:\/\/www.eyrignac.com\/fr\/#website"},"datePublished":"2022-05-05T14:14:24+00:00","breadcrumb":{"@id":"https:\/\/www.eyrignac.com\/fr\/evenements\/travaux-jardiniers-mai#breadcrumb"},"inLanguage":"fr-FR","potentialAction":[{"@type":"ReadAction","target":["https:\/\/www.eyrignac.com\/fr\/evenements\/travaux-jardiniers-mai"]}]},{"@type":"BreadcrumbList","@id":"https:\/\/www.eyrignac.com\/fr\/evenements\/travaux-jardiniers-mai#breadcrumb","itemListElement":[{"@type":"ListItem","position":1,"name":"Accueil","item":"https:\/\/www.eyrignac.com\/fr"},{"@type":"ListItem","position":2,"name":"LES TRAVAUX DES JARDINIERS"}]},{"@type":"WebSite","@id":"https:\/\/www.eyrignac.com\/fr\/#website","url":"https:\/\/www.eyrignac.com\/fr\/","name":"Eyrignac et ses jardins","description":"Lieu de verdure unique en Dordogne","publisher":{"@id":"https:\/\/www.eyrignac.com\/fr\/#organization"},"potentialAction":[{"@type":"SearchAction","target":{"@type":"EntryPoint","urlTemplate":"https:\/\/www.eyrignac.com\/fr\/?s={search_term_string}"},"query-input":{"@type":"PropertyValueSpecification","valueRequired":true,"valueName":"search_term_string"}}],"inLanguage":"fr-FR"},{"@type":"Organization","@id":"https:\/\/www.eyrignac.com\/fr\/#organization","name":"Eyrignac","url":"https:\/\/www.eyrignac.com\/fr\/","logo":{"@type":"ImageObject","inLanguage":"fr-FR","@id":"https:\/\/www.eyrignac.com\/fr\/#\/schema\/logo\/image\/","url":"https:\/\/www.eyrignac.com\/wp-content\/uploads\/2017\/12\/logo-eyrignac.png","contentUrl":"https:\/\/www.eyrignac.com\/wp-content\/uploads\/2017\/12\/logo-eyrignac.png","width":500,"height":189,"caption":"Eyrignac"},"image":{"@id":"https:\/\/www.eyrignac.com\/fr\/#\/schema\/logo\/image\/"},"sameAs":["https:\/\/www.facebook.com\/JardinsEyrignac\/","https:\/\/x.com\/eyrignac","https:\/\/www.instagram.com\/eyrignac\/","https:\/\/www.pinterest.fr\/eyrignac\/","https:\/\/www.youtube.com\/channel\/UCjWc47ArIew83eRXXjaBowg"]},{"@type":"Person","@id":"https:\/\/www.eyrignac.com\/fr\/#\/schema\/person\/901d210a561794cfaa3ed8916bd242f9","name":"Rachel Coudray"}]}},"_links":{"self":[{"href":"https:\/\/www.eyrignac.com\/fr\/wp-json\/wp\/v2\/posts\/4264","targetHints":{"allow":["GET"]}}],"collection":[{"href":"https:\/\/www.eyrignac.com\/fr\/wp-json\/wp\/v2\/posts"}],"about":[{"href":"https:\/\/www.eyrignac.com\/fr\/wp-json\/wp\/v2\/types\/post"}],"author":[{"embeddable":true,"href":"https:\/\/www.eyrignac.com\/fr\/wp-json\/wp\/v2\/users\/3"}],"replies":[{"embeddable":true,"href":"https:\/\/www.eyrignac.com\/fr\/wp-json\/wp\/v2\/comments?post=4264"}],"version-history":[{"count":0,"href":"https:\/\/www.eyrignac.com\/fr\/wp-json\/wp\/v2\/posts\/4264\/revisions"}],"wp:attachment":[{"href":"https:\/\/www.eyrignac.com\/fr\/wp-json\/wp\/v2\/media?parent=4264"}],"wp:term":[{"taxonomy":"category","embeddable":true,"href":"https:\/\/www.eyrignac.com\/fr\/wp-json\/wp\/v2\/categories?post=4264"},{"taxonomy":"post_tag","embeddable":true,"href":"https:\/\/www.eyrignac.com\/fr\/wp-json\/wp\/v2\/tags?post=4264"}],"curies":[{"name":"wp","href":"https:\/\/api.w.org\/{rel}","templated":true}]}}