{"id":3712,"date":"2022-07-04T16:24:09","date_gmt":"2022-07-04T14:24:09","guid":{"rendered":"https:\/\/www.eyrignac.com\/?p=3712"},"modified":"2024-08-20T10:24:13","modified_gmt":"2024-08-20T08:24:13","slug":"le-restaurant-cote-jardins-2","status":"publish","type":"post","link":"https:\/\/www.eyrignac.com\/fr\/evenements\/le-restaurant-cote-jardins-2","title":{"rendered":"LE RESTAURANT C\u00d4T\u00c9 JARDINS"},"content":{"rendered":"","protected":false},"excerpt":{"rendered":"Le restaurant et le salon de th\u00e9 sont ouverts.<br \/><a href=\"https:\/\/www.eyrignac.com\/fr\/preparer-ma-visite\/restaurant-salon-de-the-cote-jardin-eyrignac\">En savoir plus<\/a>","protected":false},"author":3,"featured_media":0,"comment_status":"closed","ping_status":"open","sticky":false,"template":"","format":"standard","meta":{"_acf_changed":false,"footnotes":""},"categories":[50],"tags":[],"class_list":["post-3712","post","type-post","status-publish","format-standard","hentry","category-evenements"],"acf":[],"yoast_head":"<!-- This site is optimized with the Yoast SEO plugin v27.5 - https:\/\/yoast.com\/product\/yoast-seo-wordpress\/ -->\n<title>LE RESTAURANT C\u00d4T\u00c9 JARDINS - Eyrignac et ses jardins<\/title>\n<meta name=\"robots\" content=\"index, follow, max-snippet:-1, max-image-preview:large, max-video-preview:-1\" \/>\n<link rel=\"canonical\" href=\"https:\/\/www.eyrignac.com\/fr\/evenements\/le-restaurant-cote-jardins-2\" \/>\n<meta property=\"og:locale\" content=\"fr_FR\" \/>\n<meta property=\"og:type\" content=\"article\" \/>\n<meta property=\"og:title\" content=\"LE RESTAURANT C\u00d4T\u00c9 JARDINS - Eyrignac et ses jardins\" \/>\n<meta property=\"og:description\" content=\"Le restaurant et le salon de th\u00e9 sont ouverts.En savoir plus\" \/>\n<meta property=\"og:url\" content=\"https:\/\/www.eyrignac.com\/fr\/evenements\/le-restaurant-cote-jardins-2\" \/>\n<meta property=\"og:site_name\" content=\"Eyrignac et ses jardins\" \/>\n<meta property=\"article:publisher\" content=\"https:\/\/www.facebook.com\/JardinsEyrignac\/\" \/>\n<meta property=\"article:published_time\" content=\"2022-07-04T14:24:09+00:00\" \/>\n<meta property=\"article:modified_time\" content=\"2024-08-20T08:24:13+00:00\" \/>\n<meta name=\"author\" content=\"Rachel Coudray\" \/>\n<meta name=\"twitter:card\" content=\"summary_large_image\" \/>\n<meta name=\"twitter:creator\" content=\"@eyrignac\" \/>\n<meta name=\"twitter:site\" content=\"@eyrignac\" \/>\n<meta name=\"twitter:label1\" content=\"\u00c9crit par\" \/>\n\t<meta name=\"twitter:data1\" content=\"Rachel Coudray\" \/>\n<script type=\"application\/ld+json\" class=\"yoast-schema-graph\">{\"@context\":\"https:\\\/\\\/schema.org\",\"@graph\":[{\"@type\":\"Article\",\"@id\":\"https:\\\/\\\/www.eyrignac.com\\\/fr\\\/evenements\\\/le-restaurant-cote-jardins-2#article\",\"isPartOf\":{\"@id\":\"https:\\\/\\\/www.eyrignac.com\\\/fr\\\/evenements\\\/le-restaurant-cote-jardins-2\"},\"author\":{\"name\":\"Rachel Coudray\",\"@id\":\"https:\\\/\\\/www.eyrignac.com\\\/fr\\\/#\\\/schema\\\/person\\\/901d210a561794cfaa3ed8916bd242f9\"},\"headline\":\"LE RESTAURANT C\u00d4T\u00c9 JARDINS\",\"datePublished\":\"2022-07-04T14:24:09+00:00\",\"dateModified\":\"2024-08-20T08:24:13+00:00\",\"mainEntityOfPage\":{\"@id\":\"https:\\\/\\\/www.eyrignac.com\\\/fr\\\/evenements\\\/le-restaurant-cote-jardins-2\"},\"wordCount\":5,\"publisher\":{\"@id\":\"https:\\\/\\\/www.eyrignac.com\\\/fr\\\/#organization\"},\"articleSection\":[\"Evenements\"],\"inLanguage\":\"fr-FR\"},{\"@type\":\"WebPage\",\"@id\":\"https:\\\/\\\/www.eyrignac.com\\\/fr\\\/evenements\\\/le-restaurant-cote-jardins-2\",\"url\":\"https:\\\/\\\/www.eyrignac.com\\\/fr\\\/evenements\\\/le-restaurant-cote-jardins-2\",\"name\":\"LE RESTAURANT C\u00d4T\u00c9 JARDINS - Eyrignac et ses jardins\",\"isPartOf\":{\"@id\":\"https:\\\/\\\/www.eyrignac.com\\\/fr\\\/#website\"},\"datePublished\":\"2022-07-04T14:24:09+00:00\",\"dateModified\":\"2024-08-20T08:24:13+00:00\",\"breadcrumb\":{\"@id\":\"https:\\\/\\\/www.eyrignac.com\\\/fr\\\/evenements\\\/le-restaurant-cote-jardins-2#breadcrumb\"},\"inLanguage\":\"fr-FR\",\"potentialAction\":[{\"@type\":\"ReadAction\",\"target\":[\"https:\\\/\\\/www.eyrignac.com\\\/fr\\\/evenements\\\/le-restaurant-cote-jardins-2\"]}]},{\"@type\":\"BreadcrumbList\",\"@id\":\"https:\\\/\\\/www.eyrignac.com\\\/fr\\\/evenements\\\/le-restaurant-cote-jardins-2#breadcrumb\",\"itemListElement\":[{\"@type\":\"ListItem\",\"position\":1,\"name\":\"Accueil\",\"item\":\"https:\\\/\\\/www.eyrignac.com\\\/fr\"},{\"@type\":\"ListItem\",\"position\":2,\"name\":\"LE RESTAURANT C\u00d4T\u00c9 JARDINS\"}]},{\"@type\":\"WebSite\",\"@id\":\"https:\\\/\\\/www.eyrignac.com\\\/fr\\\/#website\",\"url\":\"https:\\\/\\\/www.eyrignac.com\\\/fr\\\/\",\"name\":\"Eyrignac et ses jardins\",\"description\":\"Lieu de verdure unique en Dordogne\",\"publisher\":{\"@id\":\"https:\\\/\\\/www.eyrignac.com\\\/fr\\\/#organization\"},\"potentialAction\":[{\"@type\":\"SearchAction\",\"target\":{\"@type\":\"EntryPoint\",\"urlTemplate\":\"https:\\\/\\\/www.eyrignac.com\\\/fr\\\/?s={search_term_string}\"},\"query-input\":{\"@type\":\"PropertyValueSpecification\",\"valueRequired\":true,\"valueName\":\"search_term_string\"}}],\"inLanguage\":\"fr-FR\"},{\"@type\":\"Organization\",\"@id\":\"https:\\\/\\\/www.eyrignac.com\\\/fr\\\/#organization\",\"name\":\"Eyrignac\",\"url\":\"https:\\\/\\\/www.eyrignac.com\\\/fr\\\/\",\"logo\":{\"@type\":\"ImageObject\",\"inLanguage\":\"fr-FR\",\"@id\":\"https:\\\/\\\/www.eyrignac.com\\\/fr\\\/#\\\/schema\\\/logo\\\/image\\\/\",\"url\":\"https:\\\/\\\/www.eyrignac.com\\\/wp-content\\\/uploads\\\/2017\\\/12\\\/logo-eyrignac.png\",\"contentUrl\":\"https:\\\/\\\/www.eyrignac.com\\\/wp-content\\\/uploads\\\/2017\\\/12\\\/logo-eyrignac.png\",\"width\":500,\"height\":189,\"caption\":\"Eyrignac\"},\"image\":{\"@id\":\"https:\\\/\\\/www.eyrignac.com\\\/fr\\\/#\\\/schema\\\/logo\\\/image\\\/\"},\"sameAs\":[\"https:\\\/\\\/www.facebook.com\\\/JardinsEyrignac\\\/\",\"https:\\\/\\\/x.com\\\/eyrignac\",\"https:\\\/\\\/www.instagram.com\\\/eyrignac\\\/\",\"https:\\\/\\\/www.pinterest.fr\\\/eyrignac\\\/\",\"https:\\\/\\\/www.youtube.com\\\/channel\\\/UCjWc47ArIew83eRXXjaBowg\"]},{\"@type\":\"Person\",\"@id\":\"https:\\\/\\\/www.eyrignac.com\\\/fr\\\/#\\\/schema\\\/person\\\/901d210a561794cfaa3ed8916bd242f9\",\"name\":\"Rachel Coudray\"}]}<\/script>\n<!-- \/ Yoast SEO plugin. -->","yoast_head_json":{"title":"LE RESTAURANT C\u00d4T\u00c9 JARDINS - Eyrignac et ses jardins","robots":{"index":"index","follow":"follow","max-snippet":"max-snippet:-1","max-image-preview":"max-image-preview:large","max-video-preview":"max-video-preview:-1"},"canonical":"https:\/\/www.eyrignac.com\/fr\/evenements\/le-restaurant-cote-jardins-2","og_locale":"fr_FR","og_type":"article","og_title":"LE RESTAURANT C\u00d4T\u00c9 JARDINS - Eyrignac et ses jardins","og_description":"Le restaurant et le salon de th\u00e9 sont ouverts.En savoir plus","og_url":"https:\/\/www.eyrignac.com\/fr\/evenements\/le-restaurant-cote-jardins-2","og_site_name":"Eyrignac et ses jardins","article_publisher":"https:\/\/www.facebook.com\/JardinsEyrignac\/","article_published_time":"2022-07-04T14:24:09+00:00","article_modified_time":"2024-08-20T08:24:13+00:00","author":"Rachel Coudray","twitter_card":"summary_large_image","twitter_creator":"@eyrignac","twitter_site":"@eyrignac","twitter_misc":{"\u00c9crit par":"Rachel Coudray"},"schema":{"@context":"https:\/\/schema.org","@graph":[{"@type":"Article","@id":"https:\/\/www.eyrignac.com\/fr\/evenements\/le-restaurant-cote-jardins-2#article","isPartOf":{"@id":"https:\/\/www.eyrignac.com\/fr\/evenements\/le-restaurant-cote-jardins-2"},"author":{"name":"Rachel Coudray","@id":"https:\/\/www.eyrignac.com\/fr\/#\/schema\/person\/901d210a561794cfaa3ed8916bd242f9"},"headline":"LE RESTAURANT C\u00d4T\u00c9 JARDINS","datePublished":"2022-07-04T14:24:09+00:00","dateModified":"2024-08-20T08:24:13+00:00","mainEntityOfPage":{"@id":"https:\/\/www.eyrignac.com\/fr\/evenements\/le-restaurant-cote-jardins-2"},"wordCount":5,"publisher":{"@id":"https:\/\/www.eyrignac.com\/fr\/#organization"},"articleSection":["Evenements"],"inLanguage":"fr-FR"},{"@type":"WebPage","@id":"https:\/\/www.eyrignac.com\/fr\/evenements\/le-restaurant-cote-jardins-2","url":"https:\/\/www.eyrignac.com\/fr\/evenements\/le-restaurant-cote-jardins-2","name":"LE RESTAURANT C\u00d4T\u00c9 JARDINS - Eyrignac et ses jardins","isPartOf":{"@id":"https:\/\/www.eyrignac.com\/fr\/#website"},"datePublished":"2022-07-04T14:24:09+00:00","dateModified":"2024-08-20T08:24:13+00:00","breadcrumb":{"@id":"https:\/\/www.eyrignac.com\/fr\/evenements\/le-restaurant-cote-jardins-2#breadcrumb"},"inLanguage":"fr-FR","potentialAction":[{"@type":"ReadAction","target":["https:\/\/www.eyrignac.com\/fr\/evenements\/le-restaurant-cote-jardins-2"]}]},{"@type":"BreadcrumbList","@id":"https:\/\/www.eyrignac.com\/fr\/evenements\/le-restaurant-cote-jardins-2#breadcrumb","itemListElement":[{"@type":"ListItem","position":1,"name":"Accueil","item":"https:\/\/www.eyrignac.com\/fr"},{"@type":"ListItem","position":2,"name":"LE RESTAURANT C\u00d4T\u00c9 JARDINS"}]},{"@type":"WebSite","@id":"https:\/\/www.eyrignac.com\/fr\/#website","url":"https:\/\/www.eyrignac.com\/fr\/","name":"Eyrignac et ses jardins","description":"Lieu de verdure unique en Dordogne","publisher":{"@id":"https:\/\/www.eyrignac.com\/fr\/#organization"},"potentialAction":[{"@type":"SearchAction","target":{"@type":"EntryPoint","urlTemplate":"https:\/\/www.eyrignac.com\/fr\/?s={search_term_string}"},"query-input":{"@type":"PropertyValueSpecification","valueRequired":true,"valueName":"search_term_string"}}],"inLanguage":"fr-FR"},{"@type":"Organization","@id":"https:\/\/www.eyrignac.com\/fr\/#organization","name":"Eyrignac","url":"https:\/\/www.eyrignac.com\/fr\/","logo":{"@type":"ImageObject","inLanguage":"fr-FR","@id":"https:\/\/www.eyrignac.com\/fr\/#\/schema\/logo\/image\/","url":"https:\/\/www.eyrignac.com\/wp-content\/uploads\/2017\/12\/logo-eyrignac.png","contentUrl":"https:\/\/www.eyrignac.com\/wp-content\/uploads\/2017\/12\/logo-eyrignac.png","width":500,"height":189,"caption":"Eyrignac"},"image":{"@id":"https:\/\/www.eyrignac.com\/fr\/#\/schema\/logo\/image\/"},"sameAs":["https:\/\/www.facebook.com\/JardinsEyrignac\/","https:\/\/x.com\/eyrignac","https:\/\/www.instagram.com\/eyrignac\/","https:\/\/www.pinterest.fr\/eyrignac\/","https:\/\/www.youtube.com\/channel\/UCjWc47ArIew83eRXXjaBowg"]},{"@type":"Person","@id":"https:\/\/www.eyrignac.com\/fr\/#\/schema\/person\/901d210a561794cfaa3ed8916bd242f9","name":"Rachel Coudray"}]}},"_links":{"self":[{"href":"https:\/\/www.eyrignac.com\/fr\/wp-json\/wp\/v2\/posts\/3712","targetHints":{"allow":["GET"]}}],"collection":[{"href":"https:\/\/www.eyrignac.com\/fr\/wp-json\/wp\/v2\/posts"}],"about":[{"href":"https:\/\/www.eyrignac.com\/fr\/wp-json\/wp\/v2\/types\/post"}],"author":[{"embeddable":true,"href":"https:\/\/www.eyrignac.com\/fr\/wp-json\/wp\/v2\/users\/3"}],"replies":[{"embeddable":true,"href":"https:\/\/www.eyrignac.com\/fr\/wp-json\/wp\/v2\/comments?post=3712"}],"version-history":[{"count":0,"href":"https:\/\/www.eyrignac.com\/fr\/wp-json\/wp\/v2\/posts\/3712\/revisions"}],"wp:attachment":[{"href":"https:\/\/www.eyrignac.com\/fr\/wp-json\/wp\/v2\/media?parent=3712"}],"wp:term":[{"taxonomy":"category","embeddable":true,"href":"https:\/\/www.eyrignac.com\/fr\/wp-json\/wp\/v2\/categories?post=3712"},{"taxonomy":"post_tag","embeddable":true,"href":"https:\/\/www.eyrignac.com\/fr\/wp-json\/wp\/v2\/tags?post=3712"}],"curies":[{"name":"wp","href":"https:\/\/api.w.org\/{rel}","templated":true}]}}