{"id":2702,"date":"2018-10-30T16:23:14","date_gmt":"2018-10-30T15:23:14","guid":{"rendered":"https:\/\/www.eyrignac.com\/?p=2702"},"modified":"2024-08-20T10:23:14","modified_gmt":"2024-08-20T08:23:14","slug":"eyrignac-dans-lemission-cap-sud-ouest","status":"publish","type":"post","link":"https:\/\/www.eyrignac.com\/fr\/actualites\/eyrignac-dans-lemission-cap-sud-ouest","title":{"rendered":"Eyrignac dans l&rsquo;\u00e9mission Cap Sud-Ouest"},"content":{"rendered":"<div class=\"wpb-content-wrapper\"><p>[vc_row][vc_column][vc_column_text]Le dimanche 28 Octobre 2018, France 3 Aquitaine diffusait l&rsquo;\u00e9mission <a href=\"https:\/\/france3-regions.francetvinfo.fr\/nouvelle-aquitaine\/emissions\/cap-sud-ouest\/perigord-terre-savoir-faire-1562706.html\">Cap Sud-Ouest<\/a>, un programme faisant la part belle aux images prises par drone. Le P\u00e9rigord y \u00e9tait \u00e0 l&rsquo;honneur et Eric Perrin, le pr\u00e9sentateur est parti \u00e0 la rencontre de plusieurs tr\u00e9sors du P\u00e9rigord. L&rsquo;\u00e9mission a mis en lumi\u00e8re R\u00e9mi Becherel, passionn\u00e9 par le bois, qui apr\u00e8s un tour de France avec les Compagnons du Devoir, est revenu dans sa r\u00e9gion natale pour se consacrer \u00e0 la r\u00e9alisation de cabanes en bois. L&rsquo;entreprise <a href=\"http:\/\/www.nidperche.com\">Nid Perch\u00e9<\/a> est n\u00e9e et plus de 300 cabanes sont d\u00e9sormais construites en France, toutes respectueuses de la nature et des arbres.<\/p>\n<p>Zoom ensuite sur le village de Saint-Geni\u00e8s o\u00f9 <a href=\"https:\/\/www.chapoulie-lauze.com\/\">Thierry Chapoulie<\/a>, dernier ma\u00eetre lauzier en P\u00e9rigord et son savoir-faire ancestral permettent au patrimoine P\u00e9rigourdin de conserver ses belles toitures traditionnelles. Eric part ensuite \u00e0 la rencontre de <a href=\"http:\/\/www.atelier-costa.com\/\">Fernando Costa<\/a>, un artiste-sculpteur qui puise son inspiration dans les panneaux de signalisation les recyclent en oeuvre d&rsquo;art<br \/>\nEt enfin, derni\u00e8re rencontre de l&rsquo;\u00e9mission, celle avec Eyrignac et ses Jardins : Laurent Chabane, chef jardinier et Patrick Sermadiras, propri\u00e9taire partagent la passion qui les anime, l&rsquo;amour de ces jardins. Des images a\u00e9riennes par drone donnent une toute autre dimension aux lignes graphiques et aux sculptures v\u00e9g\u00e9tales qui les composent.[\/vc_column_text][\/vc_column][\/vc_row][vc_row][vc_column][vc_video link=\u00a0\u00bbhttps:\/\/www.youtube.com\/watch?v=IXV-3XimTcA&amp;list=PLXSKT-6zOKzywwC-7vmjOZZ9Xf4_TMTJy&amp;t=0s&amp;index=2&Prime;][\/vc_column][\/vc_row]<\/p>\n<\/div>","protected":false},"excerpt":{"rendered":"Retrouvez l&rsquo;\u00e9mission Cap Sud-Ouest diffus\u00e9e par France 3 Aquitaine en octobre, un programme faisant la part belle aux images prises par drone. Eyrignac y \u00e9tait l&rsquo;honneur parmi plusieurs tr\u00e9sors du P\u00e9rigord ","protected":false},"author":1,"featured_media":2629,"comment_status":"closed","ping_status":"open","sticky":false,"template":"","format":"standard","meta":{"_acf_changed":false,"footnotes":""},"categories":[5],"tags":[],"class_list":["post-2702","post","type-post","status-publish","format-standard","has-post-thumbnail","hentry","category-actualites"],"acf":[],"yoast_head":"<!-- This site is optimized with the Yoast SEO plugin v27.5 - https:\/\/yoast.com\/product\/yoast-seo-wordpress\/ -->\n<title>Eyrignac dans l&#039;\u00e9mission Cap Sud-Ouest - Eyrignac et ses jardins<\/title>\n<meta name=\"robots\" content=\"index, follow, max-snippet:-1, max-image-preview:large, max-video-preview:-1\" \/>\n<link rel=\"canonical\" href=\"https:\/\/www.eyrignac.com\/fr\/actualites\/eyrignac-dans-lemission-cap-sud-ouest\" \/>\n<meta property=\"og:locale\" content=\"fr_FR\" \/>\n<meta property=\"og:type\" content=\"article\" \/>\n<meta property=\"og:title\" content=\"Eyrignac dans l&#039;\u00e9mission Cap Sud-Ouest - Eyrignac et ses jardins\" \/>\n<meta property=\"og:description\" content=\"Retrouvez l&#039;\u00e9mission Cap Sud-Ouest diffus\u00e9e par France 3 Aquitaine en octobre, un programme faisant la part belle aux images prises par drone. Eyrignac y \u00e9tait l&#039;honneur parmi plusieurs tr\u00e9sors du P\u00e9rigord\" \/>\n<meta property=\"og:url\" content=\"https:\/\/www.eyrignac.com\/fr\/actualites\/eyrignac-dans-lemission-cap-sud-ouest\" \/>\n<meta property=\"og:site_name\" content=\"Eyrignac et ses jardins\" \/>\n<meta property=\"article:publisher\" content=\"https:\/\/www.facebook.com\/JardinsEyrignac\/\" \/>\n<meta property=\"article:published_time\" content=\"2018-10-30T15:23:14+00:00\" \/>\n<meta property=\"article:modified_time\" content=\"2024-08-20T08:23:14+00:00\" \/>\n<meta property=\"og:image\" content=\"https:\/\/www.eyrignac.com\/wp-content\/uploads\/2018\/12\/eyrignac_cap_sudouest_tournage.jpg\" \/>\n\t<meta property=\"og:image:width\" content=\"800\" \/>\n\t<meta property=\"og:image:height\" content=\"600\" \/>\n\t<meta property=\"og:image:type\" content=\"image\/jpeg\" \/>\n<meta name=\"author\" content=\"modifs\" \/>\n<meta name=\"twitter:card\" content=\"summary_large_image\" \/>\n<meta name=\"twitter:creator\" content=\"@eyrignac\" \/>\n<meta name=\"twitter:site\" content=\"@eyrignac\" \/>\n<meta name=\"twitter:label1\" content=\"\u00c9crit par\" \/>\n\t<meta name=\"twitter:data1\" content=\"modifs\" \/>\n\t<meta name=\"twitter:label2\" content=\"Dur\u00e9e de lecture estim\u00e9e\" \/>\n\t<meta name=\"twitter:data2\" content=\"1 minute\" \/>\n<script type=\"application\/ld+json\" class=\"yoast-schema-graph\">{\"@context\":\"https:\\\/\\\/schema.org\",\"@graph\":[{\"@type\":\"Article\",\"@id\":\"https:\\\/\\\/www.eyrignac.com\\\/fr\\\/actualites\\\/eyrignac-dans-lemission-cap-sud-ouest#article\",\"isPartOf\":{\"@id\":\"https:\\\/\\\/www.eyrignac.com\\\/fr\\\/actualites\\\/eyrignac-dans-lemission-cap-sud-ouest\"},\"author\":{\"name\":\"modifs\",\"@id\":\"https:\\\/\\\/www.eyrignac.com\\\/fr\\\/#\\\/schema\\\/person\\\/6b23cb9e26d0d5fc9a6a178585528d02\"},\"headline\":\"Eyrignac dans l&rsquo;\u00e9mission Cap Sud-Ouest\",\"datePublished\":\"2018-10-30T15:23:14+00:00\",\"dateModified\":\"2024-08-20T08:23:14+00:00\",\"mainEntityOfPage\":{\"@id\":\"https:\\\/\\\/www.eyrignac.com\\\/fr\\\/actualites\\\/eyrignac-dans-lemission-cap-sud-ouest\"},\"wordCount\":279,\"publisher\":{\"@id\":\"https:\\\/\\\/www.eyrignac.com\\\/fr\\\/#organization\"},\"image\":{\"@id\":\"https:\\\/\\\/www.eyrignac.com\\\/fr\\\/actualites\\\/eyrignac-dans-lemission-cap-sud-ouest#primaryimage\"},\"thumbnailUrl\":\"https:\\\/\\\/www.eyrignac.com\\\/wp-content\\\/uploads\\\/2018\\\/12\\\/eyrignac_cap_sudouest_tournage.jpg\",\"articleSection\":[\"Actualit\u00e9s\"],\"inLanguage\":\"fr-FR\"},{\"@type\":\"WebPage\",\"@id\":\"https:\\\/\\\/www.eyrignac.com\\\/fr\\\/actualites\\\/eyrignac-dans-lemission-cap-sud-ouest\",\"url\":\"https:\\\/\\\/www.eyrignac.com\\\/fr\\\/actualites\\\/eyrignac-dans-lemission-cap-sud-ouest\",\"name\":\"Eyrignac dans l'\u00e9mission Cap Sud-Ouest - Eyrignac et ses jardins\",\"isPartOf\":{\"@id\":\"https:\\\/\\\/www.eyrignac.com\\\/fr\\\/#website\"},\"primaryImageOfPage\":{\"@id\":\"https:\\\/\\\/www.eyrignac.com\\\/fr\\\/actualites\\\/eyrignac-dans-lemission-cap-sud-ouest#primaryimage\"},\"image\":{\"@id\":\"https:\\\/\\\/www.eyrignac.com\\\/fr\\\/actualites\\\/eyrignac-dans-lemission-cap-sud-ouest#primaryimage\"},\"thumbnailUrl\":\"https:\\\/\\\/www.eyrignac.com\\\/wp-content\\\/uploads\\\/2018\\\/12\\\/eyrignac_cap_sudouest_tournage.jpg\",\"datePublished\":\"2018-10-30T15:23:14+00:00\",\"dateModified\":\"2024-08-20T08:23:14+00:00\",\"breadcrumb\":{\"@id\":\"https:\\\/\\\/www.eyrignac.com\\\/fr\\\/actualites\\\/eyrignac-dans-lemission-cap-sud-ouest#breadcrumb\"},\"inLanguage\":\"fr-FR\",\"potentialAction\":[{\"@type\":\"ReadAction\",\"target\":[\"https:\\\/\\\/www.eyrignac.com\\\/fr\\\/actualites\\\/eyrignac-dans-lemission-cap-sud-ouest\"]}]},{\"@type\":\"ImageObject\",\"inLanguage\":\"fr-FR\",\"@id\":\"https:\\\/\\\/www.eyrignac.com\\\/fr\\\/actualites\\\/eyrignac-dans-lemission-cap-sud-ouest#primaryimage\",\"url\":\"https:\\\/\\\/www.eyrignac.com\\\/wp-content\\\/uploads\\\/2018\\\/12\\\/eyrignac_cap_sudouest_tournage.jpg\",\"contentUrl\":\"https:\\\/\\\/www.eyrignac.com\\\/wp-content\\\/uploads\\\/2018\\\/12\\\/eyrignac_cap_sudouest_tournage.jpg\",\"width\":800,\"height\":600},{\"@type\":\"BreadcrumbList\",\"@id\":\"https:\\\/\\\/www.eyrignac.com\\\/fr\\\/actualites\\\/eyrignac-dans-lemission-cap-sud-ouest#breadcrumb\",\"itemListElement\":[{\"@type\":\"ListItem\",\"position\":1,\"name\":\"Accueil\",\"item\":\"https:\\\/\\\/www.eyrignac.com\\\/fr\"},{\"@type\":\"ListItem\",\"position\":2,\"name\":\"Eyrignac dans l&rsquo;\u00e9mission Cap Sud-Ouest\"}]},{\"@type\":\"WebSite\",\"@id\":\"https:\\\/\\\/www.eyrignac.com\\\/fr\\\/#website\",\"url\":\"https:\\\/\\\/www.eyrignac.com\\\/fr\\\/\",\"name\":\"Eyrignac et ses jardins\",\"description\":\"Lieu de verdure unique en Dordogne\",\"publisher\":{\"@id\":\"https:\\\/\\\/www.eyrignac.com\\\/fr\\\/#organization\"},\"potentialAction\":[{\"@type\":\"SearchAction\",\"target\":{\"@type\":\"EntryPoint\",\"urlTemplate\":\"https:\\\/\\\/www.eyrignac.com\\\/fr\\\/?s={search_term_string}\"},\"query-input\":{\"@type\":\"PropertyValueSpecification\",\"valueRequired\":true,\"valueName\":\"search_term_string\"}}],\"inLanguage\":\"fr-FR\"},{\"@type\":\"Organization\",\"@id\":\"https:\\\/\\\/www.eyrignac.com\\\/fr\\\/#organization\",\"name\":\"Eyrignac\",\"url\":\"https:\\\/\\\/www.eyrignac.com\\\/fr\\\/\",\"logo\":{\"@type\":\"ImageObject\",\"inLanguage\":\"fr-FR\",\"@id\":\"https:\\\/\\\/www.eyrignac.com\\\/fr\\\/#\\\/schema\\\/logo\\\/image\\\/\",\"url\":\"https:\\\/\\\/www.eyrignac.com\\\/wp-content\\\/uploads\\\/2017\\\/12\\\/logo-eyrignac.png\",\"contentUrl\":\"https:\\\/\\\/www.eyrignac.com\\\/wp-content\\\/uploads\\\/2017\\\/12\\\/logo-eyrignac.png\",\"width\":500,\"height\":189,\"caption\":\"Eyrignac\"},\"image\":{\"@id\":\"https:\\\/\\\/www.eyrignac.com\\\/fr\\\/#\\\/schema\\\/logo\\\/image\\\/\"},\"sameAs\":[\"https:\\\/\\\/www.facebook.com\\\/JardinsEyrignac\\\/\",\"https:\\\/\\\/x.com\\\/eyrignac\",\"https:\\\/\\\/www.instagram.com\\\/eyrignac\\\/\",\"https:\\\/\\\/www.pinterest.fr\\\/eyrignac\\\/\",\"https:\\\/\\\/www.youtube.com\\\/channel\\\/UCjWc47ArIew83eRXXjaBowg\"]},{\"@type\":\"Person\",\"@id\":\"https:\\\/\\\/www.eyrignac.com\\\/fr\\\/#\\\/schema\\\/person\\\/6b23cb9e26d0d5fc9a6a178585528d02\",\"name\":\"modifs\"}]}<\/script>\n<!-- \/ Yoast SEO plugin. -->","yoast_head_json":{"title":"Eyrignac dans l'\u00e9mission Cap Sud-Ouest - Eyrignac et ses jardins","robots":{"index":"index","follow":"follow","max-snippet":"max-snippet:-1","max-image-preview":"max-image-preview:large","max-video-preview":"max-video-preview:-1"},"canonical":"https:\/\/www.eyrignac.com\/fr\/actualites\/eyrignac-dans-lemission-cap-sud-ouest","og_locale":"fr_FR","og_type":"article","og_title":"Eyrignac dans l'\u00e9mission Cap Sud-Ouest - Eyrignac et ses jardins","og_description":"Retrouvez l'\u00e9mission Cap Sud-Ouest diffus\u00e9e par France 3 Aquitaine en octobre, un programme faisant la part belle aux images prises par drone. Eyrignac y \u00e9tait l'honneur parmi plusieurs tr\u00e9sors du P\u00e9rigord","og_url":"https:\/\/www.eyrignac.com\/fr\/actualites\/eyrignac-dans-lemission-cap-sud-ouest","og_site_name":"Eyrignac et ses jardins","article_publisher":"https:\/\/www.facebook.com\/JardinsEyrignac\/","article_published_time":"2018-10-30T15:23:14+00:00","article_modified_time":"2024-08-20T08:23:14+00:00","og_image":[{"width":800,"height":600,"url":"https:\/\/www.eyrignac.com\/wp-content\/uploads\/2018\/12\/eyrignac_cap_sudouest_tournage.jpg","type":"image\/jpeg"}],"author":"modifs","twitter_card":"summary_large_image","twitter_creator":"@eyrignac","twitter_site":"@eyrignac","twitter_misc":{"\u00c9crit par":"modifs","Dur\u00e9e de lecture estim\u00e9e":"1 minute"},"schema":{"@context":"https:\/\/schema.org","@graph":[{"@type":"Article","@id":"https:\/\/www.eyrignac.com\/fr\/actualites\/eyrignac-dans-lemission-cap-sud-ouest#article","isPartOf":{"@id":"https:\/\/www.eyrignac.com\/fr\/actualites\/eyrignac-dans-lemission-cap-sud-ouest"},"author":{"name":"modifs","@id":"https:\/\/www.eyrignac.com\/fr\/#\/schema\/person\/6b23cb9e26d0d5fc9a6a178585528d02"},"headline":"Eyrignac dans l&rsquo;\u00e9mission Cap Sud-Ouest","datePublished":"2018-10-30T15:23:14+00:00","dateModified":"2024-08-20T08:23:14+00:00","mainEntityOfPage":{"@id":"https:\/\/www.eyrignac.com\/fr\/actualites\/eyrignac-dans-lemission-cap-sud-ouest"},"wordCount":279,"publisher":{"@id":"https:\/\/www.eyrignac.com\/fr\/#organization"},"image":{"@id":"https:\/\/www.eyrignac.com\/fr\/actualites\/eyrignac-dans-lemission-cap-sud-ouest#primaryimage"},"thumbnailUrl":"https:\/\/www.eyrignac.com\/wp-content\/uploads\/2018\/12\/eyrignac_cap_sudouest_tournage.jpg","articleSection":["Actualit\u00e9s"],"inLanguage":"fr-FR"},{"@type":"WebPage","@id":"https:\/\/www.eyrignac.com\/fr\/actualites\/eyrignac-dans-lemission-cap-sud-ouest","url":"https:\/\/www.eyrignac.com\/fr\/actualites\/eyrignac-dans-lemission-cap-sud-ouest","name":"Eyrignac dans l'\u00e9mission Cap Sud-Ouest - Eyrignac et ses jardins","isPartOf":{"@id":"https:\/\/www.eyrignac.com\/fr\/#website"},"primaryImageOfPage":{"@id":"https:\/\/www.eyrignac.com\/fr\/actualites\/eyrignac-dans-lemission-cap-sud-ouest#primaryimage"},"image":{"@id":"https:\/\/www.eyrignac.com\/fr\/actualites\/eyrignac-dans-lemission-cap-sud-ouest#primaryimage"},"thumbnailUrl":"https:\/\/www.eyrignac.com\/wp-content\/uploads\/2018\/12\/eyrignac_cap_sudouest_tournage.jpg","datePublished":"2018-10-30T15:23:14+00:00","dateModified":"2024-08-20T08:23:14+00:00","breadcrumb":{"@id":"https:\/\/www.eyrignac.com\/fr\/actualites\/eyrignac-dans-lemission-cap-sud-ouest#breadcrumb"},"inLanguage":"fr-FR","potentialAction":[{"@type":"ReadAction","target":["https:\/\/www.eyrignac.com\/fr\/actualites\/eyrignac-dans-lemission-cap-sud-ouest"]}]},{"@type":"ImageObject","inLanguage":"fr-FR","@id":"https:\/\/www.eyrignac.com\/fr\/actualites\/eyrignac-dans-lemission-cap-sud-ouest#primaryimage","url":"https:\/\/www.eyrignac.com\/wp-content\/uploads\/2018\/12\/eyrignac_cap_sudouest_tournage.jpg","contentUrl":"https:\/\/www.eyrignac.com\/wp-content\/uploads\/2018\/12\/eyrignac_cap_sudouest_tournage.jpg","width":800,"height":600},{"@type":"BreadcrumbList","@id":"https:\/\/www.eyrignac.com\/fr\/actualites\/eyrignac-dans-lemission-cap-sud-ouest#breadcrumb","itemListElement":[{"@type":"ListItem","position":1,"name":"Accueil","item":"https:\/\/www.eyrignac.com\/fr"},{"@type":"ListItem","position":2,"name":"Eyrignac dans l&rsquo;\u00e9mission Cap Sud-Ouest"}]},{"@type":"WebSite","@id":"https:\/\/www.eyrignac.com\/fr\/#website","url":"https:\/\/www.eyrignac.com\/fr\/","name":"Eyrignac et ses jardins","description":"Lieu de verdure unique en Dordogne","publisher":{"@id":"https:\/\/www.eyrignac.com\/fr\/#organization"},"potentialAction":[{"@type":"SearchAction","target":{"@type":"EntryPoint","urlTemplate":"https:\/\/www.eyrignac.com\/fr\/?s={search_term_string}"},"query-input":{"@type":"PropertyValueSpecification","valueRequired":true,"valueName":"search_term_string"}}],"inLanguage":"fr-FR"},{"@type":"Organization","@id":"https:\/\/www.eyrignac.com\/fr\/#organization","name":"Eyrignac","url":"https:\/\/www.eyrignac.com\/fr\/","logo":{"@type":"ImageObject","inLanguage":"fr-FR","@id":"https:\/\/www.eyrignac.com\/fr\/#\/schema\/logo\/image\/","url":"https:\/\/www.eyrignac.com\/wp-content\/uploads\/2017\/12\/logo-eyrignac.png","contentUrl":"https:\/\/www.eyrignac.com\/wp-content\/uploads\/2017\/12\/logo-eyrignac.png","width":500,"height":189,"caption":"Eyrignac"},"image":{"@id":"https:\/\/www.eyrignac.com\/fr\/#\/schema\/logo\/image\/"},"sameAs":["https:\/\/www.facebook.com\/JardinsEyrignac\/","https:\/\/x.com\/eyrignac","https:\/\/www.instagram.com\/eyrignac\/","https:\/\/www.pinterest.fr\/eyrignac\/","https:\/\/www.youtube.com\/channel\/UCjWc47ArIew83eRXXjaBowg"]},{"@type":"Person","@id":"https:\/\/www.eyrignac.com\/fr\/#\/schema\/person\/6b23cb9e26d0d5fc9a6a178585528d02","name":"modifs"}]}},"_links":{"self":[{"href":"https:\/\/www.eyrignac.com\/fr\/wp-json\/wp\/v2\/posts\/2702","targetHints":{"allow":["GET"]}}],"collection":[{"href":"https:\/\/www.eyrignac.com\/fr\/wp-json\/wp\/v2\/posts"}],"about":[{"href":"https:\/\/www.eyrignac.com\/fr\/wp-json\/wp\/v2\/types\/post"}],"author":[{"embeddable":true,"href":"https:\/\/www.eyrignac.com\/fr\/wp-json\/wp\/v2\/users\/1"}],"replies":[{"embeddable":true,"href":"https:\/\/www.eyrignac.com\/fr\/wp-json\/wp\/v2\/comments?post=2702"}],"version-history":[{"count":0,"href":"https:\/\/www.eyrignac.com\/fr\/wp-json\/wp\/v2\/posts\/2702\/revisions"}],"wp:featuredmedia":[{"embeddable":true,"href":"https:\/\/www.eyrignac.com\/fr\/wp-json\/wp\/v2\/media\/2629"}],"wp:attachment":[{"href":"https:\/\/www.eyrignac.com\/fr\/wp-json\/wp\/v2\/media?parent=2702"}],"wp:term":[{"taxonomy":"category","embeddable":true,"href":"https:\/\/www.eyrignac.com\/fr\/wp-json\/wp\/v2\/categories?post=2702"},{"taxonomy":"post_tag","embeddable":true,"href":"https:\/\/www.eyrignac.com\/fr\/wp-json\/wp\/v2\/tags?post=2702"}],"curies":[{"name":"wp","href":"https:\/\/api.w.org\/{rel}","templated":true}]}}