{"id":2700,"date":"2024-09-04T01:20:09","date_gmt":"2024-09-03T23:20:09","guid":{"rendered":"https:\/\/www.eyrignac.com\/?p=2700"},"modified":"2024-10-02T11:12:50","modified_gmt":"2024-10-02T09:12:50","slug":"entretien-du-gazon-a-lautomne","status":"publish","type":"post","link":"https:\/\/www.eyrignac.com\/fr\/actualites\/entretien-du-gazon-a-lautomne","title":{"rendered":"Entretien du gazon \u00e0 l&rsquo;automne"},"content":{"rendered":"<div class=\"wpb-content-wrapper\"><p>[vc_row][vc_column][vc_column_text]<strong>Avoir un beau gazon \u00e0 la belle saison demande un travail constant tout au long de l&rsquo;ann\u00e9e. L&rsquo;automne est la saison durant laquelle, le jardinier doit proc\u00e9der \u00e0 diff\u00e9rentes op\u00e9rations importante : la scarification, le semis de regarnissage suivi de l&rsquo;a\u00e9ration du sol. Suivez les conseils de notre chef-jardinier en la mati\u00e8re !\u00a0<\/strong>[\/vc_column_text][vc_column_text]L\u2019\u00e9t\u00e9 est pass\u00e9, les fortes chaleurs sont derri\u00e8re nous. Le retour de la fraicheur et d\u2019un peu de pluie vont permettre au gazon une sorte de r\u00e9surrection avant le froid hivernal. Il continuera \u00e0 pousser jusqu\u2019\u00e0 5\u00b0.<\/p>\n<p>Les plantes \u00ab ind\u00e9sirables \u00bb, ennemies des gazons, elles, vont beaucoup moins se d\u00e9velopper. C\u2019est donc le moment appropri\u00e9 pour attaquer l\u2019<strong>entretien d\u2019automne<\/strong>, le plus important de l\u2019ann\u00e9e et qui permettra d\u2019avoir, d\u00e8s l\u2019an prochain, une pelouse au top !<\/p>\n<h3>1 : La scarification du gazon<\/h3>\n<p>La <a href=\"https:\/\/www.eyrignac.com\/fr\/actualites\/scarification-gazon\"><strong>scarification<\/strong><\/a> est l\u2019op\u00e9ration la plus importante. Elle consiste \u00e0 \u00ab gratter \u00bb le feutre (les r\u00e9sidus de feuilles mortes, de d\u00e9chets de tonte, de mousse\u2026. Les lames en incisant le sol sur un ou deux centim\u00e8tres vont favoriser le d\u00e9part de nouvelles pousses et racines. Le gazon va pouvoir respirer.<\/p>\n<h3>2 : Le semis de regarnissage<\/h3>\n<p>Puis c\u2019est le s<strong>emis de regarnissage<\/strong>, avec, \u00e0 Eyrignac, un m\u00e9lange de Ray-grass anglais, de P\u00e2turin des pr\u00e9s et de F\u00e9tuque rouge demi tra\u00e7ante. Toutes les conditions \u00e9tant favorables, il va lever en quinze jours, r\u00e9g\u00e9n\u00e9rant notre pelouse. Nous appelons \u00e7a la \u00ab lutte inter-esp\u00e8ces \u00bb, la loi du plus fort, qui \u00e9vitera la r\u00e9apparition des adventices. Je vous conseillerais de faire une fertilisation azote \/ potasse pour le renforcer avant l\u2019hiver.[\/vc_column_text][\/vc_column][\/vc_row][vc_row][vc_column][vc_media_grid element_width=\u00a0\u00bb6&Prime; grid_id=\u00a0\u00bbvc_gid:1575376278584-40965f19-ff8d-7&Prime; include=\u00a0\u00bb3988,3986&Prime;][\/vc_column][\/vc_row][vc_row][vc_column][vc_column_text]<\/p>\n<h3>3 : L&rsquo;a\u00e9ration des sols<\/h3>\n<p>Laissons passer deux \u00e0 trois semaines, le temps que le gazon en place red\u00e9marre et que les jeunes graines germent. Puis viendra une autre op\u00e9ration primordiale, l\u2019<strong>a\u00e9ration<\/strong>. Le sol s\u2019est compact\u00e9. L\u2019air et l\u2019eau circulent mal. Nous utilisons un a\u00e9rateur \u00e0 moteur qui va faire une centaine de trous au m\u00b2, extirpant des carottes de terre d\u2019environ 10 cm et 1 cm de diam\u00e8tre.<\/p>\n<p>Ensuite, nous sablerons et terreauterons en surface et passerons un coup de r\u00e2teau pour \u00e9clater les carottes et les m\u00e9langer \u00e0 nos apports, le tout retombant dans les trous. Un apport d\u2019argile sur les zones trop drainantes augmentera la r\u00e9tention en eau pour le prochain \u00e9t\u00e9. On peut aussi rajouter quelques graines.<\/p>\n<p>Pour les petites surfaces ou sur les zones tr\u00e8s pi\u00e9tin\u00e9es, \u00e0 Eyrignac, nos jardiniers vont m\u00eame jusqu\u2019\u00e0 d\u00e9compacter le sol \u00e0 la fourche b\u00eache ou \u00e0 la grelinette. Sur 30 cm et en levant l\u00e9g\u00e8rement la terre, \u00e9miettant cette derni\u00e8re et la rendant plus friable\u2026du pur bonheur pour les racines.<\/p>\n<p>Faites un essai sur votre gazon et vous verrez vite la diff\u00e9rence.<br \/>\nNous n\u2019oublierons pas la derni\u00e8re tonte, la repasse sur les bordures et le ramassage r\u00e9gulier des feuilles mortes pour que nos gazons finissent l\u2019ann\u00e9e dans un \u00e9tat irr\u00e9prochable.<\/p>\n<p>C\u2019est un travail dur et fastidieux qui doit \u00eatre r\u00e9p\u00e9t\u00e9 chaque ann\u00e9e, mais, c\u2019est \u00e0 ce prix-l\u00e0 que vous obtiendrez de beaux gazons qui mettront en valeur votre jardin.<\/p>\n<p>Croyez-moi, \u00e7a en vaut la peine ![\/vc_column_text][\/vc_column][\/vc_row]<\/p>\n<\/div>","protected":false},"excerpt":{"rendered":"Avoir un beau gazon \u00e0 la belle saison demande un travail constant tout au long de l\u2019ann\u00e9e. L\u2019automne est la saison durant laquelle, le jardinier doit proc\u00e9der \u00e0 diff\u00e9rentes op\u00e9rations importante : la scarification, le semis de regarnissage suivi de l\u2019a\u00e9ration du sol. Suivez les conseils de notre chef-jardinier en la mati\u00e8re ! ","protected":false},"author":1,"featured_media":1544,"comment_status":"closed","ping_status":"open","sticky":false,"template":"","format":"standard","meta":{"_acf_changed":false,"footnotes":""},"categories":[5],"tags":[],"class_list":["post-2700","post","type-post","status-publish","format-standard","has-post-thumbnail","hentry","category-actualites"],"acf":[],"yoast_head":"<!-- This site is optimized with the Yoast SEO plugin v27.5 - https:\/\/yoast.com\/product\/yoast-seo-wordpress\/ -->\n<title>Entretien du gazon \u00e0 l&#039;automne - Eyrignac et ses jardins<\/title>\n<meta name=\"description\" content=\"Les secrets d&#039;un beau gazon : \u00e0 l\u2019automne le jardinier doit proc\u00e9der \u00e0 la scarification du gazon, au semis de regarnissage suivi de l\u2019a\u00e9ration du sol.\" \/>\n<meta name=\"robots\" content=\"index, follow, max-snippet:-1, max-image-preview:large, max-video-preview:-1\" \/>\n<link rel=\"canonical\" href=\"https:\/\/www.eyrignac.com\/fr\/actualites\/entretien-du-gazon-a-lautomne\" \/>\n<meta property=\"og:locale\" content=\"fr_FR\" \/>\n<meta property=\"og:type\" content=\"article\" \/>\n<meta property=\"og:title\" content=\"Entretien du gazon \u00e0 l&#039;automne - Eyrignac et ses jardins\" \/>\n<meta property=\"og:description\" content=\"Les secrets d&#039;un beau gazon : \u00e0 l\u2019automne le jardinier doit proc\u00e9der \u00e0 la scarification du gazon, au semis de regarnissage suivi de l\u2019a\u00e9ration du sol.\" \/>\n<meta property=\"og:url\" content=\"https:\/\/www.eyrignac.com\/fr\/actualites\/entretien-du-gazon-a-lautomne\" \/>\n<meta property=\"og:site_name\" content=\"Eyrignac et ses jardins\" \/>\n<meta property=\"article:publisher\" content=\"https:\/\/www.facebook.com\/JardinsEyrignac\/\" \/>\n<meta property=\"article:published_time\" content=\"2024-09-03T23:20:09+00:00\" \/>\n<meta property=\"article:modified_time\" content=\"2024-10-02T09:12:50+00:00\" \/>\n<meta property=\"og:image\" content=\"https:\/\/www.eyrignac.com\/wp-content\/uploads\/2018\/04\/eyrignac_allee_vases_\u00a9j\u00e9rome_morel.jpg\" \/>\n\t<meta property=\"og:image:width\" content=\"1500\" \/>\n\t<meta property=\"og:image:height\" content=\"1000\" \/>\n\t<meta property=\"og:image:type\" content=\"image\/jpeg\" \/>\n<meta name=\"author\" content=\"modifs\" \/>\n<meta name=\"twitter:card\" content=\"summary_large_image\" \/>\n<meta name=\"twitter:creator\" content=\"@eyrignac\" \/>\n<meta name=\"twitter:site\" content=\"@eyrignac\" \/>\n<meta name=\"twitter:label1\" content=\"\u00c9crit par\" \/>\n\t<meta name=\"twitter:data1\" content=\"modifs\" \/>\n\t<meta name=\"twitter:label2\" content=\"Dur\u00e9e de lecture estim\u00e9e\" \/>\n\t<meta name=\"twitter:data2\" content=\"3 minutes\" \/>\n<script type=\"application\/ld+json\" class=\"yoast-schema-graph\">{\"@context\":\"https:\\\/\\\/schema.org\",\"@graph\":[{\"@type\":\"Article\",\"@id\":\"https:\\\/\\\/www.eyrignac.com\\\/fr\\\/actualites\\\/entretien-du-gazon-a-lautomne#article\",\"isPartOf\":{\"@id\":\"https:\\\/\\\/www.eyrignac.com\\\/fr\\\/actualites\\\/entretien-du-gazon-a-lautomne\"},\"author\":{\"name\":\"modifs\",\"@id\":\"https:\\\/\\\/www.eyrignac.com\\\/fr\\\/#\\\/schema\\\/person\\\/6b23cb9e26d0d5fc9a6a178585528d02\"},\"headline\":\"Entretien du gazon \u00e0 l&rsquo;automne\",\"datePublished\":\"2024-09-03T23:20:09+00:00\",\"dateModified\":\"2024-10-02T09:12:50+00:00\",\"mainEntityOfPage\":{\"@id\":\"https:\\\/\\\/www.eyrignac.com\\\/fr\\\/actualites\\\/entretien-du-gazon-a-lautomne\"},\"wordCount\":619,\"publisher\":{\"@id\":\"https:\\\/\\\/www.eyrignac.com\\\/fr\\\/#organization\"},\"image\":{\"@id\":\"https:\\\/\\\/www.eyrignac.com\\\/fr\\\/actualites\\\/entretien-du-gazon-a-lautomne#primaryimage\"},\"thumbnailUrl\":\"https:\\\/\\\/www.eyrignac.com\\\/wp-content\\\/uploads\\\/2018\\\/04\\\/eyrignac_allee_vases_\u00a9j\u00e9rome_morel.jpg\",\"articleSection\":[\"Actualit\u00e9s\"],\"inLanguage\":\"fr-FR\"},{\"@type\":\"WebPage\",\"@id\":\"https:\\\/\\\/www.eyrignac.com\\\/fr\\\/actualites\\\/entretien-du-gazon-a-lautomne\",\"url\":\"https:\\\/\\\/www.eyrignac.com\\\/fr\\\/actualites\\\/entretien-du-gazon-a-lautomne\",\"name\":\"Entretien du gazon \u00e0 l'automne - Eyrignac et ses jardins\",\"isPartOf\":{\"@id\":\"https:\\\/\\\/www.eyrignac.com\\\/fr\\\/#website\"},\"primaryImageOfPage\":{\"@id\":\"https:\\\/\\\/www.eyrignac.com\\\/fr\\\/actualites\\\/entretien-du-gazon-a-lautomne#primaryimage\"},\"image\":{\"@id\":\"https:\\\/\\\/www.eyrignac.com\\\/fr\\\/actualites\\\/entretien-du-gazon-a-lautomne#primaryimage\"},\"thumbnailUrl\":\"https:\\\/\\\/www.eyrignac.com\\\/wp-content\\\/uploads\\\/2018\\\/04\\\/eyrignac_allee_vases_\u00a9j\u00e9rome_morel.jpg\",\"datePublished\":\"2024-09-03T23:20:09+00:00\",\"dateModified\":\"2024-10-02T09:12:50+00:00\",\"description\":\"Les secrets d'un beau gazon : \u00e0 l\u2019automne le jardinier doit proc\u00e9der \u00e0 la scarification du gazon, au semis de regarnissage suivi de l\u2019a\u00e9ration du sol.\",\"breadcrumb\":{\"@id\":\"https:\\\/\\\/www.eyrignac.com\\\/fr\\\/actualites\\\/entretien-du-gazon-a-lautomne#breadcrumb\"},\"inLanguage\":\"fr-FR\",\"potentialAction\":[{\"@type\":\"ReadAction\",\"target\":[\"https:\\\/\\\/www.eyrignac.com\\\/fr\\\/actualites\\\/entretien-du-gazon-a-lautomne\"]}]},{\"@type\":\"ImageObject\",\"inLanguage\":\"fr-FR\",\"@id\":\"https:\\\/\\\/www.eyrignac.com\\\/fr\\\/actualites\\\/entretien-du-gazon-a-lautomne#primaryimage\",\"url\":\"https:\\\/\\\/www.eyrignac.com\\\/wp-content\\\/uploads\\\/2018\\\/04\\\/eyrignac_allee_vases_\u00a9j\u00e9rome_morel.jpg\",\"contentUrl\":\"https:\\\/\\\/www.eyrignac.com\\\/wp-content\\\/uploads\\\/2018\\\/04\\\/eyrignac_allee_vases_\u00a9j\u00e9rome_morel.jpg\",\"width\":1500,\"height\":1000,\"caption\":\"All\u00e9e des Vases \u00a9J\u00e9rome Morel\"},{\"@type\":\"BreadcrumbList\",\"@id\":\"https:\\\/\\\/www.eyrignac.com\\\/fr\\\/actualites\\\/entretien-du-gazon-a-lautomne#breadcrumb\",\"itemListElement\":[{\"@type\":\"ListItem\",\"position\":1,\"name\":\"Accueil\",\"item\":\"https:\\\/\\\/www.eyrignac.com\\\/fr\"},{\"@type\":\"ListItem\",\"position\":2,\"name\":\"Entretien du gazon \u00e0 l&rsquo;automne\"}]},{\"@type\":\"WebSite\",\"@id\":\"https:\\\/\\\/www.eyrignac.com\\\/fr\\\/#website\",\"url\":\"https:\\\/\\\/www.eyrignac.com\\\/fr\\\/\",\"name\":\"Eyrignac et ses jardins\",\"description\":\"Lieu de verdure unique en Dordogne\",\"publisher\":{\"@id\":\"https:\\\/\\\/www.eyrignac.com\\\/fr\\\/#organization\"},\"potentialAction\":[{\"@type\":\"SearchAction\",\"target\":{\"@type\":\"EntryPoint\",\"urlTemplate\":\"https:\\\/\\\/www.eyrignac.com\\\/fr\\\/?s={search_term_string}\"},\"query-input\":{\"@type\":\"PropertyValueSpecification\",\"valueRequired\":true,\"valueName\":\"search_term_string\"}}],\"inLanguage\":\"fr-FR\"},{\"@type\":\"Organization\",\"@id\":\"https:\\\/\\\/www.eyrignac.com\\\/fr\\\/#organization\",\"name\":\"Eyrignac\",\"url\":\"https:\\\/\\\/www.eyrignac.com\\\/fr\\\/\",\"logo\":{\"@type\":\"ImageObject\",\"inLanguage\":\"fr-FR\",\"@id\":\"https:\\\/\\\/www.eyrignac.com\\\/fr\\\/#\\\/schema\\\/logo\\\/image\\\/\",\"url\":\"https:\\\/\\\/www.eyrignac.com\\\/wp-content\\\/uploads\\\/2017\\\/12\\\/logo-eyrignac.png\",\"contentUrl\":\"https:\\\/\\\/www.eyrignac.com\\\/wp-content\\\/uploads\\\/2017\\\/12\\\/logo-eyrignac.png\",\"width\":500,\"height\":189,\"caption\":\"Eyrignac\"},\"image\":{\"@id\":\"https:\\\/\\\/www.eyrignac.com\\\/fr\\\/#\\\/schema\\\/logo\\\/image\\\/\"},\"sameAs\":[\"https:\\\/\\\/www.facebook.com\\\/JardinsEyrignac\\\/\",\"https:\\\/\\\/x.com\\\/eyrignac\",\"https:\\\/\\\/www.instagram.com\\\/eyrignac\\\/\",\"https:\\\/\\\/www.pinterest.fr\\\/eyrignac\\\/\",\"https:\\\/\\\/www.youtube.com\\\/channel\\\/UCjWc47ArIew83eRXXjaBowg\"]},{\"@type\":\"Person\",\"@id\":\"https:\\\/\\\/www.eyrignac.com\\\/fr\\\/#\\\/schema\\\/person\\\/6b23cb9e26d0d5fc9a6a178585528d02\",\"name\":\"modifs\"}]}<\/script>\n<!-- \/ Yoast SEO plugin. -->","yoast_head_json":{"title":"Entretien du gazon \u00e0 l'automne - Eyrignac et ses jardins","description":"Les secrets d'un beau gazon : \u00e0 l\u2019automne le jardinier doit proc\u00e9der \u00e0 la scarification du gazon, au semis de regarnissage suivi de l\u2019a\u00e9ration du sol.","robots":{"index":"index","follow":"follow","max-snippet":"max-snippet:-1","max-image-preview":"max-image-preview:large","max-video-preview":"max-video-preview:-1"},"canonical":"https:\/\/www.eyrignac.com\/fr\/actualites\/entretien-du-gazon-a-lautomne","og_locale":"fr_FR","og_type":"article","og_title":"Entretien du gazon \u00e0 l'automne - Eyrignac et ses jardins","og_description":"Les secrets d'un beau gazon : \u00e0 l\u2019automne le jardinier doit proc\u00e9der \u00e0 la scarification du gazon, au semis de regarnissage suivi de l\u2019a\u00e9ration du sol.","og_url":"https:\/\/www.eyrignac.com\/fr\/actualites\/entretien-du-gazon-a-lautomne","og_site_name":"Eyrignac et ses jardins","article_publisher":"https:\/\/www.facebook.com\/JardinsEyrignac\/","article_published_time":"2024-09-03T23:20:09+00:00","article_modified_time":"2024-10-02T09:12:50+00:00","og_image":[{"width":1500,"height":1000,"url":"https:\/\/www.eyrignac.com\/wp-content\/uploads\/2018\/04\/eyrignac_allee_vases_\u00a9j\u00e9rome_morel.jpg","type":"image\/jpeg"}],"author":"modifs","twitter_card":"summary_large_image","twitter_creator":"@eyrignac","twitter_site":"@eyrignac","twitter_misc":{"\u00c9crit par":"modifs","Dur\u00e9e de lecture estim\u00e9e":"3 minutes"},"schema":{"@context":"https:\/\/schema.org","@graph":[{"@type":"Article","@id":"https:\/\/www.eyrignac.com\/fr\/actualites\/entretien-du-gazon-a-lautomne#article","isPartOf":{"@id":"https:\/\/www.eyrignac.com\/fr\/actualites\/entretien-du-gazon-a-lautomne"},"author":{"name":"modifs","@id":"https:\/\/www.eyrignac.com\/fr\/#\/schema\/person\/6b23cb9e26d0d5fc9a6a178585528d02"},"headline":"Entretien du gazon \u00e0 l&rsquo;automne","datePublished":"2024-09-03T23:20:09+00:00","dateModified":"2024-10-02T09:12:50+00:00","mainEntityOfPage":{"@id":"https:\/\/www.eyrignac.com\/fr\/actualites\/entretien-du-gazon-a-lautomne"},"wordCount":619,"publisher":{"@id":"https:\/\/www.eyrignac.com\/fr\/#organization"},"image":{"@id":"https:\/\/www.eyrignac.com\/fr\/actualites\/entretien-du-gazon-a-lautomne#primaryimage"},"thumbnailUrl":"https:\/\/www.eyrignac.com\/wp-content\/uploads\/2018\/04\/eyrignac_allee_vases_\u00a9j\u00e9rome_morel.jpg","articleSection":["Actualit\u00e9s"],"inLanguage":"fr-FR"},{"@type":"WebPage","@id":"https:\/\/www.eyrignac.com\/fr\/actualites\/entretien-du-gazon-a-lautomne","url":"https:\/\/www.eyrignac.com\/fr\/actualites\/entretien-du-gazon-a-lautomne","name":"Entretien du gazon \u00e0 l'automne - Eyrignac et ses jardins","isPartOf":{"@id":"https:\/\/www.eyrignac.com\/fr\/#website"},"primaryImageOfPage":{"@id":"https:\/\/www.eyrignac.com\/fr\/actualites\/entretien-du-gazon-a-lautomne#primaryimage"},"image":{"@id":"https:\/\/www.eyrignac.com\/fr\/actualites\/entretien-du-gazon-a-lautomne#primaryimage"},"thumbnailUrl":"https:\/\/www.eyrignac.com\/wp-content\/uploads\/2018\/04\/eyrignac_allee_vases_\u00a9j\u00e9rome_morel.jpg","datePublished":"2024-09-03T23:20:09+00:00","dateModified":"2024-10-02T09:12:50+00:00","description":"Les secrets d'un beau gazon : \u00e0 l\u2019automne le jardinier doit proc\u00e9der \u00e0 la scarification du gazon, au semis de regarnissage suivi de l\u2019a\u00e9ration du sol.","breadcrumb":{"@id":"https:\/\/www.eyrignac.com\/fr\/actualites\/entretien-du-gazon-a-lautomne#breadcrumb"},"inLanguage":"fr-FR","potentialAction":[{"@type":"ReadAction","target":["https:\/\/www.eyrignac.com\/fr\/actualites\/entretien-du-gazon-a-lautomne"]}]},{"@type":"ImageObject","inLanguage":"fr-FR","@id":"https:\/\/www.eyrignac.com\/fr\/actualites\/entretien-du-gazon-a-lautomne#primaryimage","url":"https:\/\/www.eyrignac.com\/wp-content\/uploads\/2018\/04\/eyrignac_allee_vases_\u00a9j\u00e9rome_morel.jpg","contentUrl":"https:\/\/www.eyrignac.com\/wp-content\/uploads\/2018\/04\/eyrignac_allee_vases_\u00a9j\u00e9rome_morel.jpg","width":1500,"height":1000,"caption":"All\u00e9e des Vases \u00a9J\u00e9rome Morel"},{"@type":"BreadcrumbList","@id":"https:\/\/www.eyrignac.com\/fr\/actualites\/entretien-du-gazon-a-lautomne#breadcrumb","itemListElement":[{"@type":"ListItem","position":1,"name":"Accueil","item":"https:\/\/www.eyrignac.com\/fr"},{"@type":"ListItem","position":2,"name":"Entretien du gazon \u00e0 l&rsquo;automne"}]},{"@type":"WebSite","@id":"https:\/\/www.eyrignac.com\/fr\/#website","url":"https:\/\/www.eyrignac.com\/fr\/","name":"Eyrignac et ses jardins","description":"Lieu de verdure unique en Dordogne","publisher":{"@id":"https:\/\/www.eyrignac.com\/fr\/#organization"},"potentialAction":[{"@type":"SearchAction","target":{"@type":"EntryPoint","urlTemplate":"https:\/\/www.eyrignac.com\/fr\/?s={search_term_string}"},"query-input":{"@type":"PropertyValueSpecification","valueRequired":true,"valueName":"search_term_string"}}],"inLanguage":"fr-FR"},{"@type":"Organization","@id":"https:\/\/www.eyrignac.com\/fr\/#organization","name":"Eyrignac","url":"https:\/\/www.eyrignac.com\/fr\/","logo":{"@type":"ImageObject","inLanguage":"fr-FR","@id":"https:\/\/www.eyrignac.com\/fr\/#\/schema\/logo\/image\/","url":"https:\/\/www.eyrignac.com\/wp-content\/uploads\/2017\/12\/logo-eyrignac.png","contentUrl":"https:\/\/www.eyrignac.com\/wp-content\/uploads\/2017\/12\/logo-eyrignac.png","width":500,"height":189,"caption":"Eyrignac"},"image":{"@id":"https:\/\/www.eyrignac.com\/fr\/#\/schema\/logo\/image\/"},"sameAs":["https:\/\/www.facebook.com\/JardinsEyrignac\/","https:\/\/x.com\/eyrignac","https:\/\/www.instagram.com\/eyrignac\/","https:\/\/www.pinterest.fr\/eyrignac\/","https:\/\/www.youtube.com\/channel\/UCjWc47ArIew83eRXXjaBowg"]},{"@type":"Person","@id":"https:\/\/www.eyrignac.com\/fr\/#\/schema\/person\/6b23cb9e26d0d5fc9a6a178585528d02","name":"modifs"}]}},"_links":{"self":[{"href":"https:\/\/www.eyrignac.com\/fr\/wp-json\/wp\/v2\/posts\/2700","targetHints":{"allow":["GET"]}}],"collection":[{"href":"https:\/\/www.eyrignac.com\/fr\/wp-json\/wp\/v2\/posts"}],"about":[{"href":"https:\/\/www.eyrignac.com\/fr\/wp-json\/wp\/v2\/types\/post"}],"author":[{"embeddable":true,"href":"https:\/\/www.eyrignac.com\/fr\/wp-json\/wp\/v2\/users\/1"}],"replies":[{"embeddable":true,"href":"https:\/\/www.eyrignac.com\/fr\/wp-json\/wp\/v2\/comments?post=2700"}],"version-history":[{"count":0,"href":"https:\/\/www.eyrignac.com\/fr\/wp-json\/wp\/v2\/posts\/2700\/revisions"}],"wp:featuredmedia":[{"embeddable":true,"href":"https:\/\/www.eyrignac.com\/fr\/wp-json\/wp\/v2\/media\/1544"}],"wp:attachment":[{"href":"https:\/\/www.eyrignac.com\/fr\/wp-json\/wp\/v2\/media?parent=2700"}],"wp:term":[{"taxonomy":"category","embeddable":true,"href":"https:\/\/www.eyrignac.com\/fr\/wp-json\/wp\/v2\/categories?post=2700"},{"taxonomy":"post_tag","embeddable":true,"href":"https:\/\/www.eyrignac.com\/fr\/wp-json\/wp\/v2\/tags?post=2700"}],"curies":[{"name":"wp","href":"https:\/\/api.w.org\/{rel}","templated":true}]}}