{"id":2679,"date":"2025-01-04T15:43:26","date_gmt":"2025-01-04T14:43:26","guid":{"rendered":"https:\/\/www.eyrignac.com\/?p=2679"},"modified":"2025-01-06T17:53:04","modified_gmt":"2025-01-06T16:53:04","slug":"parcourir-la-dordogne-en-camping-car","status":"publish","type":"post","link":"https:\/\/www.eyrignac.com\/fr\/actualites\/parcourir-la-dordogne-en-camping-car","title":{"rendered":"Parcourir la Dordogne en camping-car"},"content":{"rendered":"<p><strong>La Dordogne est un d\u00e9partement pris\u00e9 par les camping-caristes qui appr\u00e9cient la diversit\u00e9 de ses paysages et la cl\u00e9mence du climat. La Dordogne offre des kilom\u00e8tres de routes \u00e0 parcourir et de nombreuses aires de service ou de repos pour les camping-cars dont une se trouve \u00e0 Eyrignac.\u00a0<\/strong><\/p>\n<p>Le parking d\u2019Eyrignac et ses jardins accueille avec plaisir les camping-caristes qui souhaitent passer la nuit. Notre aire de stationnement est appr\u00e9ci\u00e9e et r\u00e9f\u00e9renc\u00e9e sur les sites d\u00e9di\u00e9s \u00e0 ces voyageurs :<br \/>\n\u00b7 <a href=\"https:\/\/www.campercontact.com\/fr\/france\/aquitaine-24-33-40-47-64\/salignac-eyvigues\/26812\/les-jardins-du-manoir-deyrignac\" target=\"_blank\" rel=\"noopener noreferrer\">Campercontact<\/a><br \/>\n\u00b7 <a href=\"https:\/\/www.camping-car.com\/aires\/31036-les-jardins-du-manoir-deyrignac\" target=\"_blank\" rel=\"noopener noreferrer\">Campingcar.com<\/a><br \/>\n\u00b7 <a href=\"http:\/\/airesdecamping-cars.over-blog.com\/2017\/09\/les-jardins-d-eyrignac-24.html\" target=\"_blank\" rel=\"noopener noreferrer\">Aires de camping-cars<\/a><br \/>\n\u00b7 <a href=\"https:\/\/www.park4night.com\/lieu\/8046\/\/salignac-eyvigues-les-jardins-du-manoir-d'eyrignac\/france\/dordogne#.W00JVtgzZTY\" target=\"_blank\" rel=\"noopener noreferrer\">Park4night<\/a><br \/>\n\u00b7 <a href=\"http:\/\/www.lemondeducampingcar.fr\/tourisme\/evenement\/decouvrir-la-dordogne-en-camping-car-le-notre-celebre-aux-jardins-d-eyrignac.html\" target=\"_blank\" rel=\"noopener noreferrer\">Le Monde Du camping Car<\/a><\/p>\n<p>Eyrignac fait \u00e9galement partie du r\u00e9seau <u><a href=\"https:\/\/www.france-passion.com\/\" target=\"_blank\" rel=\"noopener noreferrer\">France Passion<\/a><\/u>, un guide pour les camping-caristes proposant plus de 10.000 emplacements chez des particuliers, vignerons, fermiers, artisans, &#8230; pour des \u00e9tapes nature, gourmandes et conviviales !<\/p>\n<p>&nbsp;<\/p>\n","protected":false},"excerpt":{"rendered":"La Dordogne est un d\u00e9partement pris\u00e9 par les camping-caristes qui appr\u00e9cient la diversit\u00e9 de ses paysage et la cl\u00e9mence du climat. ","protected":false},"author":1,"featured_media":2680,"comment_status":"closed","ping_status":"open","sticky":false,"template":"","format":"standard","meta":{"_acf_changed":false,"footnotes":""},"categories":[5],"tags":[],"class_list":["post-2679","post","type-post","status-publish","format-standard","has-post-thumbnail","hentry","category-actualites"],"acf":[],"yoast_head":"<!-- This site is optimized with the Yoast SEO plugin v27.5 - https:\/\/yoast.com\/product\/yoast-seo-wordpress\/ -->\n<title>Parcourir la Dordogne en camping-car<\/title>\n<meta name=\"description\" content=\"La Dordogne est un d\u00e9partement pris\u00e9 par les camping-caristes qui appr\u00e9cient la diversit\u00e9 de ses paysage et la cl\u00e9mence du climat.\" \/>\n<meta name=\"robots\" content=\"index, follow, max-snippet:-1, max-image-preview:large, max-video-preview:-1\" \/>\n<link rel=\"canonical\" href=\"https:\/\/www.eyrignac.com\/fr\/actualites\/parcourir-la-dordogne-en-camping-car\" \/>\n<meta property=\"og:locale\" content=\"fr_FR\" \/>\n<meta property=\"og:type\" content=\"article\" \/>\n<meta property=\"og:title\" content=\"Parcourir la Dordogne en camping-car\" \/>\n<meta property=\"og:description\" content=\"La Dordogne est un d\u00e9partement pris\u00e9 par les camping-caristes qui appr\u00e9cient la diversit\u00e9 de ses paysage et la cl\u00e9mence du climat.\" \/>\n<meta property=\"og:url\" content=\"https:\/\/www.eyrignac.com\/fr\/actualites\/parcourir-la-dordogne-en-camping-car\" \/>\n<meta property=\"og:site_name\" content=\"Eyrignac et ses jardins\" \/>\n<meta property=\"article:publisher\" content=\"https:\/\/www.facebook.com\/JardinsEyrignac\/\" \/>\n<meta property=\"article:published_time\" content=\"2025-01-04T14:43:26+00:00\" \/>\n<meta property=\"article:modified_time\" content=\"2025-01-06T16:53:04+00:00\" \/>\n<meta property=\"og:image\" content=\"https:\/\/www.eyrignac.com\/wp-content\/uploads\/2018\/12\/eyrignac_camping-car.jpeg\" \/>\n\t<meta property=\"og:image:width\" content=\"800\" \/>\n\t<meta property=\"og:image:height\" content=\"600\" \/>\n\t<meta property=\"og:image:type\" content=\"image\/jpeg\" \/>\n<meta name=\"author\" content=\"modifs\" \/>\n<meta name=\"twitter:card\" content=\"summary_large_image\" \/>\n<meta name=\"twitter:creator\" content=\"@eyrignac\" \/>\n<meta name=\"twitter:site\" content=\"@eyrignac\" \/>\n<meta name=\"twitter:label1\" content=\"\u00c9crit par\" \/>\n\t<meta name=\"twitter:data1\" content=\"modifs\" \/>\n\t<meta name=\"twitter:label2\" content=\"Dur\u00e9e de lecture estim\u00e9e\" \/>\n\t<meta name=\"twitter:data2\" content=\"1 minute\" \/>\n<script type=\"application\/ld+json\" class=\"yoast-schema-graph\">{\"@context\":\"https:\\\/\\\/schema.org\",\"@graph\":[{\"@type\":\"Article\",\"@id\":\"https:\\\/\\\/www.eyrignac.com\\\/fr\\\/actualites\\\/parcourir-la-dordogne-en-camping-car#article\",\"isPartOf\":{\"@id\":\"https:\\\/\\\/www.eyrignac.com\\\/fr\\\/actualites\\\/parcourir-la-dordogne-en-camping-car\"},\"author\":{\"name\":\"modifs\",\"@id\":\"https:\\\/\\\/www.eyrignac.com\\\/fr\\\/#\\\/schema\\\/person\\\/6b23cb9e26d0d5fc9a6a178585528d02\"},\"headline\":\"Parcourir la Dordogne en camping-car\",\"datePublished\":\"2025-01-04T14:43:26+00:00\",\"dateModified\":\"2025-01-06T16:53:04+00:00\",\"mainEntityOfPage\":{\"@id\":\"https:\\\/\\\/www.eyrignac.com\\\/fr\\\/actualites\\\/parcourir-la-dordogne-en-camping-car\"},\"wordCount\":138,\"publisher\":{\"@id\":\"https:\\\/\\\/www.eyrignac.com\\\/fr\\\/#organization\"},\"image\":{\"@id\":\"https:\\\/\\\/www.eyrignac.com\\\/fr\\\/actualites\\\/parcourir-la-dordogne-en-camping-car#primaryimage\"},\"thumbnailUrl\":\"https:\\\/\\\/www.eyrignac.com\\\/wp-content\\\/uploads\\\/2018\\\/12\\\/eyrignac_camping-car.jpeg\",\"articleSection\":[\"Actualit\u00e9s\"],\"inLanguage\":\"fr-FR\"},{\"@type\":\"WebPage\",\"@id\":\"https:\\\/\\\/www.eyrignac.com\\\/fr\\\/actualites\\\/parcourir-la-dordogne-en-camping-car\",\"url\":\"https:\\\/\\\/www.eyrignac.com\\\/fr\\\/actualites\\\/parcourir-la-dordogne-en-camping-car\",\"name\":\"Parcourir la Dordogne en camping-car\",\"isPartOf\":{\"@id\":\"https:\\\/\\\/www.eyrignac.com\\\/fr\\\/#website\"},\"primaryImageOfPage\":{\"@id\":\"https:\\\/\\\/www.eyrignac.com\\\/fr\\\/actualites\\\/parcourir-la-dordogne-en-camping-car#primaryimage\"},\"image\":{\"@id\":\"https:\\\/\\\/www.eyrignac.com\\\/fr\\\/actualites\\\/parcourir-la-dordogne-en-camping-car#primaryimage\"},\"thumbnailUrl\":\"https:\\\/\\\/www.eyrignac.com\\\/wp-content\\\/uploads\\\/2018\\\/12\\\/eyrignac_camping-car.jpeg\",\"datePublished\":\"2025-01-04T14:43:26+00:00\",\"dateModified\":\"2025-01-06T16:53:04+00:00\",\"description\":\"La Dordogne est un d\u00e9partement pris\u00e9 par les camping-caristes qui appr\u00e9cient la diversit\u00e9 de ses paysage et la cl\u00e9mence du climat.\",\"breadcrumb\":{\"@id\":\"https:\\\/\\\/www.eyrignac.com\\\/fr\\\/actualites\\\/parcourir-la-dordogne-en-camping-car#breadcrumb\"},\"inLanguage\":\"fr-FR\",\"potentialAction\":[{\"@type\":\"ReadAction\",\"target\":[\"https:\\\/\\\/www.eyrignac.com\\\/fr\\\/actualites\\\/parcourir-la-dordogne-en-camping-car\"]}]},{\"@type\":\"ImageObject\",\"inLanguage\":\"fr-FR\",\"@id\":\"https:\\\/\\\/www.eyrignac.com\\\/fr\\\/actualites\\\/parcourir-la-dordogne-en-camping-car#primaryimage\",\"url\":\"https:\\\/\\\/www.eyrignac.com\\\/wp-content\\\/uploads\\\/2018\\\/12\\\/eyrignac_camping-car.jpeg\",\"contentUrl\":\"https:\\\/\\\/www.eyrignac.com\\\/wp-content\\\/uploads\\\/2018\\\/12\\\/eyrignac_camping-car.jpeg\",\"width\":800,\"height\":600},{\"@type\":\"BreadcrumbList\",\"@id\":\"https:\\\/\\\/www.eyrignac.com\\\/fr\\\/actualites\\\/parcourir-la-dordogne-en-camping-car#breadcrumb\",\"itemListElement\":[{\"@type\":\"ListItem\",\"position\":1,\"name\":\"Accueil\",\"item\":\"https:\\\/\\\/www.eyrignac.com\\\/fr\"},{\"@type\":\"ListItem\",\"position\":2,\"name\":\"Parcourir la Dordogne en camping-car\"}]},{\"@type\":\"WebSite\",\"@id\":\"https:\\\/\\\/www.eyrignac.com\\\/fr\\\/#website\",\"url\":\"https:\\\/\\\/www.eyrignac.com\\\/fr\\\/\",\"name\":\"Eyrignac et ses jardins\",\"description\":\"Lieu de verdure unique en Dordogne\",\"publisher\":{\"@id\":\"https:\\\/\\\/www.eyrignac.com\\\/fr\\\/#organization\"},\"potentialAction\":[{\"@type\":\"SearchAction\",\"target\":{\"@type\":\"EntryPoint\",\"urlTemplate\":\"https:\\\/\\\/www.eyrignac.com\\\/fr\\\/?s={search_term_string}\"},\"query-input\":{\"@type\":\"PropertyValueSpecification\",\"valueRequired\":true,\"valueName\":\"search_term_string\"}}],\"inLanguage\":\"fr-FR\"},{\"@type\":\"Organization\",\"@id\":\"https:\\\/\\\/www.eyrignac.com\\\/fr\\\/#organization\",\"name\":\"Eyrignac\",\"url\":\"https:\\\/\\\/www.eyrignac.com\\\/fr\\\/\",\"logo\":{\"@type\":\"ImageObject\",\"inLanguage\":\"fr-FR\",\"@id\":\"https:\\\/\\\/www.eyrignac.com\\\/fr\\\/#\\\/schema\\\/logo\\\/image\\\/\",\"url\":\"https:\\\/\\\/www.eyrignac.com\\\/wp-content\\\/uploads\\\/2017\\\/12\\\/logo-eyrignac.png\",\"contentUrl\":\"https:\\\/\\\/www.eyrignac.com\\\/wp-content\\\/uploads\\\/2017\\\/12\\\/logo-eyrignac.png\",\"width\":500,\"height\":189,\"caption\":\"Eyrignac\"},\"image\":{\"@id\":\"https:\\\/\\\/www.eyrignac.com\\\/fr\\\/#\\\/schema\\\/logo\\\/image\\\/\"},\"sameAs\":[\"https:\\\/\\\/www.facebook.com\\\/JardinsEyrignac\\\/\",\"https:\\\/\\\/x.com\\\/eyrignac\",\"https:\\\/\\\/www.instagram.com\\\/eyrignac\\\/\",\"https:\\\/\\\/www.pinterest.fr\\\/eyrignac\\\/\",\"https:\\\/\\\/www.youtube.com\\\/channel\\\/UCjWc47ArIew83eRXXjaBowg\"]},{\"@type\":\"Person\",\"@id\":\"https:\\\/\\\/www.eyrignac.com\\\/fr\\\/#\\\/schema\\\/person\\\/6b23cb9e26d0d5fc9a6a178585528d02\",\"name\":\"modifs\"}]}<\/script>\n<!-- \/ Yoast SEO plugin. -->","yoast_head_json":{"title":"Parcourir la Dordogne en camping-car","description":"La Dordogne est un d\u00e9partement pris\u00e9 par les camping-caristes qui appr\u00e9cient la diversit\u00e9 de ses paysage et la cl\u00e9mence du climat.","robots":{"index":"index","follow":"follow","max-snippet":"max-snippet:-1","max-image-preview":"max-image-preview:large","max-video-preview":"max-video-preview:-1"},"canonical":"https:\/\/www.eyrignac.com\/fr\/actualites\/parcourir-la-dordogne-en-camping-car","og_locale":"fr_FR","og_type":"article","og_title":"Parcourir la Dordogne en camping-car","og_description":"La Dordogne est un d\u00e9partement pris\u00e9 par les camping-caristes qui appr\u00e9cient la diversit\u00e9 de ses paysage et la cl\u00e9mence du climat.","og_url":"https:\/\/www.eyrignac.com\/fr\/actualites\/parcourir-la-dordogne-en-camping-car","og_site_name":"Eyrignac et ses jardins","article_publisher":"https:\/\/www.facebook.com\/JardinsEyrignac\/","article_published_time":"2025-01-04T14:43:26+00:00","article_modified_time":"2025-01-06T16:53:04+00:00","og_image":[{"width":800,"height":600,"url":"https:\/\/www.eyrignac.com\/wp-content\/uploads\/2018\/12\/eyrignac_camping-car.jpeg","type":"image\/jpeg"}],"author":"modifs","twitter_card":"summary_large_image","twitter_creator":"@eyrignac","twitter_site":"@eyrignac","twitter_misc":{"\u00c9crit par":"modifs","Dur\u00e9e de lecture estim\u00e9e":"1 minute"},"schema":{"@context":"https:\/\/schema.org","@graph":[{"@type":"Article","@id":"https:\/\/www.eyrignac.com\/fr\/actualites\/parcourir-la-dordogne-en-camping-car#article","isPartOf":{"@id":"https:\/\/www.eyrignac.com\/fr\/actualites\/parcourir-la-dordogne-en-camping-car"},"author":{"name":"modifs","@id":"https:\/\/www.eyrignac.com\/fr\/#\/schema\/person\/6b23cb9e26d0d5fc9a6a178585528d02"},"headline":"Parcourir la Dordogne en camping-car","datePublished":"2025-01-04T14:43:26+00:00","dateModified":"2025-01-06T16:53:04+00:00","mainEntityOfPage":{"@id":"https:\/\/www.eyrignac.com\/fr\/actualites\/parcourir-la-dordogne-en-camping-car"},"wordCount":138,"publisher":{"@id":"https:\/\/www.eyrignac.com\/fr\/#organization"},"image":{"@id":"https:\/\/www.eyrignac.com\/fr\/actualites\/parcourir-la-dordogne-en-camping-car#primaryimage"},"thumbnailUrl":"https:\/\/www.eyrignac.com\/wp-content\/uploads\/2018\/12\/eyrignac_camping-car.jpeg","articleSection":["Actualit\u00e9s"],"inLanguage":"fr-FR"},{"@type":"WebPage","@id":"https:\/\/www.eyrignac.com\/fr\/actualites\/parcourir-la-dordogne-en-camping-car","url":"https:\/\/www.eyrignac.com\/fr\/actualites\/parcourir-la-dordogne-en-camping-car","name":"Parcourir la Dordogne en camping-car","isPartOf":{"@id":"https:\/\/www.eyrignac.com\/fr\/#website"},"primaryImageOfPage":{"@id":"https:\/\/www.eyrignac.com\/fr\/actualites\/parcourir-la-dordogne-en-camping-car#primaryimage"},"image":{"@id":"https:\/\/www.eyrignac.com\/fr\/actualites\/parcourir-la-dordogne-en-camping-car#primaryimage"},"thumbnailUrl":"https:\/\/www.eyrignac.com\/wp-content\/uploads\/2018\/12\/eyrignac_camping-car.jpeg","datePublished":"2025-01-04T14:43:26+00:00","dateModified":"2025-01-06T16:53:04+00:00","description":"La Dordogne est un d\u00e9partement pris\u00e9 par les camping-caristes qui appr\u00e9cient la diversit\u00e9 de ses paysage et la cl\u00e9mence du climat.","breadcrumb":{"@id":"https:\/\/www.eyrignac.com\/fr\/actualites\/parcourir-la-dordogne-en-camping-car#breadcrumb"},"inLanguage":"fr-FR","potentialAction":[{"@type":"ReadAction","target":["https:\/\/www.eyrignac.com\/fr\/actualites\/parcourir-la-dordogne-en-camping-car"]}]},{"@type":"ImageObject","inLanguage":"fr-FR","@id":"https:\/\/www.eyrignac.com\/fr\/actualites\/parcourir-la-dordogne-en-camping-car#primaryimage","url":"https:\/\/www.eyrignac.com\/wp-content\/uploads\/2018\/12\/eyrignac_camping-car.jpeg","contentUrl":"https:\/\/www.eyrignac.com\/wp-content\/uploads\/2018\/12\/eyrignac_camping-car.jpeg","width":800,"height":600},{"@type":"BreadcrumbList","@id":"https:\/\/www.eyrignac.com\/fr\/actualites\/parcourir-la-dordogne-en-camping-car#breadcrumb","itemListElement":[{"@type":"ListItem","position":1,"name":"Accueil","item":"https:\/\/www.eyrignac.com\/fr"},{"@type":"ListItem","position":2,"name":"Parcourir la Dordogne en camping-car"}]},{"@type":"WebSite","@id":"https:\/\/www.eyrignac.com\/fr\/#website","url":"https:\/\/www.eyrignac.com\/fr\/","name":"Eyrignac et ses jardins","description":"Lieu de verdure unique en Dordogne","publisher":{"@id":"https:\/\/www.eyrignac.com\/fr\/#organization"},"potentialAction":[{"@type":"SearchAction","target":{"@type":"EntryPoint","urlTemplate":"https:\/\/www.eyrignac.com\/fr\/?s={search_term_string}"},"query-input":{"@type":"PropertyValueSpecification","valueRequired":true,"valueName":"search_term_string"}}],"inLanguage":"fr-FR"},{"@type":"Organization","@id":"https:\/\/www.eyrignac.com\/fr\/#organization","name":"Eyrignac","url":"https:\/\/www.eyrignac.com\/fr\/","logo":{"@type":"ImageObject","inLanguage":"fr-FR","@id":"https:\/\/www.eyrignac.com\/fr\/#\/schema\/logo\/image\/","url":"https:\/\/www.eyrignac.com\/wp-content\/uploads\/2017\/12\/logo-eyrignac.png","contentUrl":"https:\/\/www.eyrignac.com\/wp-content\/uploads\/2017\/12\/logo-eyrignac.png","width":500,"height":189,"caption":"Eyrignac"},"image":{"@id":"https:\/\/www.eyrignac.com\/fr\/#\/schema\/logo\/image\/"},"sameAs":["https:\/\/www.facebook.com\/JardinsEyrignac\/","https:\/\/x.com\/eyrignac","https:\/\/www.instagram.com\/eyrignac\/","https:\/\/www.pinterest.fr\/eyrignac\/","https:\/\/www.youtube.com\/channel\/UCjWc47ArIew83eRXXjaBowg"]},{"@type":"Person","@id":"https:\/\/www.eyrignac.com\/fr\/#\/schema\/person\/6b23cb9e26d0d5fc9a6a178585528d02","name":"modifs"}]}},"_links":{"self":[{"href":"https:\/\/www.eyrignac.com\/fr\/wp-json\/wp\/v2\/posts\/2679","targetHints":{"allow":["GET"]}}],"collection":[{"href":"https:\/\/www.eyrignac.com\/fr\/wp-json\/wp\/v2\/posts"}],"about":[{"href":"https:\/\/www.eyrignac.com\/fr\/wp-json\/wp\/v2\/types\/post"}],"author":[{"embeddable":true,"href":"https:\/\/www.eyrignac.com\/fr\/wp-json\/wp\/v2\/users\/1"}],"replies":[{"embeddable":true,"href":"https:\/\/www.eyrignac.com\/fr\/wp-json\/wp\/v2\/comments?post=2679"}],"version-history":[{"count":0,"href":"https:\/\/www.eyrignac.com\/fr\/wp-json\/wp\/v2\/posts\/2679\/revisions"}],"wp:featuredmedia":[{"embeddable":true,"href":"https:\/\/www.eyrignac.com\/fr\/wp-json\/wp\/v2\/media\/2680"}],"wp:attachment":[{"href":"https:\/\/www.eyrignac.com\/fr\/wp-json\/wp\/v2\/media?parent=2679"}],"wp:term":[{"taxonomy":"category","embeddable":true,"href":"https:\/\/www.eyrignac.com\/fr\/wp-json\/wp\/v2\/categories?post=2679"},{"taxonomy":"post_tag","embeddable":true,"href":"https:\/\/www.eyrignac.com\/fr\/wp-json\/wp\/v2\/tags?post=2679"}],"curies":[{"name":"wp","href":"https:\/\/api.w.org\/{rel}","templated":true}]}}