{"id":2675,"date":"2020-06-01T07:36:44","date_gmt":"2020-06-01T05:36:44","guid":{"rendered":"https:\/\/www.eyrignac.com\/?p=2675"},"modified":"2024-08-20T10:23:19","modified_gmt":"2024-08-20T08:23:19","slug":"circuit-pour-decouvrir-la-dordogne-en-velo","status":"publish","type":"post","link":"https:\/\/www.eyrignac.com\/fr\/actualites\/circuit-pour-decouvrir-la-dordogne-en-velo","title":{"rendered":"Circuit pour d\u00e9couvrir la Dordogne en v\u00e9lo"},"content":{"rendered":"<p><strong>La Dordogne <b>est une r\u00e9gion vallonn\u00e9e, ponctu\u00e9e de coteaux et de vall\u00e9es <\/b>se pr\u00eate merveilleusement \u00e0 la d\u00e9couverte en v\u00e9lo.<\/strong><b> Nombreux sont les chemins balis\u00e9s qui permettent de d\u00e9couvrir le P\u00e9rigord en deux roues, tour d\u2019horizon des chemins et des voies vertes qui sillonnent le d\u00e9partement. <\/b><\/p>\n<p>Le P\u00e9rigord poss\u00e9dant un important r\u00e9seau de routes secondaires, il est \u00e9galement possible d&#8217;emprunter ces routes \u00e0 faible circulation pour partir \u00e0 la d\u00e9couverte du patrimoine P\u00e9rigourdin ! Autour d&rsquo;Eyrignac et ses Jardins, les petites routes permettent d&rsquo;appr\u00e9cier les paysages et de traverser de jolis villages typiques de la Dordogne tels que saint Geni\u00e8s ou Saint Cr\u00e9pin-Carlucet. D&rsquo;autres id\u00e9es d\u2019itin\u00e9raires sont disponibles <u><a href=\"http:\/\/rando.dordogne.fr\/?page_id=183\" target=\"_blank\" rel=\"noopener noreferrer\">ici<\/a><\/u>.<\/p>\n<p>La voie verte partant de <strong>Sarlat<\/strong> am\u00e9nag\u00e9 sur une ancienne voie ferr\u00e9e et rejoignant Cazoules, pr\u00e8s de Souillac offre un itin\u00e9raire s\u00e9curis\u00e9 et ombrag\u00e9 de 24km permettant de d\u00e9couvrir la vall\u00e9e de la Dordogne ainsi que des villages typiques du P\u00e9rigord Noir.<br \/>\nUn peu plus au sud, la v\u00e9lo route du C\u00e9ou, s&rsquo;\u00e9tend sur 25km au d\u00e9part de Castelnaud la Chapelle, l&rsquo;un des Plus Beaux Villages de France et alterne entre petites routes et chemins le long de cet affluent de la Dordogne : le C\u00e9ou.<br \/>\nDans la vall\u00e9e de l&rsquo;Isle, vous pourrez d\u00e9couvrir les paysages magnifiques du P\u00e9rigord, comme le ch\u00e2teau de Mauriac ou le petit hameau de Sourzac sur cette v\u00e9loroute voie verte longue de plus de 100km ralliant P\u00e9rigueux \u00e0 la fronti\u00e8re de la gironde au niveau du village de Le Pizou.<br \/>\nAu nord de la Dordogne, la voie verte Thiviers-Saint Pardoux est id\u00e9ale pour une balade en famille sur un itin\u00e9raire totalement s\u00e9curis\u00e9 et am\u00e9nag\u00e9 sur une ancienne voie ferr\u00e9e. A ne pas manquer en chemin : le village de Saint Jean de C\u00f4le, labellis\u00e9 Plus Beau Village de France.<\/p>\n<p>Enfin, pour les adeptes du <strong>VTT<\/strong>, de nombreux circuits de randonn\u00e9e balis\u00e9s sont accessibles au d\u00e9butants comme aux v\u00e9t\u00e9tistes confirm\u00e9s ! De nombreux parcours existent, en voici une s\u00e9lection sur ce <u><a href=\"https:\/\/www.mountnpass.com\/france\/parcours-vtt\/nouvelle-aquitaine\/dordogne\/\" target=\"_blank\" rel=\"noopener noreferrer\">site<\/a><\/u>.<\/p>\n<p>PS : on vous conseille cet itin\u00e9raire atypique, sur les traces de <strong>Lawrence d&rsquo;Arabie<\/strong> en P\u00e9rigord, suivant les traces de ce jeune \u00e9tudiant ayant d\u00e9cid\u00e9 de faire le tour de France \u00e0 v\u00e9lo et ayant travers\u00e9 le P\u00e9rigord, \u00e0 d\u00e9couvrir <u><a href=\"https:\/\/fr.calameo.com\/read\/000873353423afa1a11dd\" target=\"_blank\" rel=\"noopener noreferrer\">ici<\/a><\/u>.<\/p>\n<p>PS\u00b2 : de nombreux loueurs de v\u00e9los existent, en voici une <u><a href=\"http:\/\/www.sarlat-tourisme.com\/locations-et-randos-velo\" target=\"_blank\" rel=\"noopener noreferrer\">liste non exhaustive<\/a><\/u> et tout r\u00e9cemment, des <strong>v\u00e9los \u00e0 assistance \u00e9lectrique<\/strong> sont disponibles \u00e0 la <u><a href=\"http:\/\/www.sarlat-tourisme.com\/locations-et-randos-velo\" target=\"_blank\" rel=\"noopener noreferrer\">location<\/a><\/u> dans la Vall\u00e9e de la V\u00e9z\u00e8re.<\/p>\n","protected":false},"excerpt":{"rendered":"La Dordogne est une r\u00e9gion vallonn\u00e9e, ponctu\u00e9e de coteaux et de vall\u00e9es se pr\u00eate merveilleusement \u00e0 la d\u00e9couverte en v\u00e9lo.","protected":false},"author":1,"featured_media":2676,"comment_status":"closed","ping_status":"open","sticky":false,"template":"","format":"standard","meta":{"_acf_changed":false,"footnotes":""},"categories":[5],"tags":[],"class_list":["post-2675","post","type-post","status-publish","format-standard","has-post-thumbnail","hentry","category-actualites"],"acf":[],"yoast_head":"<!-- This site is optimized with the Yoast SEO plugin v27.5 - https:\/\/yoast.com\/product\/yoast-seo-wordpress\/ -->\n<title>Circuit pour d\u00e9couvrir la Dordogne en v\u00e9lo - Eyrignac et ses jardins<\/title>\n<meta name=\"robots\" content=\"index, follow, max-snippet:-1, max-image-preview:large, max-video-preview:-1\" \/>\n<link rel=\"canonical\" href=\"https:\/\/www.eyrignac.com\/fr\/actualites\/circuit-pour-decouvrir-la-dordogne-en-velo\" \/>\n<meta property=\"og:locale\" content=\"fr_FR\" \/>\n<meta property=\"og:type\" content=\"article\" \/>\n<meta property=\"og:title\" content=\"Circuit pour d\u00e9couvrir la Dordogne en v\u00e9lo - Eyrignac et ses jardins\" \/>\n<meta property=\"og:description\" content=\"La Dordogne est une r\u00e9gion vallonn\u00e9e, ponctu\u00e9e de coteaux et de vall\u00e9es se pr\u00eate merveilleusement \u00e0 la d\u00e9couverte en v\u00e9lo.\" \/>\n<meta property=\"og:url\" content=\"https:\/\/www.eyrignac.com\/fr\/actualites\/circuit-pour-decouvrir-la-dordogne-en-velo\" \/>\n<meta property=\"og:site_name\" content=\"Eyrignac et ses jardins\" \/>\n<meta property=\"article:publisher\" content=\"https:\/\/www.facebook.com\/JardinsEyrignac\/\" \/>\n<meta property=\"article:published_time\" content=\"2020-06-01T05:36:44+00:00\" \/>\n<meta property=\"article:modified_time\" content=\"2024-08-20T08:23:19+00:00\" \/>\n<meta property=\"og:image\" content=\"https:\/\/www.eyrignac.com\/wp-content\/uploads\/2018\/12\/eyrignac_sentiers_ericsander_table_orientation.jpg\" \/>\n\t<meta property=\"og:image:width\" content=\"1500\" \/>\n\t<meta property=\"og:image:height\" content=\"1000\" \/>\n\t<meta property=\"og:image:type\" content=\"image\/jpeg\" \/>\n<meta name=\"author\" content=\"modifs\" \/>\n<meta name=\"twitter:card\" content=\"summary_large_image\" \/>\n<meta name=\"twitter:creator\" content=\"@eyrignac\" \/>\n<meta name=\"twitter:site\" content=\"@eyrignac\" \/>\n<meta name=\"twitter:label1\" content=\"\u00c9crit par\" \/>\n\t<meta name=\"twitter:data1\" content=\"modifs\" \/>\n\t<meta name=\"twitter:label2\" content=\"Dur\u00e9e de lecture estim\u00e9e\" \/>\n\t<meta name=\"twitter:data2\" content=\"2 minutes\" \/>\n<script type=\"application\/ld+json\" class=\"yoast-schema-graph\">{\"@context\":\"https:\\\/\\\/schema.org\",\"@graph\":[{\"@type\":\"Article\",\"@id\":\"https:\\\/\\\/www.eyrignac.com\\\/fr\\\/actualites\\\/circuit-pour-decouvrir-la-dordogne-en-velo#article\",\"isPartOf\":{\"@id\":\"https:\\\/\\\/www.eyrignac.com\\\/fr\\\/actualites\\\/circuit-pour-decouvrir-la-dordogne-en-velo\"},\"author\":{\"name\":\"modifs\",\"@id\":\"https:\\\/\\\/www.eyrignac.com\\\/fr\\\/#\\\/schema\\\/person\\\/6b23cb9e26d0d5fc9a6a178585528d02\"},\"headline\":\"Circuit pour d\u00e9couvrir la Dordogne en v\u00e9lo\",\"datePublished\":\"2020-06-01T05:36:44+00:00\",\"dateModified\":\"2024-08-20T08:23:19+00:00\",\"mainEntityOfPage\":{\"@id\":\"https:\\\/\\\/www.eyrignac.com\\\/fr\\\/actualites\\\/circuit-pour-decouvrir-la-dordogne-en-velo\"},\"wordCount\":469,\"publisher\":{\"@id\":\"https:\\\/\\\/www.eyrignac.com\\\/fr\\\/#organization\"},\"image\":{\"@id\":\"https:\\\/\\\/www.eyrignac.com\\\/fr\\\/actualites\\\/circuit-pour-decouvrir-la-dordogne-en-velo#primaryimage\"},\"thumbnailUrl\":\"https:\\\/\\\/www.eyrignac.com\\\/wp-content\\\/uploads\\\/2018\\\/12\\\/eyrignac_sentiers_ericsander_table_orientation.jpg\",\"articleSection\":[\"Actualit\u00e9s\"],\"inLanguage\":\"fr-FR\"},{\"@type\":\"WebPage\",\"@id\":\"https:\\\/\\\/www.eyrignac.com\\\/fr\\\/actualites\\\/circuit-pour-decouvrir-la-dordogne-en-velo\",\"url\":\"https:\\\/\\\/www.eyrignac.com\\\/fr\\\/actualites\\\/circuit-pour-decouvrir-la-dordogne-en-velo\",\"name\":\"Circuit pour d\u00e9couvrir la Dordogne en v\u00e9lo - Eyrignac et ses jardins\",\"isPartOf\":{\"@id\":\"https:\\\/\\\/www.eyrignac.com\\\/fr\\\/#website\"},\"primaryImageOfPage\":{\"@id\":\"https:\\\/\\\/www.eyrignac.com\\\/fr\\\/actualites\\\/circuit-pour-decouvrir-la-dordogne-en-velo#primaryimage\"},\"image\":{\"@id\":\"https:\\\/\\\/www.eyrignac.com\\\/fr\\\/actualites\\\/circuit-pour-decouvrir-la-dordogne-en-velo#primaryimage\"},\"thumbnailUrl\":\"https:\\\/\\\/www.eyrignac.com\\\/wp-content\\\/uploads\\\/2018\\\/12\\\/eyrignac_sentiers_ericsander_table_orientation.jpg\",\"datePublished\":\"2020-06-01T05:36:44+00:00\",\"dateModified\":\"2024-08-20T08:23:19+00:00\",\"breadcrumb\":{\"@id\":\"https:\\\/\\\/www.eyrignac.com\\\/fr\\\/actualites\\\/circuit-pour-decouvrir-la-dordogne-en-velo#breadcrumb\"},\"inLanguage\":\"fr-FR\",\"potentialAction\":[{\"@type\":\"ReadAction\",\"target\":[\"https:\\\/\\\/www.eyrignac.com\\\/fr\\\/actualites\\\/circuit-pour-decouvrir-la-dordogne-en-velo\"]}]},{\"@type\":\"ImageObject\",\"inLanguage\":\"fr-FR\",\"@id\":\"https:\\\/\\\/www.eyrignac.com\\\/fr\\\/actualites\\\/circuit-pour-decouvrir-la-dordogne-en-velo#primaryimage\",\"url\":\"https:\\\/\\\/www.eyrignac.com\\\/wp-content\\\/uploads\\\/2018\\\/12\\\/eyrignac_sentiers_ericsander_table_orientation.jpg\",\"contentUrl\":\"https:\\\/\\\/www.eyrignac.com\\\/wp-content\\\/uploads\\\/2018\\\/12\\\/eyrignac_sentiers_ericsander_table_orientation.jpg\",\"width\":1500,\"height\":1000,\"caption\":\"Table d'orientation sur les sentiers botaniques \u00a9Eric Sander\"},{\"@type\":\"BreadcrumbList\",\"@id\":\"https:\\\/\\\/www.eyrignac.com\\\/fr\\\/actualites\\\/circuit-pour-decouvrir-la-dordogne-en-velo#breadcrumb\",\"itemListElement\":[{\"@type\":\"ListItem\",\"position\":1,\"name\":\"Accueil\",\"item\":\"https:\\\/\\\/www.eyrignac.com\\\/fr\"},{\"@type\":\"ListItem\",\"position\":2,\"name\":\"Circuit pour d\u00e9couvrir la Dordogne en v\u00e9lo\"}]},{\"@type\":\"WebSite\",\"@id\":\"https:\\\/\\\/www.eyrignac.com\\\/fr\\\/#website\",\"url\":\"https:\\\/\\\/www.eyrignac.com\\\/fr\\\/\",\"name\":\"Eyrignac et ses jardins\",\"description\":\"Lieu de verdure unique en Dordogne\",\"publisher\":{\"@id\":\"https:\\\/\\\/www.eyrignac.com\\\/fr\\\/#organization\"},\"potentialAction\":[{\"@type\":\"SearchAction\",\"target\":{\"@type\":\"EntryPoint\",\"urlTemplate\":\"https:\\\/\\\/www.eyrignac.com\\\/fr\\\/?s={search_term_string}\"},\"query-input\":{\"@type\":\"PropertyValueSpecification\",\"valueRequired\":true,\"valueName\":\"search_term_string\"}}],\"inLanguage\":\"fr-FR\"},{\"@type\":\"Organization\",\"@id\":\"https:\\\/\\\/www.eyrignac.com\\\/fr\\\/#organization\",\"name\":\"Eyrignac\",\"url\":\"https:\\\/\\\/www.eyrignac.com\\\/fr\\\/\",\"logo\":{\"@type\":\"ImageObject\",\"inLanguage\":\"fr-FR\",\"@id\":\"https:\\\/\\\/www.eyrignac.com\\\/fr\\\/#\\\/schema\\\/logo\\\/image\\\/\",\"url\":\"https:\\\/\\\/www.eyrignac.com\\\/wp-content\\\/uploads\\\/2017\\\/12\\\/logo-eyrignac.png\",\"contentUrl\":\"https:\\\/\\\/www.eyrignac.com\\\/wp-content\\\/uploads\\\/2017\\\/12\\\/logo-eyrignac.png\",\"width\":500,\"height\":189,\"caption\":\"Eyrignac\"},\"image\":{\"@id\":\"https:\\\/\\\/www.eyrignac.com\\\/fr\\\/#\\\/schema\\\/logo\\\/image\\\/\"},\"sameAs\":[\"https:\\\/\\\/www.facebook.com\\\/JardinsEyrignac\\\/\",\"https:\\\/\\\/x.com\\\/eyrignac\",\"https:\\\/\\\/www.instagram.com\\\/eyrignac\\\/\",\"https:\\\/\\\/www.pinterest.fr\\\/eyrignac\\\/\",\"https:\\\/\\\/www.youtube.com\\\/channel\\\/UCjWc47ArIew83eRXXjaBowg\"]},{\"@type\":\"Person\",\"@id\":\"https:\\\/\\\/www.eyrignac.com\\\/fr\\\/#\\\/schema\\\/person\\\/6b23cb9e26d0d5fc9a6a178585528d02\",\"name\":\"modifs\"}]}<\/script>\n<!-- \/ Yoast SEO plugin. -->","yoast_head_json":{"title":"Circuit pour d\u00e9couvrir la Dordogne en v\u00e9lo - Eyrignac et ses jardins","robots":{"index":"index","follow":"follow","max-snippet":"max-snippet:-1","max-image-preview":"max-image-preview:large","max-video-preview":"max-video-preview:-1"},"canonical":"https:\/\/www.eyrignac.com\/fr\/actualites\/circuit-pour-decouvrir-la-dordogne-en-velo","og_locale":"fr_FR","og_type":"article","og_title":"Circuit pour d\u00e9couvrir la Dordogne en v\u00e9lo - Eyrignac et ses jardins","og_description":"La Dordogne est une r\u00e9gion vallonn\u00e9e, ponctu\u00e9e de coteaux et de vall\u00e9es se pr\u00eate merveilleusement \u00e0 la d\u00e9couverte en v\u00e9lo.","og_url":"https:\/\/www.eyrignac.com\/fr\/actualites\/circuit-pour-decouvrir-la-dordogne-en-velo","og_site_name":"Eyrignac et ses jardins","article_publisher":"https:\/\/www.facebook.com\/JardinsEyrignac\/","article_published_time":"2020-06-01T05:36:44+00:00","article_modified_time":"2024-08-20T08:23:19+00:00","og_image":[{"width":1500,"height":1000,"url":"https:\/\/www.eyrignac.com\/wp-content\/uploads\/2018\/12\/eyrignac_sentiers_ericsander_table_orientation.jpg","type":"image\/jpeg"}],"author":"modifs","twitter_card":"summary_large_image","twitter_creator":"@eyrignac","twitter_site":"@eyrignac","twitter_misc":{"\u00c9crit par":"modifs","Dur\u00e9e de lecture estim\u00e9e":"2 minutes"},"schema":{"@context":"https:\/\/schema.org","@graph":[{"@type":"Article","@id":"https:\/\/www.eyrignac.com\/fr\/actualites\/circuit-pour-decouvrir-la-dordogne-en-velo#article","isPartOf":{"@id":"https:\/\/www.eyrignac.com\/fr\/actualites\/circuit-pour-decouvrir-la-dordogne-en-velo"},"author":{"name":"modifs","@id":"https:\/\/www.eyrignac.com\/fr\/#\/schema\/person\/6b23cb9e26d0d5fc9a6a178585528d02"},"headline":"Circuit pour d\u00e9couvrir la Dordogne en v\u00e9lo","datePublished":"2020-06-01T05:36:44+00:00","dateModified":"2024-08-20T08:23:19+00:00","mainEntityOfPage":{"@id":"https:\/\/www.eyrignac.com\/fr\/actualites\/circuit-pour-decouvrir-la-dordogne-en-velo"},"wordCount":469,"publisher":{"@id":"https:\/\/www.eyrignac.com\/fr\/#organization"},"image":{"@id":"https:\/\/www.eyrignac.com\/fr\/actualites\/circuit-pour-decouvrir-la-dordogne-en-velo#primaryimage"},"thumbnailUrl":"https:\/\/www.eyrignac.com\/wp-content\/uploads\/2018\/12\/eyrignac_sentiers_ericsander_table_orientation.jpg","articleSection":["Actualit\u00e9s"],"inLanguage":"fr-FR"},{"@type":"WebPage","@id":"https:\/\/www.eyrignac.com\/fr\/actualites\/circuit-pour-decouvrir-la-dordogne-en-velo","url":"https:\/\/www.eyrignac.com\/fr\/actualites\/circuit-pour-decouvrir-la-dordogne-en-velo","name":"Circuit pour d\u00e9couvrir la Dordogne en v\u00e9lo - Eyrignac et ses jardins","isPartOf":{"@id":"https:\/\/www.eyrignac.com\/fr\/#website"},"primaryImageOfPage":{"@id":"https:\/\/www.eyrignac.com\/fr\/actualites\/circuit-pour-decouvrir-la-dordogne-en-velo#primaryimage"},"image":{"@id":"https:\/\/www.eyrignac.com\/fr\/actualites\/circuit-pour-decouvrir-la-dordogne-en-velo#primaryimage"},"thumbnailUrl":"https:\/\/www.eyrignac.com\/wp-content\/uploads\/2018\/12\/eyrignac_sentiers_ericsander_table_orientation.jpg","datePublished":"2020-06-01T05:36:44+00:00","dateModified":"2024-08-20T08:23:19+00:00","breadcrumb":{"@id":"https:\/\/www.eyrignac.com\/fr\/actualites\/circuit-pour-decouvrir-la-dordogne-en-velo#breadcrumb"},"inLanguage":"fr-FR","potentialAction":[{"@type":"ReadAction","target":["https:\/\/www.eyrignac.com\/fr\/actualites\/circuit-pour-decouvrir-la-dordogne-en-velo"]}]},{"@type":"ImageObject","inLanguage":"fr-FR","@id":"https:\/\/www.eyrignac.com\/fr\/actualites\/circuit-pour-decouvrir-la-dordogne-en-velo#primaryimage","url":"https:\/\/www.eyrignac.com\/wp-content\/uploads\/2018\/12\/eyrignac_sentiers_ericsander_table_orientation.jpg","contentUrl":"https:\/\/www.eyrignac.com\/wp-content\/uploads\/2018\/12\/eyrignac_sentiers_ericsander_table_orientation.jpg","width":1500,"height":1000,"caption":"Table d'orientation sur les sentiers botaniques \u00a9Eric Sander"},{"@type":"BreadcrumbList","@id":"https:\/\/www.eyrignac.com\/fr\/actualites\/circuit-pour-decouvrir-la-dordogne-en-velo#breadcrumb","itemListElement":[{"@type":"ListItem","position":1,"name":"Accueil","item":"https:\/\/www.eyrignac.com\/fr"},{"@type":"ListItem","position":2,"name":"Circuit pour d\u00e9couvrir la Dordogne en v\u00e9lo"}]},{"@type":"WebSite","@id":"https:\/\/www.eyrignac.com\/fr\/#website","url":"https:\/\/www.eyrignac.com\/fr\/","name":"Eyrignac et ses jardins","description":"Lieu de verdure unique en Dordogne","publisher":{"@id":"https:\/\/www.eyrignac.com\/fr\/#organization"},"potentialAction":[{"@type":"SearchAction","target":{"@type":"EntryPoint","urlTemplate":"https:\/\/www.eyrignac.com\/fr\/?s={search_term_string}"},"query-input":{"@type":"PropertyValueSpecification","valueRequired":true,"valueName":"search_term_string"}}],"inLanguage":"fr-FR"},{"@type":"Organization","@id":"https:\/\/www.eyrignac.com\/fr\/#organization","name":"Eyrignac","url":"https:\/\/www.eyrignac.com\/fr\/","logo":{"@type":"ImageObject","inLanguage":"fr-FR","@id":"https:\/\/www.eyrignac.com\/fr\/#\/schema\/logo\/image\/","url":"https:\/\/www.eyrignac.com\/wp-content\/uploads\/2017\/12\/logo-eyrignac.png","contentUrl":"https:\/\/www.eyrignac.com\/wp-content\/uploads\/2017\/12\/logo-eyrignac.png","width":500,"height":189,"caption":"Eyrignac"},"image":{"@id":"https:\/\/www.eyrignac.com\/fr\/#\/schema\/logo\/image\/"},"sameAs":["https:\/\/www.facebook.com\/JardinsEyrignac\/","https:\/\/x.com\/eyrignac","https:\/\/www.instagram.com\/eyrignac\/","https:\/\/www.pinterest.fr\/eyrignac\/","https:\/\/www.youtube.com\/channel\/UCjWc47ArIew83eRXXjaBowg"]},{"@type":"Person","@id":"https:\/\/www.eyrignac.com\/fr\/#\/schema\/person\/6b23cb9e26d0d5fc9a6a178585528d02","name":"modifs"}]}},"_links":{"self":[{"href":"https:\/\/www.eyrignac.com\/fr\/wp-json\/wp\/v2\/posts\/2675","targetHints":{"allow":["GET"]}}],"collection":[{"href":"https:\/\/www.eyrignac.com\/fr\/wp-json\/wp\/v2\/posts"}],"about":[{"href":"https:\/\/www.eyrignac.com\/fr\/wp-json\/wp\/v2\/types\/post"}],"author":[{"embeddable":true,"href":"https:\/\/www.eyrignac.com\/fr\/wp-json\/wp\/v2\/users\/1"}],"replies":[{"embeddable":true,"href":"https:\/\/www.eyrignac.com\/fr\/wp-json\/wp\/v2\/comments?post=2675"}],"version-history":[{"count":0,"href":"https:\/\/www.eyrignac.com\/fr\/wp-json\/wp\/v2\/posts\/2675\/revisions"}],"wp:featuredmedia":[{"embeddable":true,"href":"https:\/\/www.eyrignac.com\/fr\/wp-json\/wp\/v2\/media\/2676"}],"wp:attachment":[{"href":"https:\/\/www.eyrignac.com\/fr\/wp-json\/wp\/v2\/media?parent=2675"}],"wp:term":[{"taxonomy":"category","embeddable":true,"href":"https:\/\/www.eyrignac.com\/fr\/wp-json\/wp\/v2\/categories?post=2675"},{"taxonomy":"post_tag","embeddable":true,"href":"https:\/\/www.eyrignac.com\/fr\/wp-json\/wp\/v2\/tags?post=2675"}],"curies":[{"name":"wp","href":"https:\/\/api.w.org\/{rel}","templated":true}]}}