{"id":2673,"date":"2018-08-14T15:30:54","date_gmt":"2018-08-14T13:30:54","guid":{"rendered":"https:\/\/www.eyrignac.com\/?p=2673"},"modified":"2025-03-03T09:15:58","modified_gmt":"2025-03-03T08:15:58","slug":"les-animations-en-soiree-en-dordogne-perigord","status":"publish","type":"post","link":"https:\/\/www.eyrignac.com\/fr\/actualites\/les-animations-en-soiree-en-dordogne-perigord","title":{"rendered":"Les animations en soir\u00e9e en Dordogne-P\u00e9rigord"},"content":{"rendered":"<div class=\"wpb-content-wrapper\"><p>[vc_row][vc_column][vc_column_text]<strong>Les soirs d\u2019\u00e9t\u00e9 sont propices \u00e0 des sorties en famille ou entre amis pour profiter de la douceur des temp\u00e9ratures \u00e0 ce moment de la journ\u00e9e.<br \/>\nRetrouvez ici un \u00e9chantillon des animations de soir\u00e9es d\u2019\u00e9t\u00e9 en Dordogne-P\u00e9rigord.<\/strong><\/p>\n<p>Nous ouvrons la semaine avec les <u><a href=\"http:\/\/www.happy.eyrignac.com\">Happy Pique-niques d\u2019Eyrignac et ses Jardins<\/a><\/u> organis\u00e9s les lundis soirs de la mi-juillet \u00e0 la fin ao\u00fbt.<br \/>\nCes pique-niques, dans le cadre romantique du jardin blanc, sont une v\u00e9ritable f\u00eate de plein air. Les participants ont exceptionnellement le droit de fouler les gazons de la Roseraie pour s\u2019y installer et se r\u00e9galer d\u2019un d\u00e9licieux panier repas avec le spectacle des collines de Dordogne face \u00e0 eux. La musique est bien s\u00fbr au rendez-vous. D\u2019abord fond musical pour le pique-nique, elle se fait ensuite plus pr\u00e9sente pour entra\u00eener les danseurs jusqu\u2019au coucher du soleil. A la nuit tomb\u00e9e, le feu d\u2019artifice est le point d\u2019orgue de la soir\u00e9e.[\/vc_column_text][vc_video link=\u00a0\u00bbhttps:\/\/youtu.be\/x94Q60pKe_k\u00a0\u00bb][\/vc_column][\/vc_row][vc_row][vc_column][vc_column_text]\u00c9galement, les lundis, les Moondays du <u><a href=\"https:\/\/www.commarque.com\/\" target=\"_blank\" rel=\"noopener\">ch\u00e2teau de Commarque<\/a><\/u>: un Cluedo grandeur nature pour les d\u00e9tectives dans l\u2019\u00e2me, avec sc\u00e8nes de crime et \u00e9nigmes, l&rsquo;occasion de d\u00e9couvrir le ch\u00e2teau en nocturne !<\/p>\n<p>Les mardis soirs en juillet et en ao\u00fbt, la <u><a href=\"https:\/\/www.grotte-de-tourtoirac.fr\/\" target=\"_blank\" rel=\"noopener\">grotte de Tourtoirac<\/a><\/u> se visite au flambeau, le ch\u00e2teau de Biron organise des visites th\u00e9\u00e2tralis\u00e9es aux lueurs des lanternes, le <u><a href=\"https:\/\/les-grands-sites-du-perigord.com\/les-grands-sites\/chateau-de-bourdeilles\" target=\"_blank\" rel=\"noopener\">ch\u00e2teau de Bourdeilles<\/a><\/u> fait nocturne, ainsi que le clo\u00eetre de Cadouin, le <u><a href=\"http:\/\/www.chateau-puymartin.com\/\" target=\"_blank\" rel=\"noopener\">ch\u00e2teau de Puymartin<\/a><\/u> s\u2019habille de lumi\u00e8re.<\/p>\n<p>Tous les mercredis soir, le <u><a href=\"http:\/\/www.chateau-hautefort.com\/\" target=\"_blank\" rel=\"noopener\">ch\u00e2teau de Hautefort<\/a><\/u> se visite de nuit gr\u00e2ce \u00e0 des visites insolites du ch\u00e2teau et des Jardins !<\/p>\n<p>Les jeudis soirs sont eux gourmands au <u><a href=\"https:\/\/les-grands-sites-du-perigord.com\/les-grands-sites\/chateau-de-biron\" target=\"_blank\" rel=\"noopener\">ch\u00e2teau de Biron,<\/a><\/u> qui accueille chaque semaine un march\u00e9 nocturne : \u00e0 la rencontre des producteurs de pays, une grande tabl\u00e9e s&rsquo;\u00e9tablit dans l&rsquo;enceinte du ch\u00e2teau.<\/p>\n<p>Des \u00e9v\u00e9nements uniques sont aussi pr\u00e9vus tels que des s\u00e9ances de cin\u00e9ma de plein air au <u><a href=\"http:\/\/www.milandes.com\/\" target=\"_blank\" rel=\"noopener\">ch\u00e2teau des Milandes<\/a><\/u> : <u><a href=\"https:\/\/ville-montignac.com\/culture\/la-culture-a-montignac\/festival-de-cinema-soirs-des-toiles-en-vallees-dordogne-vezere\" target=\"_blank\" rel=\"noopener\">voir le programme<\/a><\/u><\/p>\n<p>Vous trouverez un calendrier complet sur le site<u><a href=\"https:\/\/les-grands-sites-du-perigord.com\/animations.\"> https:\/\/les-grands-sites-du-perigord.com\/animations<\/a><\/u>.<br \/>\nMais n&rsquo;oubliez pas \u00e9galement les animations de rues dans la ville m\u00e9di\u00e9vale de Sarlat (musiciens, acrobates, &#8230;), le festival des jeux du th\u00e9\u00e2tre \u00e0 Sarlat, le festival du P\u00e9rigord Noir, le festival &lsquo;Cultures aux c\u0153urs&rsquo; \u00e0 Montignac, les march\u00e9s de producteurs dans les beaux villages de Saint Geni\u00e8s, Saint Amand de Coly, &#8230; de quoi prendre du bon temps en Dordogne -P\u00e9rigord ![\/vc_column_text][\/vc_column][\/vc_row][vc_row][vc_column]<div class=\"carousel-slider-outer carousel-slider-outer-image-carousel carousel-slider-outer-2542\" style=\"--carousel-slider-nav-color:#c1963b;--carousel-slider-active-nav-color:#c1963b;--carousel-slider-arrow-size:72px;--carousel-slider-bullet-size:10px\">\n<div id=\"&#039;id-2542\" class=\"carousel-slider carousel-slider-2542 arrows-visibility-always dots-visibility-never arrows-outside dots-center dots-square owl-carousel\" data-slide-type=\"image-carousel\" data-owl-settings='{\"nav\":true,\"dots\":false,\"slideBy\":1,\"stagePadding\":0,\"margin\":10,\"loop\":false,\"lazyLoad\":false,\"autoplay\":true,\"autoplayTimeout\":5000,\"autoplaySpeed\":500,\"autoplayHoverPause\":true,\"autoWidth\":false,\"responsive\":{\"300\":{\"items\":1},\"576\":{\"items\":2},\"768\":{\"items\":2},\"1024\":{\"items\":3},\"1280\":{\"items\":4},\"1536\":{\"items\":5}}}'>\n<div class=\"carousel-slider__item\">\n\t<a class=\"magnific-popup\" href=\"https:\/\/www.eyrignac.com\/wp-content\/uploads\/2018\/12\/eyrignac_milandes_dordogne_perigord.jpeg\" data-width=\"600\" data-height=\"800\"><img decoding=\"async\" width=\"270\" height=\"350\" src=\"https:\/\/www.eyrignac.com\/wp-content\/uploads\/2018\/12\/eyrignac_milandes_dordogne_perigord-270x350.jpeg\" class=\"attachment-carousel size-carousel\" alt=\"Les Milandes\" \/><\/a><\/div>\n\n<div class=\"carousel-slider__item\">\n\t<a class=\"magnific-popup\" href=\"https:\/\/www.eyrignac.com\/wp-content\/uploads\/2018\/12\/eyrignac_dordogne_perigord_biron.jpg\" data-width=\"1120\" data-height=\"1680\"><img decoding=\"async\" width=\"270\" height=\"350\" src=\"https:\/\/www.eyrignac.com\/wp-content\/uploads\/2018\/12\/eyrignac_dordogne_perigord_biron-270x350.jpg\" class=\"attachment-carousel size-carousel\" alt=\"Le Ch\u00e2teau de Biron\" \/><\/a><\/div>\n\n<div class=\"carousel-slider__item\">\n\t<a class=\"magnific-popup\" href=\"https:\/\/www.eyrignac.com\/wp-content\/uploads\/2018\/12\/eyrignac_dordogne_perigord_commarque.jpg\" data-width=\"1000\" data-height=\"666\"><img decoding=\"async\" width=\"270\" height=\"350\" src=\"https:\/\/www.eyrignac.com\/wp-content\/uploads\/2018\/12\/eyrignac_dordogne_perigord_commarque-270x350.jpg\" class=\"attachment-carousel size-carousel\" alt=\"Cluedo \u00e0 Commarque\" \/><\/a><\/div>\n\n<div class=\"carousel-slider__item\">\n\t<a class=\"magnific-popup\" href=\"https:\/\/www.eyrignac.com\/wp-content\/uploads\/2018\/12\/eyrignac_commarque_cluedo_dordogne_perigord.jpeg\" data-width=\"800\" data-height=\"1067\"><img decoding=\"async\" width=\"270\" height=\"350\" src=\"https:\/\/www.eyrignac.com\/wp-content\/uploads\/2018\/12\/eyrignac_commarque_cluedo_dordogne_perigord-270x350.jpeg\" class=\"attachment-carousel size-carousel\" alt=\"Cluedo \u00e0 Commarque\" \/><\/a><\/div>\n\n<\/div><!-- .carousel-slider-2542 -->\n<\/div><!-- .carousel-slider-outer-2542 -->\n[\/vc_column][\/vc_row]<\/p>\n<\/div>","protected":false},"excerpt":{"rendered":"Les soirs d\u2019\u00e9t\u00e9 sont propices \u00e0 des sorties en famille ou entre amis pour profiter de la douceur des temp\u00e9ratures","protected":false},"author":1,"featured_media":2499,"comment_status":"closed","ping_status":"open","sticky":false,"template":"","format":"standard","meta":{"_acf_changed":false,"footnotes":""},"categories":[5],"tags":[],"class_list":["post-2673","post","type-post","status-publish","format-standard","has-post-thumbnail","hentry","category-actualites"],"acf":[],"yoast_head":"<!-- This site is optimized with the Yoast SEO plugin v27.4 - https:\/\/yoast.com\/product\/yoast-seo-wordpress\/ -->\n<title>Les animations en soir\u00e9e en Dordogne-P\u00e9rigord - Eyrignac et ses jardins<\/title>\n<meta name=\"robots\" content=\"index, follow, max-snippet:-1, max-image-preview:large, max-video-preview:-1\" \/>\n<link rel=\"canonical\" href=\"https:\/\/www.eyrignac.com\/fr\/actualites\/les-animations-en-soiree-en-dordogne-perigord\" \/>\n<meta property=\"og:locale\" content=\"fr_FR\" \/>\n<meta property=\"og:type\" content=\"article\" \/>\n<meta property=\"og:title\" content=\"Les animations en soir\u00e9e en Dordogne-P\u00e9rigord - Eyrignac et ses jardins\" \/>\n<meta property=\"og:description\" content=\"Les soirs d\u2019\u00e9t\u00e9 sont propices \u00e0 des sorties en famille ou entre amis pour profiter de la douceur des temp\u00e9ratures\" \/>\n<meta property=\"og:url\" content=\"https:\/\/www.eyrignac.com\/fr\/actualites\/les-animations-en-soiree-en-dordogne-perigord\" \/>\n<meta property=\"og:site_name\" content=\"Eyrignac et ses jardins\" \/>\n<meta property=\"article:publisher\" content=\"https:\/\/www.facebook.com\/JardinsEyrignac\/\" \/>\n<meta property=\"article:published_time\" content=\"2018-08-14T13:30:54+00:00\" \/>\n<meta property=\"article:modified_time\" content=\"2025-03-03T08:15:58+00:00\" \/>\n<meta property=\"og:image\" content=\"https:\/\/www.eyrignac.com\/wp-content\/uploads\/2018\/12\/eyrignac_pique_nique_\u00aeVeroniqueAudit_Unephotovautmillemots2.jpg\" \/>\n\t<meta property=\"og:image:width\" content=\"1591\" \/>\n\t<meta property=\"og:image:height\" content=\"1074\" \/>\n\t<meta property=\"og:image:type\" content=\"image\/jpeg\" \/>\n<meta name=\"author\" content=\"modifs\" \/>\n<meta name=\"twitter:card\" content=\"summary_large_image\" \/>\n<meta name=\"twitter:creator\" content=\"@eyrignac\" \/>\n<meta name=\"twitter:site\" content=\"@eyrignac\" \/>\n<meta name=\"twitter:label1\" content=\"\u00c9crit par\" \/>\n\t<meta name=\"twitter:data1\" content=\"modifs\" \/>\n\t<meta name=\"twitter:label2\" content=\"Dur\u00e9e de lecture estim\u00e9e\" \/>\n\t<meta name=\"twitter:data2\" content=\"2 minutes\" \/>\n<script type=\"application\/ld+json\" class=\"yoast-schema-graph\">{\"@context\":\"https:\\\/\\\/schema.org\",\"@graph\":[{\"@type\":\"Article\",\"@id\":\"https:\\\/\\\/www.eyrignac.com\\\/fr\\\/actualites\\\/les-animations-en-soiree-en-dordogne-perigord#article\",\"isPartOf\":{\"@id\":\"https:\\\/\\\/www.eyrignac.com\\\/fr\\\/actualites\\\/les-animations-en-soiree-en-dordogne-perigord\"},\"author\":{\"name\":\"modifs\",\"@id\":\"https:\\\/\\\/www.eyrignac.com\\\/fr\\\/#\\\/schema\\\/person\\\/6b23cb9e26d0d5fc9a6a178585528d02\"},\"headline\":\"Les animations en soir\u00e9e en Dordogne-P\u00e9rigord\",\"datePublished\":\"2018-08-14T13:30:54+00:00\",\"dateModified\":\"2025-03-03T08:15:58+00:00\",\"mainEntityOfPage\":{\"@id\":\"https:\\\/\\\/www.eyrignac.com\\\/fr\\\/actualites\\\/les-animations-en-soiree-en-dordogne-perigord\"},\"wordCount\":487,\"publisher\":{\"@id\":\"https:\\\/\\\/www.eyrignac.com\\\/fr\\\/#organization\"},\"image\":{\"@id\":\"https:\\\/\\\/www.eyrignac.com\\\/fr\\\/actualites\\\/les-animations-en-soiree-en-dordogne-perigord#primaryimage\"},\"thumbnailUrl\":\"https:\\\/\\\/www.eyrignac.com\\\/wp-content\\\/uploads\\\/2018\\\/12\\\/eyrignac_pique_nique_\u00aeVeroniqueAudit_Unephotovautmillemots2.jpg\",\"articleSection\":[\"Actualit\u00e9s\"],\"inLanguage\":\"fr-FR\"},{\"@type\":\"WebPage\",\"@id\":\"https:\\\/\\\/www.eyrignac.com\\\/fr\\\/actualites\\\/les-animations-en-soiree-en-dordogne-perigord\",\"url\":\"https:\\\/\\\/www.eyrignac.com\\\/fr\\\/actualites\\\/les-animations-en-soiree-en-dordogne-perigord\",\"name\":\"Les animations en soir\u00e9e en Dordogne-P\u00e9rigord - Eyrignac et ses jardins\",\"isPartOf\":{\"@id\":\"https:\\\/\\\/www.eyrignac.com\\\/fr\\\/#website\"},\"primaryImageOfPage\":{\"@id\":\"https:\\\/\\\/www.eyrignac.com\\\/fr\\\/actualites\\\/les-animations-en-soiree-en-dordogne-perigord#primaryimage\"},\"image\":{\"@id\":\"https:\\\/\\\/www.eyrignac.com\\\/fr\\\/actualites\\\/les-animations-en-soiree-en-dordogne-perigord#primaryimage\"},\"thumbnailUrl\":\"https:\\\/\\\/www.eyrignac.com\\\/wp-content\\\/uploads\\\/2018\\\/12\\\/eyrignac_pique_nique_\u00aeVeroniqueAudit_Unephotovautmillemots2.jpg\",\"datePublished\":\"2018-08-14T13:30:54+00:00\",\"dateModified\":\"2025-03-03T08:15:58+00:00\",\"breadcrumb\":{\"@id\":\"https:\\\/\\\/www.eyrignac.com\\\/fr\\\/actualites\\\/les-animations-en-soiree-en-dordogne-perigord#breadcrumb\"},\"inLanguage\":\"fr-FR\",\"potentialAction\":[{\"@type\":\"ReadAction\",\"target\":[\"https:\\\/\\\/www.eyrignac.com\\\/fr\\\/actualites\\\/les-animations-en-soiree-en-dordogne-perigord\"]}]},{\"@type\":\"ImageObject\",\"inLanguage\":\"fr-FR\",\"@id\":\"https:\\\/\\\/www.eyrignac.com\\\/fr\\\/actualites\\\/les-animations-en-soiree-en-dordogne-perigord#primaryimage\",\"url\":\"https:\\\/\\\/www.eyrignac.com\\\/wp-content\\\/uploads\\\/2018\\\/12\\\/eyrignac_pique_nique_\u00aeVeroniqueAudit_Unephotovautmillemots2.jpg\",\"contentUrl\":\"https:\\\/\\\/www.eyrignac.com\\\/wp-content\\\/uploads\\\/2018\\\/12\\\/eyrignac_pique_nique_\u00aeVeroniqueAudit_Unephotovautmillemots2.jpg\",\"width\":1591,\"height\":1074,\"caption\":\"Pique-Nique Blanc \u00e0 Eyrignac \u00aeV\u00e9ronique Audit\"},{\"@type\":\"BreadcrumbList\",\"@id\":\"https:\\\/\\\/www.eyrignac.com\\\/fr\\\/actualites\\\/les-animations-en-soiree-en-dordogne-perigord#breadcrumb\",\"itemListElement\":[{\"@type\":\"ListItem\",\"position\":1,\"name\":\"Accueil\",\"item\":\"https:\\\/\\\/www.eyrignac.com\\\/fr\"},{\"@type\":\"ListItem\",\"position\":2,\"name\":\"Les animations en soir\u00e9e en Dordogne-P\u00e9rigord\"}]},{\"@type\":\"WebSite\",\"@id\":\"https:\\\/\\\/www.eyrignac.com\\\/fr\\\/#website\",\"url\":\"https:\\\/\\\/www.eyrignac.com\\\/fr\\\/\",\"name\":\"Eyrignac et ses jardins\",\"description\":\"Lieu de verdure unique en Dordogne\",\"publisher\":{\"@id\":\"https:\\\/\\\/www.eyrignac.com\\\/fr\\\/#organization\"},\"potentialAction\":[{\"@type\":\"SearchAction\",\"target\":{\"@type\":\"EntryPoint\",\"urlTemplate\":\"https:\\\/\\\/www.eyrignac.com\\\/fr\\\/?s={search_term_string}\"},\"query-input\":{\"@type\":\"PropertyValueSpecification\",\"valueRequired\":true,\"valueName\":\"search_term_string\"}}],\"inLanguage\":\"fr-FR\"},{\"@type\":\"Organization\",\"@id\":\"https:\\\/\\\/www.eyrignac.com\\\/fr\\\/#organization\",\"name\":\"Eyrignac\",\"url\":\"https:\\\/\\\/www.eyrignac.com\\\/fr\\\/\",\"logo\":{\"@type\":\"ImageObject\",\"inLanguage\":\"fr-FR\",\"@id\":\"https:\\\/\\\/www.eyrignac.com\\\/fr\\\/#\\\/schema\\\/logo\\\/image\\\/\",\"url\":\"https:\\\/\\\/www.eyrignac.com\\\/wp-content\\\/uploads\\\/2017\\\/12\\\/logo-eyrignac.png\",\"contentUrl\":\"https:\\\/\\\/www.eyrignac.com\\\/wp-content\\\/uploads\\\/2017\\\/12\\\/logo-eyrignac.png\",\"width\":500,\"height\":189,\"caption\":\"Eyrignac\"},\"image\":{\"@id\":\"https:\\\/\\\/www.eyrignac.com\\\/fr\\\/#\\\/schema\\\/logo\\\/image\\\/\"},\"sameAs\":[\"https:\\\/\\\/www.facebook.com\\\/JardinsEyrignac\\\/\",\"https:\\\/\\\/x.com\\\/eyrignac\",\"https:\\\/\\\/www.instagram.com\\\/eyrignac\\\/\",\"https:\\\/\\\/www.pinterest.fr\\\/eyrignac\\\/\",\"https:\\\/\\\/www.youtube.com\\\/channel\\\/UCjWc47ArIew83eRXXjaBowg\"]},{\"@type\":\"Person\",\"@id\":\"https:\\\/\\\/www.eyrignac.com\\\/fr\\\/#\\\/schema\\\/person\\\/6b23cb9e26d0d5fc9a6a178585528d02\",\"name\":\"modifs\"}]}<\/script>\n<!-- \/ Yoast SEO plugin. -->","yoast_head_json":{"title":"Les animations en soir\u00e9e en Dordogne-P\u00e9rigord - Eyrignac et ses jardins","robots":{"index":"index","follow":"follow","max-snippet":"max-snippet:-1","max-image-preview":"max-image-preview:large","max-video-preview":"max-video-preview:-1"},"canonical":"https:\/\/www.eyrignac.com\/fr\/actualites\/les-animations-en-soiree-en-dordogne-perigord","og_locale":"fr_FR","og_type":"article","og_title":"Les animations en soir\u00e9e en Dordogne-P\u00e9rigord - Eyrignac et ses jardins","og_description":"Les soirs d\u2019\u00e9t\u00e9 sont propices \u00e0 des sorties en famille ou entre amis pour profiter de la douceur des temp\u00e9ratures","og_url":"https:\/\/www.eyrignac.com\/fr\/actualites\/les-animations-en-soiree-en-dordogne-perigord","og_site_name":"Eyrignac et ses jardins","article_publisher":"https:\/\/www.facebook.com\/JardinsEyrignac\/","article_published_time":"2018-08-14T13:30:54+00:00","article_modified_time":"2025-03-03T08:15:58+00:00","og_image":[{"width":1591,"height":1074,"url":"https:\/\/www.eyrignac.com\/wp-content\/uploads\/2018\/12\/eyrignac_pique_nique_\u00aeVeroniqueAudit_Unephotovautmillemots2.jpg","type":"image\/jpeg"}],"author":"modifs","twitter_card":"summary_large_image","twitter_creator":"@eyrignac","twitter_site":"@eyrignac","twitter_misc":{"\u00c9crit par":"modifs","Dur\u00e9e de lecture estim\u00e9e":"2 minutes"},"schema":{"@context":"https:\/\/schema.org","@graph":[{"@type":"Article","@id":"https:\/\/www.eyrignac.com\/fr\/actualites\/les-animations-en-soiree-en-dordogne-perigord#article","isPartOf":{"@id":"https:\/\/www.eyrignac.com\/fr\/actualites\/les-animations-en-soiree-en-dordogne-perigord"},"author":{"name":"modifs","@id":"https:\/\/www.eyrignac.com\/fr\/#\/schema\/person\/6b23cb9e26d0d5fc9a6a178585528d02"},"headline":"Les animations en soir\u00e9e en Dordogne-P\u00e9rigord","datePublished":"2018-08-14T13:30:54+00:00","dateModified":"2025-03-03T08:15:58+00:00","mainEntityOfPage":{"@id":"https:\/\/www.eyrignac.com\/fr\/actualites\/les-animations-en-soiree-en-dordogne-perigord"},"wordCount":487,"publisher":{"@id":"https:\/\/www.eyrignac.com\/fr\/#organization"},"image":{"@id":"https:\/\/www.eyrignac.com\/fr\/actualites\/les-animations-en-soiree-en-dordogne-perigord#primaryimage"},"thumbnailUrl":"https:\/\/www.eyrignac.com\/wp-content\/uploads\/2018\/12\/eyrignac_pique_nique_\u00aeVeroniqueAudit_Unephotovautmillemots2.jpg","articleSection":["Actualit\u00e9s"],"inLanguage":"fr-FR"},{"@type":"WebPage","@id":"https:\/\/www.eyrignac.com\/fr\/actualites\/les-animations-en-soiree-en-dordogne-perigord","url":"https:\/\/www.eyrignac.com\/fr\/actualites\/les-animations-en-soiree-en-dordogne-perigord","name":"Les animations en soir\u00e9e en Dordogne-P\u00e9rigord - Eyrignac et ses jardins","isPartOf":{"@id":"https:\/\/www.eyrignac.com\/fr\/#website"},"primaryImageOfPage":{"@id":"https:\/\/www.eyrignac.com\/fr\/actualites\/les-animations-en-soiree-en-dordogne-perigord#primaryimage"},"image":{"@id":"https:\/\/www.eyrignac.com\/fr\/actualites\/les-animations-en-soiree-en-dordogne-perigord#primaryimage"},"thumbnailUrl":"https:\/\/www.eyrignac.com\/wp-content\/uploads\/2018\/12\/eyrignac_pique_nique_\u00aeVeroniqueAudit_Unephotovautmillemots2.jpg","datePublished":"2018-08-14T13:30:54+00:00","dateModified":"2025-03-03T08:15:58+00:00","breadcrumb":{"@id":"https:\/\/www.eyrignac.com\/fr\/actualites\/les-animations-en-soiree-en-dordogne-perigord#breadcrumb"},"inLanguage":"fr-FR","potentialAction":[{"@type":"ReadAction","target":["https:\/\/www.eyrignac.com\/fr\/actualites\/les-animations-en-soiree-en-dordogne-perigord"]}]},{"@type":"ImageObject","inLanguage":"fr-FR","@id":"https:\/\/www.eyrignac.com\/fr\/actualites\/les-animations-en-soiree-en-dordogne-perigord#primaryimage","url":"https:\/\/www.eyrignac.com\/wp-content\/uploads\/2018\/12\/eyrignac_pique_nique_\u00aeVeroniqueAudit_Unephotovautmillemots2.jpg","contentUrl":"https:\/\/www.eyrignac.com\/wp-content\/uploads\/2018\/12\/eyrignac_pique_nique_\u00aeVeroniqueAudit_Unephotovautmillemots2.jpg","width":1591,"height":1074,"caption":"Pique-Nique Blanc \u00e0 Eyrignac \u00aeV\u00e9ronique Audit"},{"@type":"BreadcrumbList","@id":"https:\/\/www.eyrignac.com\/fr\/actualites\/les-animations-en-soiree-en-dordogne-perigord#breadcrumb","itemListElement":[{"@type":"ListItem","position":1,"name":"Accueil","item":"https:\/\/www.eyrignac.com\/fr"},{"@type":"ListItem","position":2,"name":"Les animations en soir\u00e9e en Dordogne-P\u00e9rigord"}]},{"@type":"WebSite","@id":"https:\/\/www.eyrignac.com\/fr\/#website","url":"https:\/\/www.eyrignac.com\/fr\/","name":"Eyrignac et ses jardins","description":"Lieu de verdure unique en Dordogne","publisher":{"@id":"https:\/\/www.eyrignac.com\/fr\/#organization"},"potentialAction":[{"@type":"SearchAction","target":{"@type":"EntryPoint","urlTemplate":"https:\/\/www.eyrignac.com\/fr\/?s={search_term_string}"},"query-input":{"@type":"PropertyValueSpecification","valueRequired":true,"valueName":"search_term_string"}}],"inLanguage":"fr-FR"},{"@type":"Organization","@id":"https:\/\/www.eyrignac.com\/fr\/#organization","name":"Eyrignac","url":"https:\/\/www.eyrignac.com\/fr\/","logo":{"@type":"ImageObject","inLanguage":"fr-FR","@id":"https:\/\/www.eyrignac.com\/fr\/#\/schema\/logo\/image\/","url":"https:\/\/www.eyrignac.com\/wp-content\/uploads\/2017\/12\/logo-eyrignac.png","contentUrl":"https:\/\/www.eyrignac.com\/wp-content\/uploads\/2017\/12\/logo-eyrignac.png","width":500,"height":189,"caption":"Eyrignac"},"image":{"@id":"https:\/\/www.eyrignac.com\/fr\/#\/schema\/logo\/image\/"},"sameAs":["https:\/\/www.facebook.com\/JardinsEyrignac\/","https:\/\/x.com\/eyrignac","https:\/\/www.instagram.com\/eyrignac\/","https:\/\/www.pinterest.fr\/eyrignac\/","https:\/\/www.youtube.com\/channel\/UCjWc47ArIew83eRXXjaBowg"]},{"@type":"Person","@id":"https:\/\/www.eyrignac.com\/fr\/#\/schema\/person\/6b23cb9e26d0d5fc9a6a178585528d02","name":"modifs"}]}},"_links":{"self":[{"href":"https:\/\/www.eyrignac.com\/fr\/wp-json\/wp\/v2\/posts\/2673","targetHints":{"allow":["GET"]}}],"collection":[{"href":"https:\/\/www.eyrignac.com\/fr\/wp-json\/wp\/v2\/posts"}],"about":[{"href":"https:\/\/www.eyrignac.com\/fr\/wp-json\/wp\/v2\/types\/post"}],"author":[{"embeddable":true,"href":"https:\/\/www.eyrignac.com\/fr\/wp-json\/wp\/v2\/users\/1"}],"replies":[{"embeddable":true,"href":"https:\/\/www.eyrignac.com\/fr\/wp-json\/wp\/v2\/comments?post=2673"}],"version-history":[{"count":0,"href":"https:\/\/www.eyrignac.com\/fr\/wp-json\/wp\/v2\/posts\/2673\/revisions"}],"wp:featuredmedia":[{"embeddable":true,"href":"https:\/\/www.eyrignac.com\/fr\/wp-json\/wp\/v2\/media\/2499"}],"wp:attachment":[{"href":"https:\/\/www.eyrignac.com\/fr\/wp-json\/wp\/v2\/media?parent=2673"}],"wp:term":[{"taxonomy":"category","embeddable":true,"href":"https:\/\/www.eyrignac.com\/fr\/wp-json\/wp\/v2\/categories?post=2673"},{"taxonomy":"post_tag","embeddable":true,"href":"https:\/\/www.eyrignac.com\/fr\/wp-json\/wp\/v2\/tags?post=2673"}],"curies":[{"name":"wp","href":"https:\/\/api.w.org\/{rel}","templated":true}]}}