{"id":2666,"date":"2018-07-26T14:53:13","date_gmt":"2018-07-26T12:53:13","guid":{"rendered":"https:\/\/www.eyrignac.com\/?p=2666"},"modified":"2018-12-17T14:55:11","modified_gmt":"2018-12-17T13:55:11","slug":"flashback-eyrignac-dans-lemission-visites-privees","status":"publish","type":"post","link":"https:\/\/www.eyrignac.com\/fr\/actualites\/flashback-eyrignac-dans-lemission-visites-privees","title":{"rendered":"Flashback : Eyrignac dans l&rsquo;\u00e9mission &lsquo;Visites Priv\u00e9es&rsquo;"},"content":{"rendered":"<div class=\"wpb-content-wrapper\"><p>[vc_row][vc_column][vc_column_text]<strong>Le 9 Janvier 2017 \u00e9tait diffus\u00e9e l&rsquo;\u00e9mission \u00ab\u00a0Visites Priv\u00e9es\u00a0\u00bb, pr\u00e9sent\u00e9e par St\u00e9phane Bern et mettant \u00e0 l&rsquo;honneur quelques Tr\u00e9sors du P\u00e9rigord dont Eyrignac et ses Jardins, le Ch\u00e2teau de Beynac et le Ch\u00e2teau des Milandes, ancienne demeure de l&rsquo;illustre Jos\u00e9phine Baker. <\/strong><\/p>\n<p>L&rsquo;\u00e9quipe de tournage avait pos\u00e9 ses cam\u00e9ras dans les Jardins et avait consacr\u00e9 une partie de l&rsquo;\u00e9mission aux Jardins d&rsquo;Eyrignac, Patrick Sermadiras, le propri\u00e9taire \u00e9tait pr\u00e9sent sur le plateau aux c\u00f4t\u00e9s de St\u00e9phane Bern et de son \u00e9quipe. Le reportage faisait la part belle aux sculptures v\u00e9g\u00e9tales de buis, d&rsquo;ifs et de charmes en montrant le travail effectu\u00e9 par des jardiniers aux petits soins. Focus \u00e9galement sur l&rsquo;histoire d&rsquo;Eyrignac, sa gen\u00e8se et l&rsquo;histoire pluris\u00e9culaire qui le caract\u00e9rise.<\/p>\n<p>A l&rsquo;honneur \u00e9galement dans l&rsquo;\u00e9mission, le ch\u00e2teau de Beynac, forteresse m\u00e9di\u00e9vale surplombant la Dordogne, v\u00e9ritable joyau de l&rsquo;architecture d\u00e9fensive m\u00e9di\u00e9vale ainsi qu&rsquo;au Ch\u00e2teau des Milandes : ancienne demeure de Jos\u00e9phine Baker qui dans ce ch\u00e2teau adopta 12 enfants de diff\u00e9rentes nationalit\u00e9s et y cr\u00e9a son &lsquo;Village du Monde'[\/vc_column_text][\/vc_column][\/vc_row][vc_row][vc_column][vc_empty_space][vc_video link=\u00a0\u00bbhttps:\/\/vimeo.com\/280573176&Prime;][\/vc_column][\/vc_row]<\/p>\n<\/div>","protected":false},"excerpt":{"rendered":"Le 9 Janvier 2017 \u00e9tait diffus\u00e9e l&rsquo;\u00e9mission &lsquo;Visites Priv\u00e9es\u00a0\u00bb, pr\u00e9sent\u00e9e par St\u00e9phane Bern et mettant \u00e0 l&rsquo;honneur quelques Tr\u00e9sors du P\u00e9rigord dont Eyrignac et ses Jardins, le Ch\u00e2teau de Beynac et le Ch\u00e2teau des Milandes, ancienne demeure de l&rsquo;illustre Jos\u00e9phine Baker. ","protected":false},"author":1,"featured_media":2520,"comment_status":"open","ping_status":"open","sticky":false,"template":"","format":"standard","meta":{"_acf_changed":false,"footnotes":""},"categories":[5],"tags":[],"class_list":["post-2666","post","type-post","status-publish","format-standard","has-post-thumbnail","hentry","category-actualites"],"acf":[],"yoast_head":"<!-- This site is optimized with the Yoast SEO plugin v27.5 - https:\/\/yoast.com\/product\/yoast-seo-wordpress\/ -->\n<title>Flashback : Eyrignac dans l&#039;\u00e9mission &#039;Visites Priv\u00e9es&#039; - Eyrignac et ses jardins<\/title>\n<meta name=\"robots\" content=\"index, follow, max-snippet:-1, max-image-preview:large, max-video-preview:-1\" \/>\n<link rel=\"canonical\" href=\"https:\/\/www.eyrignac.com\/fr\/actualites\/flashback-eyrignac-dans-lemission-visites-privees\" \/>\n<meta property=\"og:locale\" content=\"fr_FR\" \/>\n<meta property=\"og:type\" content=\"article\" \/>\n<meta property=\"og:title\" content=\"Flashback : Eyrignac dans l&#039;\u00e9mission &#039;Visites Priv\u00e9es&#039; - Eyrignac et ses jardins\" \/>\n<meta property=\"og:description\" content=\"Le 9 Janvier 2017 \u00e9tait diffus\u00e9e l&#039;\u00e9mission &#039;Visites Priv\u00e9es&quot;, pr\u00e9sent\u00e9e par St\u00e9phane Bern et mettant \u00e0 l&#039;honneur quelques Tr\u00e9sors du P\u00e9rigord dont Eyrignac et ses Jardins, le Ch\u00e2teau de Beynac et le Ch\u00e2teau des Milandes, ancienne demeure de l&#039;illustre Jos\u00e9phine Baker.\" \/>\n<meta property=\"og:url\" content=\"https:\/\/www.eyrignac.com\/fr\/actualites\/flashback-eyrignac-dans-lemission-visites-privees\" \/>\n<meta property=\"og:site_name\" content=\"Eyrignac et ses jardins\" \/>\n<meta property=\"article:publisher\" content=\"https:\/\/www.facebook.com\/JardinsEyrignac\/\" \/>\n<meta property=\"article:published_time\" content=\"2018-07-26T12:53:13+00:00\" \/>\n<meta property=\"article:modified_time\" content=\"2018-12-17T13:55:11+00:00\" \/>\n<meta property=\"og:image\" content=\"https:\/\/www.eyrignac.com\/wp-content\/uploads\/2018\/12\/eyrignac_visites_privees_stephane_bern.jpg\" \/>\n\t<meta property=\"og:image:width\" content=\"800\" \/>\n\t<meta property=\"og:image:height\" content=\"450\" \/>\n\t<meta property=\"og:image:type\" content=\"image\/jpeg\" \/>\n<meta name=\"author\" content=\"modifs\" \/>\n<meta name=\"twitter:card\" content=\"summary_large_image\" \/>\n<meta name=\"twitter:creator\" content=\"@eyrignac\" \/>\n<meta name=\"twitter:site\" content=\"@eyrignac\" \/>\n<meta name=\"twitter:label1\" content=\"\u00c9crit par\" \/>\n\t<meta name=\"twitter:data1\" content=\"modifs\" \/>\n\t<meta name=\"twitter:label2\" content=\"Dur\u00e9e de lecture estim\u00e9e\" \/>\n\t<meta name=\"twitter:data2\" content=\"1 minute\" \/>\n<script type=\"application\/ld+json\" class=\"yoast-schema-graph\">{\"@context\":\"https:\\\/\\\/schema.org\",\"@graph\":[{\"@type\":\"Article\",\"@id\":\"https:\\\/\\\/www.eyrignac.com\\\/fr\\\/actualites\\\/flashback-eyrignac-dans-lemission-visites-privees#article\",\"isPartOf\":{\"@id\":\"https:\\\/\\\/www.eyrignac.com\\\/fr\\\/actualites\\\/flashback-eyrignac-dans-lemission-visites-privees\"},\"author\":{\"name\":\"modifs\",\"@id\":\"https:\\\/\\\/www.eyrignac.com\\\/fr\\\/#\\\/schema\\\/person\\\/6b23cb9e26d0d5fc9a6a178585528d02\"},\"headline\":\"Flashback : Eyrignac dans l&rsquo;\u00e9mission &lsquo;Visites Priv\u00e9es&rsquo;\",\"datePublished\":\"2018-07-26T12:53:13+00:00\",\"dateModified\":\"2018-12-17T13:55:11+00:00\",\"mainEntityOfPage\":{\"@id\":\"https:\\\/\\\/www.eyrignac.com\\\/fr\\\/actualites\\\/flashback-eyrignac-dans-lemission-visites-privees\"},\"wordCount\":248,\"commentCount\":0,\"publisher\":{\"@id\":\"https:\\\/\\\/www.eyrignac.com\\\/fr\\\/#organization\"},\"image\":{\"@id\":\"https:\\\/\\\/www.eyrignac.com\\\/fr\\\/actualites\\\/flashback-eyrignac-dans-lemission-visites-privees#primaryimage\"},\"thumbnailUrl\":\"https:\\\/\\\/www.eyrignac.com\\\/wp-content\\\/uploads\\\/2018\\\/12\\\/eyrignac_visites_privees_stephane_bern.jpg\",\"articleSection\":[\"Actualit\u00e9s\"],\"inLanguage\":\"fr-FR\",\"potentialAction\":[{\"@type\":\"CommentAction\",\"name\":\"Comment\",\"target\":[\"https:\\\/\\\/www.eyrignac.com\\\/fr\\\/actualites\\\/flashback-eyrignac-dans-lemission-visites-privees#respond\"]}]},{\"@type\":\"WebPage\",\"@id\":\"https:\\\/\\\/www.eyrignac.com\\\/fr\\\/actualites\\\/flashback-eyrignac-dans-lemission-visites-privees\",\"url\":\"https:\\\/\\\/www.eyrignac.com\\\/fr\\\/actualites\\\/flashback-eyrignac-dans-lemission-visites-privees\",\"name\":\"Flashback : Eyrignac dans l'\u00e9mission 'Visites Priv\u00e9es' - Eyrignac et ses jardins\",\"isPartOf\":{\"@id\":\"https:\\\/\\\/www.eyrignac.com\\\/fr\\\/#website\"},\"primaryImageOfPage\":{\"@id\":\"https:\\\/\\\/www.eyrignac.com\\\/fr\\\/actualites\\\/flashback-eyrignac-dans-lemission-visites-privees#primaryimage\"},\"image\":{\"@id\":\"https:\\\/\\\/www.eyrignac.com\\\/fr\\\/actualites\\\/flashback-eyrignac-dans-lemission-visites-privees#primaryimage\"},\"thumbnailUrl\":\"https:\\\/\\\/www.eyrignac.com\\\/wp-content\\\/uploads\\\/2018\\\/12\\\/eyrignac_visites_privees_stephane_bern.jpg\",\"datePublished\":\"2018-07-26T12:53:13+00:00\",\"dateModified\":\"2018-12-17T13:55:11+00:00\",\"breadcrumb\":{\"@id\":\"https:\\\/\\\/www.eyrignac.com\\\/fr\\\/actualites\\\/flashback-eyrignac-dans-lemission-visites-privees#breadcrumb\"},\"inLanguage\":\"fr-FR\",\"potentialAction\":[{\"@type\":\"ReadAction\",\"target\":[\"https:\\\/\\\/www.eyrignac.com\\\/fr\\\/actualites\\\/flashback-eyrignac-dans-lemission-visites-privees\"]}]},{\"@type\":\"ImageObject\",\"inLanguage\":\"fr-FR\",\"@id\":\"https:\\\/\\\/www.eyrignac.com\\\/fr\\\/actualites\\\/flashback-eyrignac-dans-lemission-visites-privees#primaryimage\",\"url\":\"https:\\\/\\\/www.eyrignac.com\\\/wp-content\\\/uploads\\\/2018\\\/12\\\/eyrignac_visites_privees_stephane_bern.jpg\",\"contentUrl\":\"https:\\\/\\\/www.eyrignac.com\\\/wp-content\\\/uploads\\\/2018\\\/12\\\/eyrignac_visites_privees_stephane_bern.jpg\",\"width\":800,\"height\":450},{\"@type\":\"BreadcrumbList\",\"@id\":\"https:\\\/\\\/www.eyrignac.com\\\/fr\\\/actualites\\\/flashback-eyrignac-dans-lemission-visites-privees#breadcrumb\",\"itemListElement\":[{\"@type\":\"ListItem\",\"position\":1,\"name\":\"Accueil\",\"item\":\"https:\\\/\\\/www.eyrignac.com\\\/fr\"},{\"@type\":\"ListItem\",\"position\":2,\"name\":\"Flashback : Eyrignac dans l&rsquo;\u00e9mission &lsquo;Visites Priv\u00e9es&rsquo;\"}]},{\"@type\":\"WebSite\",\"@id\":\"https:\\\/\\\/www.eyrignac.com\\\/fr\\\/#website\",\"url\":\"https:\\\/\\\/www.eyrignac.com\\\/fr\\\/\",\"name\":\"Eyrignac et ses jardins\",\"description\":\"Lieu de verdure unique en Dordogne\",\"publisher\":{\"@id\":\"https:\\\/\\\/www.eyrignac.com\\\/fr\\\/#organization\"},\"potentialAction\":[{\"@type\":\"SearchAction\",\"target\":{\"@type\":\"EntryPoint\",\"urlTemplate\":\"https:\\\/\\\/www.eyrignac.com\\\/fr\\\/?s={search_term_string}\"},\"query-input\":{\"@type\":\"PropertyValueSpecification\",\"valueRequired\":true,\"valueName\":\"search_term_string\"}}],\"inLanguage\":\"fr-FR\"},{\"@type\":\"Organization\",\"@id\":\"https:\\\/\\\/www.eyrignac.com\\\/fr\\\/#organization\",\"name\":\"Eyrignac\",\"url\":\"https:\\\/\\\/www.eyrignac.com\\\/fr\\\/\",\"logo\":{\"@type\":\"ImageObject\",\"inLanguage\":\"fr-FR\",\"@id\":\"https:\\\/\\\/www.eyrignac.com\\\/fr\\\/#\\\/schema\\\/logo\\\/image\\\/\",\"url\":\"https:\\\/\\\/www.eyrignac.com\\\/wp-content\\\/uploads\\\/2017\\\/12\\\/logo-eyrignac.png\",\"contentUrl\":\"https:\\\/\\\/www.eyrignac.com\\\/wp-content\\\/uploads\\\/2017\\\/12\\\/logo-eyrignac.png\",\"width\":500,\"height\":189,\"caption\":\"Eyrignac\"},\"image\":{\"@id\":\"https:\\\/\\\/www.eyrignac.com\\\/fr\\\/#\\\/schema\\\/logo\\\/image\\\/\"},\"sameAs\":[\"https:\\\/\\\/www.facebook.com\\\/JardinsEyrignac\\\/\",\"https:\\\/\\\/x.com\\\/eyrignac\",\"https:\\\/\\\/www.instagram.com\\\/eyrignac\\\/\",\"https:\\\/\\\/www.pinterest.fr\\\/eyrignac\\\/\",\"https:\\\/\\\/www.youtube.com\\\/channel\\\/UCjWc47ArIew83eRXXjaBowg\"]},{\"@type\":\"Person\",\"@id\":\"https:\\\/\\\/www.eyrignac.com\\\/fr\\\/#\\\/schema\\\/person\\\/6b23cb9e26d0d5fc9a6a178585528d02\",\"name\":\"modifs\"}]}<\/script>\n<!-- \/ Yoast SEO plugin. -->","yoast_head_json":{"title":"Flashback : Eyrignac dans l'\u00e9mission 'Visites Priv\u00e9es' - Eyrignac et ses jardins","robots":{"index":"index","follow":"follow","max-snippet":"max-snippet:-1","max-image-preview":"max-image-preview:large","max-video-preview":"max-video-preview:-1"},"canonical":"https:\/\/www.eyrignac.com\/fr\/actualites\/flashback-eyrignac-dans-lemission-visites-privees","og_locale":"fr_FR","og_type":"article","og_title":"Flashback : Eyrignac dans l'\u00e9mission 'Visites Priv\u00e9es' - Eyrignac et ses jardins","og_description":"Le 9 Janvier 2017 \u00e9tait diffus\u00e9e l'\u00e9mission 'Visites Priv\u00e9es\", pr\u00e9sent\u00e9e par St\u00e9phane Bern et mettant \u00e0 l'honneur quelques Tr\u00e9sors du P\u00e9rigord dont Eyrignac et ses Jardins, le Ch\u00e2teau de Beynac et le Ch\u00e2teau des Milandes, ancienne demeure de l'illustre Jos\u00e9phine Baker.","og_url":"https:\/\/www.eyrignac.com\/fr\/actualites\/flashback-eyrignac-dans-lemission-visites-privees","og_site_name":"Eyrignac et ses jardins","article_publisher":"https:\/\/www.facebook.com\/JardinsEyrignac\/","article_published_time":"2018-07-26T12:53:13+00:00","article_modified_time":"2018-12-17T13:55:11+00:00","og_image":[{"width":800,"height":450,"url":"https:\/\/www.eyrignac.com\/wp-content\/uploads\/2018\/12\/eyrignac_visites_privees_stephane_bern.jpg","type":"image\/jpeg"}],"author":"modifs","twitter_card":"summary_large_image","twitter_creator":"@eyrignac","twitter_site":"@eyrignac","twitter_misc":{"\u00c9crit par":"modifs","Dur\u00e9e de lecture estim\u00e9e":"1 minute"},"schema":{"@context":"https:\/\/schema.org","@graph":[{"@type":"Article","@id":"https:\/\/www.eyrignac.com\/fr\/actualites\/flashback-eyrignac-dans-lemission-visites-privees#article","isPartOf":{"@id":"https:\/\/www.eyrignac.com\/fr\/actualites\/flashback-eyrignac-dans-lemission-visites-privees"},"author":{"name":"modifs","@id":"https:\/\/www.eyrignac.com\/fr\/#\/schema\/person\/6b23cb9e26d0d5fc9a6a178585528d02"},"headline":"Flashback : Eyrignac dans l&rsquo;\u00e9mission &lsquo;Visites Priv\u00e9es&rsquo;","datePublished":"2018-07-26T12:53:13+00:00","dateModified":"2018-12-17T13:55:11+00:00","mainEntityOfPage":{"@id":"https:\/\/www.eyrignac.com\/fr\/actualites\/flashback-eyrignac-dans-lemission-visites-privees"},"wordCount":248,"commentCount":0,"publisher":{"@id":"https:\/\/www.eyrignac.com\/fr\/#organization"},"image":{"@id":"https:\/\/www.eyrignac.com\/fr\/actualites\/flashback-eyrignac-dans-lemission-visites-privees#primaryimage"},"thumbnailUrl":"https:\/\/www.eyrignac.com\/wp-content\/uploads\/2018\/12\/eyrignac_visites_privees_stephane_bern.jpg","articleSection":["Actualit\u00e9s"],"inLanguage":"fr-FR","potentialAction":[{"@type":"CommentAction","name":"Comment","target":["https:\/\/www.eyrignac.com\/fr\/actualites\/flashback-eyrignac-dans-lemission-visites-privees#respond"]}]},{"@type":"WebPage","@id":"https:\/\/www.eyrignac.com\/fr\/actualites\/flashback-eyrignac-dans-lemission-visites-privees","url":"https:\/\/www.eyrignac.com\/fr\/actualites\/flashback-eyrignac-dans-lemission-visites-privees","name":"Flashback : Eyrignac dans l'\u00e9mission 'Visites Priv\u00e9es' - Eyrignac et ses jardins","isPartOf":{"@id":"https:\/\/www.eyrignac.com\/fr\/#website"},"primaryImageOfPage":{"@id":"https:\/\/www.eyrignac.com\/fr\/actualites\/flashback-eyrignac-dans-lemission-visites-privees#primaryimage"},"image":{"@id":"https:\/\/www.eyrignac.com\/fr\/actualites\/flashback-eyrignac-dans-lemission-visites-privees#primaryimage"},"thumbnailUrl":"https:\/\/www.eyrignac.com\/wp-content\/uploads\/2018\/12\/eyrignac_visites_privees_stephane_bern.jpg","datePublished":"2018-07-26T12:53:13+00:00","dateModified":"2018-12-17T13:55:11+00:00","breadcrumb":{"@id":"https:\/\/www.eyrignac.com\/fr\/actualites\/flashback-eyrignac-dans-lemission-visites-privees#breadcrumb"},"inLanguage":"fr-FR","potentialAction":[{"@type":"ReadAction","target":["https:\/\/www.eyrignac.com\/fr\/actualites\/flashback-eyrignac-dans-lemission-visites-privees"]}]},{"@type":"ImageObject","inLanguage":"fr-FR","@id":"https:\/\/www.eyrignac.com\/fr\/actualites\/flashback-eyrignac-dans-lemission-visites-privees#primaryimage","url":"https:\/\/www.eyrignac.com\/wp-content\/uploads\/2018\/12\/eyrignac_visites_privees_stephane_bern.jpg","contentUrl":"https:\/\/www.eyrignac.com\/wp-content\/uploads\/2018\/12\/eyrignac_visites_privees_stephane_bern.jpg","width":800,"height":450},{"@type":"BreadcrumbList","@id":"https:\/\/www.eyrignac.com\/fr\/actualites\/flashback-eyrignac-dans-lemission-visites-privees#breadcrumb","itemListElement":[{"@type":"ListItem","position":1,"name":"Accueil","item":"https:\/\/www.eyrignac.com\/fr"},{"@type":"ListItem","position":2,"name":"Flashback : Eyrignac dans l&rsquo;\u00e9mission &lsquo;Visites Priv\u00e9es&rsquo;"}]},{"@type":"WebSite","@id":"https:\/\/www.eyrignac.com\/fr\/#website","url":"https:\/\/www.eyrignac.com\/fr\/","name":"Eyrignac et ses jardins","description":"Lieu de verdure unique en Dordogne","publisher":{"@id":"https:\/\/www.eyrignac.com\/fr\/#organization"},"potentialAction":[{"@type":"SearchAction","target":{"@type":"EntryPoint","urlTemplate":"https:\/\/www.eyrignac.com\/fr\/?s={search_term_string}"},"query-input":{"@type":"PropertyValueSpecification","valueRequired":true,"valueName":"search_term_string"}}],"inLanguage":"fr-FR"},{"@type":"Organization","@id":"https:\/\/www.eyrignac.com\/fr\/#organization","name":"Eyrignac","url":"https:\/\/www.eyrignac.com\/fr\/","logo":{"@type":"ImageObject","inLanguage":"fr-FR","@id":"https:\/\/www.eyrignac.com\/fr\/#\/schema\/logo\/image\/","url":"https:\/\/www.eyrignac.com\/wp-content\/uploads\/2017\/12\/logo-eyrignac.png","contentUrl":"https:\/\/www.eyrignac.com\/wp-content\/uploads\/2017\/12\/logo-eyrignac.png","width":500,"height":189,"caption":"Eyrignac"},"image":{"@id":"https:\/\/www.eyrignac.com\/fr\/#\/schema\/logo\/image\/"},"sameAs":["https:\/\/www.facebook.com\/JardinsEyrignac\/","https:\/\/x.com\/eyrignac","https:\/\/www.instagram.com\/eyrignac\/","https:\/\/www.pinterest.fr\/eyrignac\/","https:\/\/www.youtube.com\/channel\/UCjWc47ArIew83eRXXjaBowg"]},{"@type":"Person","@id":"https:\/\/www.eyrignac.com\/fr\/#\/schema\/person\/6b23cb9e26d0d5fc9a6a178585528d02","name":"modifs"}]}},"_links":{"self":[{"href":"https:\/\/www.eyrignac.com\/fr\/wp-json\/wp\/v2\/posts\/2666","targetHints":{"allow":["GET"]}}],"collection":[{"href":"https:\/\/www.eyrignac.com\/fr\/wp-json\/wp\/v2\/posts"}],"about":[{"href":"https:\/\/www.eyrignac.com\/fr\/wp-json\/wp\/v2\/types\/post"}],"author":[{"embeddable":true,"href":"https:\/\/www.eyrignac.com\/fr\/wp-json\/wp\/v2\/users\/1"}],"replies":[{"embeddable":true,"href":"https:\/\/www.eyrignac.com\/fr\/wp-json\/wp\/v2\/comments?post=2666"}],"version-history":[{"count":0,"href":"https:\/\/www.eyrignac.com\/fr\/wp-json\/wp\/v2\/posts\/2666\/revisions"}],"wp:featuredmedia":[{"embeddable":true,"href":"https:\/\/www.eyrignac.com\/fr\/wp-json\/wp\/v2\/media\/2520"}],"wp:attachment":[{"href":"https:\/\/www.eyrignac.com\/fr\/wp-json\/wp\/v2\/media?parent=2666"}],"wp:term":[{"taxonomy":"category","embeddable":true,"href":"https:\/\/www.eyrignac.com\/fr\/wp-json\/wp\/v2\/categories?post=2666"},{"taxonomy":"post_tag","embeddable":true,"href":"https:\/\/www.eyrignac.com\/fr\/wp-json\/wp\/v2\/tags?post=2666"}],"curies":[{"name":"wp","href":"https:\/\/api.w.org\/{rel}","templated":true}]}}