{"id":2657,"date":"2018-07-13T14:43:56","date_gmt":"2018-07-13T12:43:56","guid":{"rendered":"https:\/\/www.eyrignac.com\/?p=2657"},"modified":"2025-05-05T15:56:01","modified_gmt":"2025-05-05T13:56:01","slug":"coupe-de-fleurs-fanees-pour-une-floraison-continue","status":"publish","type":"post","link":"https:\/\/www.eyrignac.com\/fr\/actualites\/coupe-de-fleurs-fanees-pour-une-floraison-continue","title":{"rendered":"Coupe de fleurs fan\u00e9es pour une floraison continue"},"content":{"rendered":"<div class=\"wpb-content-wrapper\"><p>[vc_row][vc_column][vc_column_text]Toute personne poss\u00e9dant un jardin, des plantes, massifs, etc&#8230; aspire \u00e0 une floraison abondante mais surtout qui dure dans le temps. Les fleurs ont une dur\u00e9e de vie \u00e9ph\u00e9m\u00e8re et arrive ainsi la p\u00e9riode de fanaison.<br \/>\nCes fleurs fan\u00e9es peuvent avoir un c\u00f4t\u00e9 esth\u00e9tique int\u00e9ressant (des gramin\u00e9es scintillant avec le gel de l&rsquo;hiver par une belle journ\u00e9e ensoleill\u00e9e par exemple&#8230;.) mais parfois et m\u00eame souvent, un coup de s\u00e9cateur, au bon moment, peut parfaitement prolonger cette floraison.<\/p>\n<p>Cette coupe de fleurs fan\u00e9es a une utilit\u00e9 esth\u00e9tique c&rsquo;est ind\u00e9niable mais elle permet surtout de stimuler la plante, lui donner un coup de pouce pour une nouvelle floraison. Une fois la fleur pass\u00e9e, la tige \u00ab monte \u00bb en graines et \u00e9puise inutilement la plante. Alors ne pas h\u00e9siter \u00e0 tailler !<br \/>\nPour cela, utilisez toujours un s\u00e9cateur ou tout autre objet coupant qu&rsquo;il faudra bien tenir aiguis\u00e9 et surtout d\u00e9sinfect\u00e9, dans un souci de non propagation de maladies.<\/p>\n<p>[\/vc_column_text][\/vc_column][\/vc_row][vc_row][vc_column]<div class=\"carousel-slider-outer carousel-slider-outer-image-carousel carousel-slider-outer-2530\" style=\"--carousel-slider-nav-color:#c1963b;--carousel-slider-active-nav-color:#c1963b;--carousel-slider-arrow-size:72px;--carousel-slider-bullet-size:10px\">\n<div id=\"&#039;id-2530\" class=\"carousel-slider carousel-slider-2530 arrows-visibility-always dots-visibility-never arrows-outside dots-center dots-square owl-carousel\" data-slide-type=\"image-carousel\" data-owl-settings='{\"nav\":true,\"dots\":false,\"slideBy\":1,\"stagePadding\":0,\"margin\":10,\"loop\":false,\"lazyLoad\":false,\"autoplay\":true,\"autoplayTimeout\":5000,\"autoplaySpeed\":500,\"autoplayHoverPause\":true,\"autoWidth\":false,\"responsive\":{\"300\":{\"items\":1},\"576\":{\"items\":2},\"768\":{\"items\":2},\"1024\":{\"items\":3},\"1280\":{\"items\":4},\"1536\":{\"items\":5}}}'>\n<div class=\"carousel-slider__item\">\n\t<img decoding=\"async\" width=\"270\" height=\"350\" src=\"https:\/\/www.eyrignac.com\/wp-content\/uploads\/2018\/12\/eyrignac_coupe_fleurs_fanees2-270x350.jpg\" class=\"attachment-carousel size-carousel\" alt=\"Coupe des fleurs fan\u00e9es \u00e0 Eyrignac\" \/><\/a><\/div>\n\n<div class=\"carousel-slider__item\">\n\t<img decoding=\"async\" width=\"270\" height=\"350\" src=\"https:\/\/www.eyrignac.com\/wp-content\/uploads\/2018\/03\/eyrignac_fleurs_fanees_jardiniers-270x350.jpg\" class=\"attachment-carousel size-carousel\" alt=\"Travaux d&#039;\u00e9t\u00e9 dans les Jardins d&#039;Eyrignac\" \/><\/a><\/div>\n\n<\/div><!-- .carousel-slider-2530 -->\n<\/div><!-- .carousel-slider-outer-2530 -->\n[vc_empty_space height=\u00a0\u00bb64px\u00a0\u00bb][\/vc_column][\/vc_row][vc_row][vc_column][vc_column_text]<strong>Exemple d&rsquo;une taille int\u00e9ressante de fleurs fan\u00e9es : les rosiers remontants<\/strong><br \/>\nPour cette vari\u00e9t\u00e9 de rosiers, la taille n&rsquo;a pas qu&rsquo;un c\u00f4t\u00e9 esth\u00e9tique. Elle favorise \u00e9galement une nouvelle floraison. Ainsi, ces rosiers fleurissent quasi en continu sur une tr\u00e8s longue p\u00e9riode. Ils ont cette qualit\u00e9 de fournir des fleurs tout au long de l&rsquo;\u00e9t\u00e9.<br \/>\nAstuce pour une taille r\u00e9ussie : taillez au-dessus d&rsquo;une feuille \u00e0 5 folioles. Attention, les feuilles g\u00e9n\u00e9ralement en-dessous de la fleur fan\u00e9e ne poss\u00e8dent souvent que 3 folioles. Il faut donc descendre suffisamment le long de la tige jusqu&rsquo;\u00e0 la premi\u00e8re feuille qui poss\u00e8de 5 folioles. Pas d&rsquo;inqui\u00e9tude&#8230;le bourgeon, \u00e0 la base de celle-ci, est suffisamment fort pour \u00e9mettre une nouvelle tige florale.<\/p>\n<p><strong>Pour les rosiers non remontants<\/strong>, ceux-ci fleurissent sur le bois de l&rsquo;ann\u00e9e pr\u00e9c\u00e9dente. Une taille bien pratiqu\u00e9e favorisera la naissance de nouveaux rameaux portant des fleurs.<br \/>\nSi cette taille de fleurs fan\u00e9es est b\u00e9n\u00e9fique \u00e0 bon nombre de plantes, il faut savoir que ce n&rsquo;est pas le cas pour les plantes \u00ab\u00e0 bulbes\u00bb ! Certes, la fleur peut \u00eatre coup\u00e9e apr\u00e8s la fanaison (ainsi, elle ne monte pas en graines) mais surtout il faut laisser le feuillage des bulbes jusqu&rsquo;\u00e0 qu&rsquo;il s\u00e8che naturellement. C&rsquo;est par l\u00e0 que le bulbe se reconstitue et grossit. Une fois s\u00e9ch\u00e9, on peut le supprimer.<br \/>\nEt si vous voulez appr\u00e9cier de plus pr\u00e8s, c&rsquo;est le moment de venir voir les jardiniers d&rsquo;Eyrignac \u00e0 l&rsquo;\u0153uvre, cueille-fleurs en main, ex\u00e9cuter habilement la coupe des roses fan\u00e9es du Jardin Blanc.<\/p>\n<p><em>Article publi\u00e9 dans Sud-Ouest Le Mag<\/em>[\/vc_column_text][vc_single_image image=\u00a0\u00bb2012&Prime;][\/vc_column][\/vc_row]<\/p>\n<\/div>","protected":false},"excerpt":{"rendered":"[vc_row][vc_column][vc_column_text]Toute personne poss\u00e9dant un jardin, des plantes, massifs, etc&#8230; aspire \u00e0 une floraison abondante mais surtout qui dure dans le temps. Les fleurs ont une dur\u00e9e de vie \u00e9ph\u00e9m\u00e8re et arrive ainsi la p\u00e9riode de fanaison. Ces fleurs fan\u00e9es peuvent avoir un c\u00f4t\u00e9 esth\u00e9tique int\u00e9ressant (des gramin\u00e9es scintillant avec le gel de l&rsquo;hiver par une&#8230; <a class=\"view-article\" href=\"https:\/\/www.eyrignac.com\/fr\/actualites\/coupe-de-fleurs-fanees-pour-une-floraison-continue\">Voir l&rsquo;article<\/a>","protected":false},"author":1,"featured_media":1382,"comment_status":"closed","ping_status":"open","sticky":false,"template":"","format":"standard","meta":{"_acf_changed":false,"footnotes":""},"categories":[5],"tags":[],"class_list":["post-2657","post","type-post","status-publish","format-standard","has-post-thumbnail","hentry","category-actualites"],"acf":[],"yoast_head":"<!-- This site is optimized with the Yoast SEO plugin v27.5 - https:\/\/yoast.com\/product\/yoast-seo-wordpress\/ -->\n<title>Coupe de fleurs fan\u00e9es pour une floraison continue - Eyrignac et ses jardins<\/title>\n<meta name=\"robots\" content=\"index, follow, max-snippet:-1, max-image-preview:large, max-video-preview:-1\" \/>\n<link rel=\"canonical\" href=\"https:\/\/www.eyrignac.com\/fr\/actualites\/coupe-de-fleurs-fanees-pour-une-floraison-continue\" \/>\n<meta property=\"og:locale\" content=\"fr_FR\" \/>\n<meta property=\"og:type\" content=\"article\" \/>\n<meta property=\"og:title\" content=\"Coupe de fleurs fan\u00e9es pour une floraison continue - Eyrignac et ses jardins\" \/>\n<meta property=\"og:description\" content=\"[vc_row][vc_column][vc_column_text]Toute personne poss\u00e9dant un jardin, des plantes, massifs, etc&#8230; aspire \u00e0 une floraison abondante mais surtout qui dure dans le temps. Les fleurs ont une dur\u00e9e de vie \u00e9ph\u00e9m\u00e8re et arrive ainsi la p\u00e9riode de fanaison. Ces fleurs fan\u00e9es peuvent avoir un c\u00f4t\u00e9 esth\u00e9tique int\u00e9ressant (des gramin\u00e9es scintillant avec le gel de l&rsquo;hiver par une... Voir l&#039;article\" \/>\n<meta property=\"og:url\" content=\"https:\/\/www.eyrignac.com\/fr\/actualites\/coupe-de-fleurs-fanees-pour-une-floraison-continue\" \/>\n<meta property=\"og:site_name\" content=\"Eyrignac et ses jardins\" \/>\n<meta property=\"article:publisher\" content=\"https:\/\/www.facebook.com\/JardinsEyrignac\/\" \/>\n<meta property=\"article:published_time\" content=\"2018-07-13T12:43:56+00:00\" \/>\n<meta property=\"article:modified_time\" content=\"2025-05-05T13:56:01+00:00\" \/>\n<meta property=\"og:image\" content=\"https:\/\/www.eyrignac.com\/wp-content\/uploads\/2018\/03\/eyrignac_fleurs_fanees_jardiniers.jpg\" \/>\n\t<meta property=\"og:image:width\" content=\"1500\" \/>\n\t<meta property=\"og:image:height\" content=\"1125\" \/>\n\t<meta property=\"og:image:type\" content=\"image\/jpeg\" \/>\n<meta name=\"author\" content=\"modifs\" \/>\n<meta name=\"twitter:card\" content=\"summary_large_image\" \/>\n<meta name=\"twitter:creator\" content=\"@eyrignac\" \/>\n<meta name=\"twitter:site\" content=\"@eyrignac\" \/>\n<meta name=\"twitter:label1\" content=\"\u00c9crit par\" \/>\n\t<meta name=\"twitter:data1\" content=\"modifs\" \/>\n\t<meta name=\"twitter:label2\" content=\"Dur\u00e9e de lecture estim\u00e9e\" \/>\n\t<meta name=\"twitter:data2\" content=\"2 minutes\" \/>\n<script type=\"application\/ld+json\" class=\"yoast-schema-graph\">{\"@context\":\"https:\\\/\\\/schema.org\",\"@graph\":[{\"@type\":\"Article\",\"@id\":\"https:\\\/\\\/www.eyrignac.com\\\/fr\\\/actualites\\\/coupe-de-fleurs-fanees-pour-une-floraison-continue#article\",\"isPartOf\":{\"@id\":\"https:\\\/\\\/www.eyrignac.com\\\/fr\\\/actualites\\\/coupe-de-fleurs-fanees-pour-une-floraison-continue\"},\"author\":{\"name\":\"modifs\",\"@id\":\"https:\\\/\\\/www.eyrignac.com\\\/fr\\\/#\\\/schema\\\/person\\\/6b23cb9e26d0d5fc9a6a178585528d02\"},\"headline\":\"Coupe de fleurs fan\u00e9es pour une floraison continue\",\"datePublished\":\"2018-07-13T12:43:56+00:00\",\"dateModified\":\"2025-05-05T13:56:01+00:00\",\"mainEntityOfPage\":{\"@id\":\"https:\\\/\\\/www.eyrignac.com\\\/fr\\\/actualites\\\/coupe-de-fleurs-fanees-pour-une-floraison-continue\"},\"wordCount\":521,\"publisher\":{\"@id\":\"https:\\\/\\\/www.eyrignac.com\\\/fr\\\/#organization\"},\"image\":{\"@id\":\"https:\\\/\\\/www.eyrignac.com\\\/fr\\\/actualites\\\/coupe-de-fleurs-fanees-pour-une-floraison-continue#primaryimage\"},\"thumbnailUrl\":\"https:\\\/\\\/www.eyrignac.com\\\/wp-content\\\/uploads\\\/2018\\\/03\\\/eyrignac_fleurs_fanees_jardiniers.jpg\",\"articleSection\":[\"Actualit\u00e9s\"],\"inLanguage\":\"fr-FR\"},{\"@type\":\"WebPage\",\"@id\":\"https:\\\/\\\/www.eyrignac.com\\\/fr\\\/actualites\\\/coupe-de-fleurs-fanees-pour-une-floraison-continue\",\"url\":\"https:\\\/\\\/www.eyrignac.com\\\/fr\\\/actualites\\\/coupe-de-fleurs-fanees-pour-une-floraison-continue\",\"name\":\"Coupe de fleurs fan\u00e9es pour une floraison continue - Eyrignac et ses jardins\",\"isPartOf\":{\"@id\":\"https:\\\/\\\/www.eyrignac.com\\\/fr\\\/#website\"},\"primaryImageOfPage\":{\"@id\":\"https:\\\/\\\/www.eyrignac.com\\\/fr\\\/actualites\\\/coupe-de-fleurs-fanees-pour-une-floraison-continue#primaryimage\"},\"image\":{\"@id\":\"https:\\\/\\\/www.eyrignac.com\\\/fr\\\/actualites\\\/coupe-de-fleurs-fanees-pour-une-floraison-continue#primaryimage\"},\"thumbnailUrl\":\"https:\\\/\\\/www.eyrignac.com\\\/wp-content\\\/uploads\\\/2018\\\/03\\\/eyrignac_fleurs_fanees_jardiniers.jpg\",\"datePublished\":\"2018-07-13T12:43:56+00:00\",\"dateModified\":\"2025-05-05T13:56:01+00:00\",\"breadcrumb\":{\"@id\":\"https:\\\/\\\/www.eyrignac.com\\\/fr\\\/actualites\\\/coupe-de-fleurs-fanees-pour-une-floraison-continue#breadcrumb\"},\"inLanguage\":\"fr-FR\",\"potentialAction\":[{\"@type\":\"ReadAction\",\"target\":[\"https:\\\/\\\/www.eyrignac.com\\\/fr\\\/actualites\\\/coupe-de-fleurs-fanees-pour-une-floraison-continue\"]}]},{\"@type\":\"ImageObject\",\"inLanguage\":\"fr-FR\",\"@id\":\"https:\\\/\\\/www.eyrignac.com\\\/fr\\\/actualites\\\/coupe-de-fleurs-fanees-pour-une-floraison-continue#primaryimage\",\"url\":\"https:\\\/\\\/www.eyrignac.com\\\/wp-content\\\/uploads\\\/2018\\\/03\\\/eyrignac_fleurs_fanees_jardiniers.jpg\",\"contentUrl\":\"https:\\\/\\\/www.eyrignac.com\\\/wp-content\\\/uploads\\\/2018\\\/03\\\/eyrignac_fleurs_fanees_jardiniers.jpg\",\"width\":1500,\"height\":1125,\"caption\":\"Travaux d'\u00e9t\u00e9 dans les Jardins d'Eyrignac\"},{\"@type\":\"BreadcrumbList\",\"@id\":\"https:\\\/\\\/www.eyrignac.com\\\/fr\\\/actualites\\\/coupe-de-fleurs-fanees-pour-une-floraison-continue#breadcrumb\",\"itemListElement\":[{\"@type\":\"ListItem\",\"position\":1,\"name\":\"Accueil\",\"item\":\"https:\\\/\\\/www.eyrignac.com\\\/fr\"},{\"@type\":\"ListItem\",\"position\":2,\"name\":\"Coupe de fleurs fan\u00e9es pour une floraison continue\"}]},{\"@type\":\"WebSite\",\"@id\":\"https:\\\/\\\/www.eyrignac.com\\\/fr\\\/#website\",\"url\":\"https:\\\/\\\/www.eyrignac.com\\\/fr\\\/\",\"name\":\"Eyrignac et ses jardins\",\"description\":\"Lieu de verdure unique en Dordogne\",\"publisher\":{\"@id\":\"https:\\\/\\\/www.eyrignac.com\\\/fr\\\/#organization\"},\"potentialAction\":[{\"@type\":\"SearchAction\",\"target\":{\"@type\":\"EntryPoint\",\"urlTemplate\":\"https:\\\/\\\/www.eyrignac.com\\\/fr\\\/?s={search_term_string}\"},\"query-input\":{\"@type\":\"PropertyValueSpecification\",\"valueRequired\":true,\"valueName\":\"search_term_string\"}}],\"inLanguage\":\"fr-FR\"},{\"@type\":\"Organization\",\"@id\":\"https:\\\/\\\/www.eyrignac.com\\\/fr\\\/#organization\",\"name\":\"Eyrignac\",\"url\":\"https:\\\/\\\/www.eyrignac.com\\\/fr\\\/\",\"logo\":{\"@type\":\"ImageObject\",\"inLanguage\":\"fr-FR\",\"@id\":\"https:\\\/\\\/www.eyrignac.com\\\/fr\\\/#\\\/schema\\\/logo\\\/image\\\/\",\"url\":\"https:\\\/\\\/www.eyrignac.com\\\/wp-content\\\/uploads\\\/2017\\\/12\\\/logo-eyrignac.png\",\"contentUrl\":\"https:\\\/\\\/www.eyrignac.com\\\/wp-content\\\/uploads\\\/2017\\\/12\\\/logo-eyrignac.png\",\"width\":500,\"height\":189,\"caption\":\"Eyrignac\"},\"image\":{\"@id\":\"https:\\\/\\\/www.eyrignac.com\\\/fr\\\/#\\\/schema\\\/logo\\\/image\\\/\"},\"sameAs\":[\"https:\\\/\\\/www.facebook.com\\\/JardinsEyrignac\\\/\",\"https:\\\/\\\/x.com\\\/eyrignac\",\"https:\\\/\\\/www.instagram.com\\\/eyrignac\\\/\",\"https:\\\/\\\/www.pinterest.fr\\\/eyrignac\\\/\",\"https:\\\/\\\/www.youtube.com\\\/channel\\\/UCjWc47ArIew83eRXXjaBowg\"]},{\"@type\":\"Person\",\"@id\":\"https:\\\/\\\/www.eyrignac.com\\\/fr\\\/#\\\/schema\\\/person\\\/6b23cb9e26d0d5fc9a6a178585528d02\",\"name\":\"modifs\"}]}<\/script>\n<!-- \/ Yoast SEO plugin. -->","yoast_head_json":{"title":"Coupe de fleurs fan\u00e9es pour une floraison continue - Eyrignac et ses jardins","robots":{"index":"index","follow":"follow","max-snippet":"max-snippet:-1","max-image-preview":"max-image-preview:large","max-video-preview":"max-video-preview:-1"},"canonical":"https:\/\/www.eyrignac.com\/fr\/actualites\/coupe-de-fleurs-fanees-pour-une-floraison-continue","og_locale":"fr_FR","og_type":"article","og_title":"Coupe de fleurs fan\u00e9es pour une floraison continue - Eyrignac et ses jardins","og_description":"[vc_row][vc_column][vc_column_text]Toute personne poss\u00e9dant un jardin, des plantes, massifs, etc&#8230; aspire \u00e0 une floraison abondante mais surtout qui dure dans le temps. Les fleurs ont une dur\u00e9e de vie \u00e9ph\u00e9m\u00e8re et arrive ainsi la p\u00e9riode de fanaison. Ces fleurs fan\u00e9es peuvent avoir un c\u00f4t\u00e9 esth\u00e9tique int\u00e9ressant (des gramin\u00e9es scintillant avec le gel de l&rsquo;hiver par une... Voir l'article","og_url":"https:\/\/www.eyrignac.com\/fr\/actualites\/coupe-de-fleurs-fanees-pour-une-floraison-continue","og_site_name":"Eyrignac et ses jardins","article_publisher":"https:\/\/www.facebook.com\/JardinsEyrignac\/","article_published_time":"2018-07-13T12:43:56+00:00","article_modified_time":"2025-05-05T13:56:01+00:00","og_image":[{"width":1500,"height":1125,"url":"https:\/\/www.eyrignac.com\/wp-content\/uploads\/2018\/03\/eyrignac_fleurs_fanees_jardiniers.jpg","type":"image\/jpeg"}],"author":"modifs","twitter_card":"summary_large_image","twitter_creator":"@eyrignac","twitter_site":"@eyrignac","twitter_misc":{"\u00c9crit par":"modifs","Dur\u00e9e de lecture estim\u00e9e":"2 minutes"},"schema":{"@context":"https:\/\/schema.org","@graph":[{"@type":"Article","@id":"https:\/\/www.eyrignac.com\/fr\/actualites\/coupe-de-fleurs-fanees-pour-une-floraison-continue#article","isPartOf":{"@id":"https:\/\/www.eyrignac.com\/fr\/actualites\/coupe-de-fleurs-fanees-pour-une-floraison-continue"},"author":{"name":"modifs","@id":"https:\/\/www.eyrignac.com\/fr\/#\/schema\/person\/6b23cb9e26d0d5fc9a6a178585528d02"},"headline":"Coupe de fleurs fan\u00e9es pour une floraison continue","datePublished":"2018-07-13T12:43:56+00:00","dateModified":"2025-05-05T13:56:01+00:00","mainEntityOfPage":{"@id":"https:\/\/www.eyrignac.com\/fr\/actualites\/coupe-de-fleurs-fanees-pour-une-floraison-continue"},"wordCount":521,"publisher":{"@id":"https:\/\/www.eyrignac.com\/fr\/#organization"},"image":{"@id":"https:\/\/www.eyrignac.com\/fr\/actualites\/coupe-de-fleurs-fanees-pour-une-floraison-continue#primaryimage"},"thumbnailUrl":"https:\/\/www.eyrignac.com\/wp-content\/uploads\/2018\/03\/eyrignac_fleurs_fanees_jardiniers.jpg","articleSection":["Actualit\u00e9s"],"inLanguage":"fr-FR"},{"@type":"WebPage","@id":"https:\/\/www.eyrignac.com\/fr\/actualites\/coupe-de-fleurs-fanees-pour-une-floraison-continue","url":"https:\/\/www.eyrignac.com\/fr\/actualites\/coupe-de-fleurs-fanees-pour-une-floraison-continue","name":"Coupe de fleurs fan\u00e9es pour une floraison continue - Eyrignac et ses jardins","isPartOf":{"@id":"https:\/\/www.eyrignac.com\/fr\/#website"},"primaryImageOfPage":{"@id":"https:\/\/www.eyrignac.com\/fr\/actualites\/coupe-de-fleurs-fanees-pour-une-floraison-continue#primaryimage"},"image":{"@id":"https:\/\/www.eyrignac.com\/fr\/actualites\/coupe-de-fleurs-fanees-pour-une-floraison-continue#primaryimage"},"thumbnailUrl":"https:\/\/www.eyrignac.com\/wp-content\/uploads\/2018\/03\/eyrignac_fleurs_fanees_jardiniers.jpg","datePublished":"2018-07-13T12:43:56+00:00","dateModified":"2025-05-05T13:56:01+00:00","breadcrumb":{"@id":"https:\/\/www.eyrignac.com\/fr\/actualites\/coupe-de-fleurs-fanees-pour-une-floraison-continue#breadcrumb"},"inLanguage":"fr-FR","potentialAction":[{"@type":"ReadAction","target":["https:\/\/www.eyrignac.com\/fr\/actualites\/coupe-de-fleurs-fanees-pour-une-floraison-continue"]}]},{"@type":"ImageObject","inLanguage":"fr-FR","@id":"https:\/\/www.eyrignac.com\/fr\/actualites\/coupe-de-fleurs-fanees-pour-une-floraison-continue#primaryimage","url":"https:\/\/www.eyrignac.com\/wp-content\/uploads\/2018\/03\/eyrignac_fleurs_fanees_jardiniers.jpg","contentUrl":"https:\/\/www.eyrignac.com\/wp-content\/uploads\/2018\/03\/eyrignac_fleurs_fanees_jardiniers.jpg","width":1500,"height":1125,"caption":"Travaux d'\u00e9t\u00e9 dans les Jardins d'Eyrignac"},{"@type":"BreadcrumbList","@id":"https:\/\/www.eyrignac.com\/fr\/actualites\/coupe-de-fleurs-fanees-pour-une-floraison-continue#breadcrumb","itemListElement":[{"@type":"ListItem","position":1,"name":"Accueil","item":"https:\/\/www.eyrignac.com\/fr"},{"@type":"ListItem","position":2,"name":"Coupe de fleurs fan\u00e9es pour une floraison continue"}]},{"@type":"WebSite","@id":"https:\/\/www.eyrignac.com\/fr\/#website","url":"https:\/\/www.eyrignac.com\/fr\/","name":"Eyrignac et ses jardins","description":"Lieu de verdure unique en Dordogne","publisher":{"@id":"https:\/\/www.eyrignac.com\/fr\/#organization"},"potentialAction":[{"@type":"SearchAction","target":{"@type":"EntryPoint","urlTemplate":"https:\/\/www.eyrignac.com\/fr\/?s={search_term_string}"},"query-input":{"@type":"PropertyValueSpecification","valueRequired":true,"valueName":"search_term_string"}}],"inLanguage":"fr-FR"},{"@type":"Organization","@id":"https:\/\/www.eyrignac.com\/fr\/#organization","name":"Eyrignac","url":"https:\/\/www.eyrignac.com\/fr\/","logo":{"@type":"ImageObject","inLanguage":"fr-FR","@id":"https:\/\/www.eyrignac.com\/fr\/#\/schema\/logo\/image\/","url":"https:\/\/www.eyrignac.com\/wp-content\/uploads\/2017\/12\/logo-eyrignac.png","contentUrl":"https:\/\/www.eyrignac.com\/wp-content\/uploads\/2017\/12\/logo-eyrignac.png","width":500,"height":189,"caption":"Eyrignac"},"image":{"@id":"https:\/\/www.eyrignac.com\/fr\/#\/schema\/logo\/image\/"},"sameAs":["https:\/\/www.facebook.com\/JardinsEyrignac\/","https:\/\/x.com\/eyrignac","https:\/\/www.instagram.com\/eyrignac\/","https:\/\/www.pinterest.fr\/eyrignac\/","https:\/\/www.youtube.com\/channel\/UCjWc47ArIew83eRXXjaBowg"]},{"@type":"Person","@id":"https:\/\/www.eyrignac.com\/fr\/#\/schema\/person\/6b23cb9e26d0d5fc9a6a178585528d02","name":"modifs"}]}},"_links":{"self":[{"href":"https:\/\/www.eyrignac.com\/fr\/wp-json\/wp\/v2\/posts\/2657","targetHints":{"allow":["GET"]}}],"collection":[{"href":"https:\/\/www.eyrignac.com\/fr\/wp-json\/wp\/v2\/posts"}],"about":[{"href":"https:\/\/www.eyrignac.com\/fr\/wp-json\/wp\/v2\/types\/post"}],"author":[{"embeddable":true,"href":"https:\/\/www.eyrignac.com\/fr\/wp-json\/wp\/v2\/users\/1"}],"replies":[{"embeddable":true,"href":"https:\/\/www.eyrignac.com\/fr\/wp-json\/wp\/v2\/comments?post=2657"}],"version-history":[{"count":0,"href":"https:\/\/www.eyrignac.com\/fr\/wp-json\/wp\/v2\/posts\/2657\/revisions"}],"wp:featuredmedia":[{"embeddable":true,"href":"https:\/\/www.eyrignac.com\/fr\/wp-json\/wp\/v2\/media\/1382"}],"wp:attachment":[{"href":"https:\/\/www.eyrignac.com\/fr\/wp-json\/wp\/v2\/media?parent=2657"}],"wp:term":[{"taxonomy":"category","embeddable":true,"href":"https:\/\/www.eyrignac.com\/fr\/wp-json\/wp\/v2\/categories?post=2657"},{"taxonomy":"post_tag","embeddable":true,"href":"https:\/\/www.eyrignac.com\/fr\/wp-json\/wp\/v2\/tags?post=2657"}],"curies":[{"name":"wp","href":"https:\/\/api.w.org\/{rel}","templated":true}]}}