{"id":2011,"date":"2018-06-12T16:44:41","date_gmt":"2018-06-12T14:44:41","guid":{"rendered":"https:\/\/www.eyrignac.com\/?p=2011"},"modified":"2024-08-20T10:25:20","modified_gmt":"2024-08-20T08:25:20","slug":"entretien-des-gazons-au-printemps","status":"publish","type":"post","link":"https:\/\/www.eyrignac.com\/fr\/actualites\/entretien-des-gazons-au-printemps","title":{"rendered":"Entretien des Gazons au Printemps"},"content":{"rendered":"<div class=\"wpb-content-wrapper\"><p>[vc_row][vc_column][vc_column_text]<strong>Nos gazons sont l&rsquo;\u00e9crin d&rsquo;Eyrignac et pour cela, pas de miracle mais un secret !<\/strong>[\/vc_column_text][vc_column_text]Rien de plus primordial dans un jardin que de beaux gazons pour le mettre en valeur et sublimer ce qu&rsquo;il est. Pour autant, tout se m\u00e9rite et voici quelques recommandations qui devraient contribuer \u00e0 sa r\u00e9ussite.<br \/>\nProfitant de l&rsquo;accalmie hivernale, nous faisons analyser le sol d&rsquo;Eyrignac (environ tous les cinq ans), car pas de beau gazon sans conna\u00eetre son terrain. Sableux ou argileux, sec ou humide, calcaire ou acide ?&#8230; Les r\u00e9sultats obtenus nous permettent de mieux le soigner. C&rsquo;est un \u00eatre vivant qui grouille de vie (vers, champignons, insectes, bact\u00e9ries&#8230;).<\/p>\n<p>Le travail peut alors commencer :<br \/>\n<strong>D\u00e9compactage<\/strong> des zones tass\u00e9es \u00e0 la fourche b\u00eache ou \u00e0 la \u00ab grelinette \u00bb, sur 25 cm. Apport, selon les besoins, de mati\u00e8re organique, sable siliceux ou argile et rajout de quelques graines sur les zones d\u00e9garnies.<br \/>\nLa scarification est plut\u00f4t \u00e0 \u00e9viter au printemps, \u00e0 cause du risque de lev\u00e9e des \u00ab herbes sauvages \u00bb.<\/p>\n<p>Premi\u00e8re tonte vers fin Mars : une fois cette reprise engag\u00e9e, c&rsquo;est parti pour l&rsquo;ann\u00e9e et \u00e0 Eyrignac, c&rsquo;est <strong>plus de trente tontes par an<\/strong> soit une fois par semaine. Tondez plut\u00f4t haut que trop bas. On peut rouler avant ou apr\u00e8s ce qui permettra \u00e0 la pelouse de \u00ab taller \u00bb, de se densifier.<br \/>\n<strong>\u00ab Mulching \u00bb interdit<\/strong> : toutes nos tontes sont syst\u00e9matiquement ramass\u00e9es et compost\u00e9es, durant trois ann\u00e9es, produisant un excellent terreau, b\u00e9n\u00e9fique au jardin.<\/p>\n<p>Le gazon doit \u00eatre propre, exempt d&rsquo;adventices, mais que \u00e7a ne devienne pas une psychose ! Si l&#8217;emploi d&rsquo;un d\u00e9sherbant s\u00e9lectif peut-\u00eatre n\u00e9cessaire au d\u00e9but, des traitements ponctuels et r\u00e9guliers suffiront dans le temps. Le travail manuel est aussi tr\u00e8s efficace s&rsquo;il est fait un peu chaque jour ! <strong>Sachez \u00eatre tol\u00e9rant<\/strong> si quelques \u00ab ind\u00e9sirables \u00bb ont r\u00e9ussi \u00e0 s&rsquo;installer. Surtout, ne vous laissez pas d\u00e9border.<\/p>\n<p><strong>De belles bordures sont indispensables<\/strong>, elles feront la diff\u00e9rence en saison. Nous les coupons \u00e0 la b\u00eache en Mars puis au ciseau tous les mois. Heureusement, il n&rsquo;y en a que sept kilom\u00e8tres !&#8230;<\/p>\n<p>Le gazon est gourmand et les analyses permettront de d\u00e9finir ses besoins nutritifs. Nous utilisons les fertilisants avec parcimonie et privil\u00e9gions les <strong>engrais organiques biologiques.<\/strong><\/p>\n<p>Pour l&rsquo;arrosage il doit \u00eatre r\u00e9gulier, le soir. Sol frais mais pas d\u00e9tremp\u00e9. Si tout est automatis\u00e9, c&rsquo;est encore mieux &#8230; \u00e0 Eyrignac, cela nous laisse du temps pour les d\u00e9coupes de bordures.<\/p>\n<p>Ah oui, j&rsquo;oubliais le \u00ab secret \u00bb : Passion, Patience, Pers\u00e9v\u00e9rance, Excellence et R\u00e9gularit\u00e9&#8230;<\/p>\n<p>Bon courage.<\/p>\n<p>&nbsp;<\/p>\n<p><em>Article paru dans \u00ab\u00a0Sud-Ouest Le Mag\u00a0\u00bb<\/em>[\/vc_column_text][\/vc_column][\/vc_row][vc_row][vc_column][vc_single_image image=\u00a0\u00bb2012&Prime;][\/vc_column][\/vc_row][vc_row][vc_column]<div class=\"carousel-slider-outer carousel-slider-outer-image-carousel carousel-slider-outer-2052\" style=\"--carousel-slider-nav-color:#f1f1f1;--carousel-slider-active-nav-color:#00d1b2;--carousel-slider-arrow-size:48px;--carousel-slider-bullet-size:10px\">\n<div id=\"&#039;id-2052\" class=\"carousel-slider carousel-slider-2052 arrows-visibility-hover dots-visibility-never arrows-outside dots-center dots-square owl-carousel\" data-slide-type=\"image-carousel\" data-owl-settings='{\"nav\":true,\"dots\":false,\"slideBy\":1,\"stagePadding\":0,\"margin\":10,\"loop\":true,\"lazyLoad\":false,\"autoplay\":true,\"autoplayTimeout\":5000,\"autoplaySpeed\":500,\"autoplayHoverPause\":true,\"autoWidth\":false,\"responsive\":{\"300\":{\"items\":1},\"576\":{\"items\":2},\"768\":{\"items\":2},\"1024\":{\"items\":3},\"1280\":{\"items\":4},\"1536\":{\"items\":5}}}'>\n<div class=\"carousel-slider__item\">\n\t<a class=\"magnific-popup\" href=\"https:\/\/www.eyrignac.com\/wp-content\/uploads\/2018\/06\/eyrignac_entretien_gazons_sudouest.jpg\" data-width=\"800\" data-height=\"600\"><img decoding=\"async\" width=\"350\" height=\"250\" src=\"https:\/\/www.eyrignac.com\/wp-content\/uploads\/2018\/06\/eyrignac_entretien_gazons_sudouest-350x250.jpg\" class=\"attachment-medium size-medium\" alt=\"Entretien des Gazons\" \/><\/a><\/div>\n\n<div class=\"carousel-slider__item\">\n\t<a class=\"magnific-popup\" href=\"https:\/\/www.eyrignac.com\/wp-content\/uploads\/2018\/06\/eyrignac_entretien_gazons_sudouest1.jpg\" data-width=\"800\" data-height=\"1067\"><img decoding=\"async\" width=\"350\" height=\"250\" src=\"https:\/\/www.eyrignac.com\/wp-content\/uploads\/2018\/06\/eyrignac_entretien_gazons_sudouest1-350x250.jpg\" class=\"attachment-medium size-medium\" alt=\"Entretien des Gazons\" \/><\/a><\/div>\n\n<div class=\"carousel-slider__item\">\n\t<a class=\"magnific-popup\" href=\"https:\/\/www.eyrignac.com\/wp-content\/uploads\/2018\/06\/eyrignac_entretien_gazons_sudouest2.jpg\" data-width=\"800\" data-height=\"600\"><img decoding=\"async\" width=\"350\" height=\"250\" src=\"https:\/\/www.eyrignac.com\/wp-content\/uploads\/2018\/06\/eyrignac_entretien_gazons_sudouest2-350x250.jpg\" class=\"attachment-medium size-medium\" alt=\"Entretien des Gazons\" \/><\/a><\/div>\n\n<div class=\"carousel-slider__item\">\n\t<a class=\"magnific-popup\" href=\"https:\/\/www.eyrignac.com\/wp-content\/uploads\/2018\/06\/eyrignac_entretien_gazons_sudouest3.jpg\" data-width=\"800\" data-height=\"600\"><img decoding=\"async\" width=\"350\" height=\"250\" src=\"https:\/\/www.eyrignac.com\/wp-content\/uploads\/2018\/06\/eyrignac_entretien_gazons_sudouest3-350x250.jpg\" class=\"attachment-medium size-medium\" alt=\"Entretien des Gazons\" \/><\/a><\/div>\n\n<\/div><!-- .carousel-slider-2052 -->\n<\/div><!-- .carousel-slider-outer-2052 -->\n[\/vc_column][\/vc_row]<\/p>\n<\/div>","protected":false},"excerpt":{"rendered":"Rien de plus primordial dans un jardin que de beaux gazons pour le mettre en valeur et sublimer ce qu&rsquo;il est. Voici quelques recommandations qui devraient contribuer \u00e0 sa r\u00e9ussite.","protected":false},"author":8,"featured_media":1428,"comment_status":"closed","ping_status":"open","sticky":false,"template":"","format":"standard","meta":{"_acf_changed":false,"footnotes":""},"categories":[5],"tags":[],"class_list":["post-2011","post","type-post","status-publish","format-standard","has-post-thumbnail","hentry","category-actualites"],"acf":[],"yoast_head":"<!-- This site is optimized with the Yoast SEO plugin v27.5 - https:\/\/yoast.com\/product\/yoast-seo-wordpress\/ -->\n<title>Les conseils jardinage d&#039;Eyrignac : Entretien des Gazons au Printemps<\/title>\n<meta name=\"description\" content=\"Nos gazons sont l&#039;\u00e9crin d&#039;Eyrignac et pour cela, pas de miracle mais un secret !... Rien de plus primordial dans un jardin que de beaux gazons pour le mettr\" \/>\n<meta name=\"robots\" content=\"index, follow, max-snippet:-1, max-image-preview:large, max-video-preview:-1\" \/>\n<link rel=\"canonical\" href=\"https:\/\/www.eyrignac.com\/fr\/actualites\/entretien-des-gazons-au-printemps\" \/>\n<meta property=\"og:locale\" content=\"fr_FR\" \/>\n<meta property=\"og:type\" content=\"article\" \/>\n<meta property=\"og:title\" content=\"Les conseils jardinage d&#039;Eyrignac : Entretien des Gazons au Printemps\" \/>\n<meta property=\"og:description\" content=\"Nos gazons sont l&#039;\u00e9crin d&#039;Eyrignac et pour cela, pas de miracle mais un secret !... Rien de plus primordial dans un jardin que de beaux gazons pour le mettr\" \/>\n<meta property=\"og:url\" content=\"https:\/\/www.eyrignac.com\/fr\/actualites\/entretien-des-gazons-au-printemps\" \/>\n<meta property=\"og:site_name\" content=\"Eyrignac et ses jardins\" \/>\n<meta property=\"article:publisher\" content=\"https:\/\/www.facebook.com\/JardinsEyrignac\/\" \/>\n<meta property=\"article:published_time\" content=\"2018-06-12T14:44:41+00:00\" \/>\n<meta property=\"article:modified_time\" content=\"2024-08-20T08:25:20+00:00\" \/>\n<meta property=\"og:image\" content=\"https:\/\/www.eyrignac.com\/wp-content\/uploads\/2018\/04\/eyrignac_parterre_manoir_\u00aeJeromeMorel.jpg\" \/>\n\t<meta property=\"og:image:width\" content=\"800\" \/>\n\t<meta property=\"og:image:height\" content=\"533\" \/>\n\t<meta property=\"og:image:type\" content=\"image\/jpeg\" \/>\n<meta name=\"author\" content=\"C\u00e9cile Engelen\" \/>\n<meta name=\"twitter:card\" content=\"summary_large_image\" \/>\n<meta name=\"twitter:creator\" content=\"@eyrignac\" \/>\n<meta name=\"twitter:site\" content=\"@eyrignac\" \/>\n<meta name=\"twitter:label1\" content=\"\u00c9crit par\" \/>\n\t<meta name=\"twitter:data1\" content=\"C\u00e9cile Engelen\" \/>\n\t<meta name=\"twitter:label2\" content=\"Dur\u00e9e de lecture estim\u00e9e\" \/>\n\t<meta name=\"twitter:data2\" content=\"2 minutes\" \/>\n<script type=\"application\/ld+json\" class=\"yoast-schema-graph\">{\"@context\":\"https:\\\/\\\/schema.org\",\"@graph\":[{\"@type\":\"Article\",\"@id\":\"https:\\\/\\\/www.eyrignac.com\\\/fr\\\/actualites\\\/entretien-des-gazons-au-printemps#article\",\"isPartOf\":{\"@id\":\"https:\\\/\\\/www.eyrignac.com\\\/fr\\\/actualites\\\/entretien-des-gazons-au-printemps\"},\"author\":{\"name\":\"C\u00e9cile Engelen\",\"@id\":\"https:\\\/\\\/www.eyrignac.com\\\/fr\\\/#\\\/schema\\\/person\\\/b4e5794153fc497d1d8f02101a4c82be\"},\"headline\":\"Entretien des Gazons au Printemps\",\"datePublished\":\"2018-06-12T14:44:41+00:00\",\"dateModified\":\"2024-08-20T08:25:20+00:00\",\"mainEntityOfPage\":{\"@id\":\"https:\\\/\\\/www.eyrignac.com\\\/fr\\\/actualites\\\/entretien-des-gazons-au-printemps\"},\"wordCount\":506,\"publisher\":{\"@id\":\"https:\\\/\\\/www.eyrignac.com\\\/fr\\\/#organization\"},\"image\":{\"@id\":\"https:\\\/\\\/www.eyrignac.com\\\/fr\\\/actualites\\\/entretien-des-gazons-au-printemps#primaryimage\"},\"thumbnailUrl\":\"https:\\\/\\\/www.eyrignac.com\\\/wp-content\\\/uploads\\\/2018\\\/04\\\/eyrignac_parterre_manoir_\u00aeJeromeMorel.jpg\",\"articleSection\":[\"Actualit\u00e9s\"],\"inLanguage\":\"fr-FR\"},{\"@type\":\"WebPage\",\"@id\":\"https:\\\/\\\/www.eyrignac.com\\\/fr\\\/actualites\\\/entretien-des-gazons-au-printemps\",\"url\":\"https:\\\/\\\/www.eyrignac.com\\\/fr\\\/actualites\\\/entretien-des-gazons-au-printemps\",\"name\":\"Les conseils jardinage d'Eyrignac : Entretien des Gazons au Printemps\",\"isPartOf\":{\"@id\":\"https:\\\/\\\/www.eyrignac.com\\\/fr\\\/#website\"},\"primaryImageOfPage\":{\"@id\":\"https:\\\/\\\/www.eyrignac.com\\\/fr\\\/actualites\\\/entretien-des-gazons-au-printemps#primaryimage\"},\"image\":{\"@id\":\"https:\\\/\\\/www.eyrignac.com\\\/fr\\\/actualites\\\/entretien-des-gazons-au-printemps#primaryimage\"},\"thumbnailUrl\":\"https:\\\/\\\/www.eyrignac.com\\\/wp-content\\\/uploads\\\/2018\\\/04\\\/eyrignac_parterre_manoir_\u00aeJeromeMorel.jpg\",\"datePublished\":\"2018-06-12T14:44:41+00:00\",\"dateModified\":\"2024-08-20T08:25:20+00:00\",\"description\":\"Nos gazons sont l'\u00e9crin d'Eyrignac et pour cela, pas de miracle mais un secret !... Rien de plus primordial dans un jardin que de beaux gazons pour le mettr\",\"breadcrumb\":{\"@id\":\"https:\\\/\\\/www.eyrignac.com\\\/fr\\\/actualites\\\/entretien-des-gazons-au-printemps#breadcrumb\"},\"inLanguage\":\"fr-FR\",\"potentialAction\":[{\"@type\":\"ReadAction\",\"target\":[\"https:\\\/\\\/www.eyrignac.com\\\/fr\\\/actualites\\\/entretien-des-gazons-au-printemps\"]}]},{\"@type\":\"ImageObject\",\"inLanguage\":\"fr-FR\",\"@id\":\"https:\\\/\\\/www.eyrignac.com\\\/fr\\\/actualites\\\/entretien-des-gazons-au-printemps#primaryimage\",\"url\":\"https:\\\/\\\/www.eyrignac.com\\\/wp-content\\\/uploads\\\/2018\\\/04\\\/eyrignac_parterre_manoir_\u00aeJeromeMorel.jpg\",\"contentUrl\":\"https:\\\/\\\/www.eyrignac.com\\\/wp-content\\\/uploads\\\/2018\\\/04\\\/eyrignac_parterre_manoir_\u00aeJeromeMorel.jpg\",\"width\":800,\"height\":533,\"caption\":\"Le Manoir d'Artaban \u00aeJ\u00e9rome Morel\"},{\"@type\":\"BreadcrumbList\",\"@id\":\"https:\\\/\\\/www.eyrignac.com\\\/fr\\\/actualites\\\/entretien-des-gazons-au-printemps#breadcrumb\",\"itemListElement\":[{\"@type\":\"ListItem\",\"position\":1,\"name\":\"Accueil\",\"item\":\"https:\\\/\\\/www.eyrignac.com\\\/fr\"},{\"@type\":\"ListItem\",\"position\":2,\"name\":\"Entretien des Gazons au Printemps\"}]},{\"@type\":\"WebSite\",\"@id\":\"https:\\\/\\\/www.eyrignac.com\\\/fr\\\/#website\",\"url\":\"https:\\\/\\\/www.eyrignac.com\\\/fr\\\/\",\"name\":\"Eyrignac et ses jardins\",\"description\":\"Lieu de verdure unique en Dordogne\",\"publisher\":{\"@id\":\"https:\\\/\\\/www.eyrignac.com\\\/fr\\\/#organization\"},\"potentialAction\":[{\"@type\":\"SearchAction\",\"target\":{\"@type\":\"EntryPoint\",\"urlTemplate\":\"https:\\\/\\\/www.eyrignac.com\\\/fr\\\/?s={search_term_string}\"},\"query-input\":{\"@type\":\"PropertyValueSpecification\",\"valueRequired\":true,\"valueName\":\"search_term_string\"}}],\"inLanguage\":\"fr-FR\"},{\"@type\":\"Organization\",\"@id\":\"https:\\\/\\\/www.eyrignac.com\\\/fr\\\/#organization\",\"name\":\"Eyrignac\",\"url\":\"https:\\\/\\\/www.eyrignac.com\\\/fr\\\/\",\"logo\":{\"@type\":\"ImageObject\",\"inLanguage\":\"fr-FR\",\"@id\":\"https:\\\/\\\/www.eyrignac.com\\\/fr\\\/#\\\/schema\\\/logo\\\/image\\\/\",\"url\":\"https:\\\/\\\/www.eyrignac.com\\\/wp-content\\\/uploads\\\/2017\\\/12\\\/logo-eyrignac.png\",\"contentUrl\":\"https:\\\/\\\/www.eyrignac.com\\\/wp-content\\\/uploads\\\/2017\\\/12\\\/logo-eyrignac.png\",\"width\":500,\"height\":189,\"caption\":\"Eyrignac\"},\"image\":{\"@id\":\"https:\\\/\\\/www.eyrignac.com\\\/fr\\\/#\\\/schema\\\/logo\\\/image\\\/\"},\"sameAs\":[\"https:\\\/\\\/www.facebook.com\\\/JardinsEyrignac\\\/\",\"https:\\\/\\\/x.com\\\/eyrignac\",\"https:\\\/\\\/www.instagram.com\\\/eyrignac\\\/\",\"https:\\\/\\\/www.pinterest.fr\\\/eyrignac\\\/\",\"https:\\\/\\\/www.youtube.com\\\/channel\\\/UCjWc47ArIew83eRXXjaBowg\"]},{\"@type\":\"Person\",\"@id\":\"https:\\\/\\\/www.eyrignac.com\\\/fr\\\/#\\\/schema\\\/person\\\/b4e5794153fc497d1d8f02101a4c82be\",\"name\":\"C\u00e9cile Engelen\"}]}<\/script>\n<!-- \/ Yoast SEO plugin. -->","yoast_head_json":{"title":"Les conseils jardinage d'Eyrignac : Entretien des Gazons au Printemps","description":"Nos gazons sont l'\u00e9crin d'Eyrignac et pour cela, pas de miracle mais un secret !... Rien de plus primordial dans un jardin que de beaux gazons pour le mettr","robots":{"index":"index","follow":"follow","max-snippet":"max-snippet:-1","max-image-preview":"max-image-preview:large","max-video-preview":"max-video-preview:-1"},"canonical":"https:\/\/www.eyrignac.com\/fr\/actualites\/entretien-des-gazons-au-printemps","og_locale":"fr_FR","og_type":"article","og_title":"Les conseils jardinage d'Eyrignac : Entretien des Gazons au Printemps","og_description":"Nos gazons sont l'\u00e9crin d'Eyrignac et pour cela, pas de miracle mais un secret !... Rien de plus primordial dans un jardin que de beaux gazons pour le mettr","og_url":"https:\/\/www.eyrignac.com\/fr\/actualites\/entretien-des-gazons-au-printemps","og_site_name":"Eyrignac et ses jardins","article_publisher":"https:\/\/www.facebook.com\/JardinsEyrignac\/","article_published_time":"2018-06-12T14:44:41+00:00","article_modified_time":"2024-08-20T08:25:20+00:00","og_image":[{"width":800,"height":533,"url":"https:\/\/www.eyrignac.com\/wp-content\/uploads\/2018\/04\/eyrignac_parterre_manoir_\u00aeJeromeMorel.jpg","type":"image\/jpeg"}],"author":"C\u00e9cile Engelen","twitter_card":"summary_large_image","twitter_creator":"@eyrignac","twitter_site":"@eyrignac","twitter_misc":{"\u00c9crit par":"C\u00e9cile Engelen","Dur\u00e9e de lecture estim\u00e9e":"2 minutes"},"schema":{"@context":"https:\/\/schema.org","@graph":[{"@type":"Article","@id":"https:\/\/www.eyrignac.com\/fr\/actualites\/entretien-des-gazons-au-printemps#article","isPartOf":{"@id":"https:\/\/www.eyrignac.com\/fr\/actualites\/entretien-des-gazons-au-printemps"},"author":{"name":"C\u00e9cile Engelen","@id":"https:\/\/www.eyrignac.com\/fr\/#\/schema\/person\/b4e5794153fc497d1d8f02101a4c82be"},"headline":"Entretien des Gazons au Printemps","datePublished":"2018-06-12T14:44:41+00:00","dateModified":"2024-08-20T08:25:20+00:00","mainEntityOfPage":{"@id":"https:\/\/www.eyrignac.com\/fr\/actualites\/entretien-des-gazons-au-printemps"},"wordCount":506,"publisher":{"@id":"https:\/\/www.eyrignac.com\/fr\/#organization"},"image":{"@id":"https:\/\/www.eyrignac.com\/fr\/actualites\/entretien-des-gazons-au-printemps#primaryimage"},"thumbnailUrl":"https:\/\/www.eyrignac.com\/wp-content\/uploads\/2018\/04\/eyrignac_parterre_manoir_\u00aeJeromeMorel.jpg","articleSection":["Actualit\u00e9s"],"inLanguage":"fr-FR"},{"@type":"WebPage","@id":"https:\/\/www.eyrignac.com\/fr\/actualites\/entretien-des-gazons-au-printemps","url":"https:\/\/www.eyrignac.com\/fr\/actualites\/entretien-des-gazons-au-printemps","name":"Les conseils jardinage d'Eyrignac : Entretien des Gazons au Printemps","isPartOf":{"@id":"https:\/\/www.eyrignac.com\/fr\/#website"},"primaryImageOfPage":{"@id":"https:\/\/www.eyrignac.com\/fr\/actualites\/entretien-des-gazons-au-printemps#primaryimage"},"image":{"@id":"https:\/\/www.eyrignac.com\/fr\/actualites\/entretien-des-gazons-au-printemps#primaryimage"},"thumbnailUrl":"https:\/\/www.eyrignac.com\/wp-content\/uploads\/2018\/04\/eyrignac_parterre_manoir_\u00aeJeromeMorel.jpg","datePublished":"2018-06-12T14:44:41+00:00","dateModified":"2024-08-20T08:25:20+00:00","description":"Nos gazons sont l'\u00e9crin d'Eyrignac et pour cela, pas de miracle mais un secret !... Rien de plus primordial dans un jardin que de beaux gazons pour le mettr","breadcrumb":{"@id":"https:\/\/www.eyrignac.com\/fr\/actualites\/entretien-des-gazons-au-printemps#breadcrumb"},"inLanguage":"fr-FR","potentialAction":[{"@type":"ReadAction","target":["https:\/\/www.eyrignac.com\/fr\/actualites\/entretien-des-gazons-au-printemps"]}]},{"@type":"ImageObject","inLanguage":"fr-FR","@id":"https:\/\/www.eyrignac.com\/fr\/actualites\/entretien-des-gazons-au-printemps#primaryimage","url":"https:\/\/www.eyrignac.com\/wp-content\/uploads\/2018\/04\/eyrignac_parterre_manoir_\u00aeJeromeMorel.jpg","contentUrl":"https:\/\/www.eyrignac.com\/wp-content\/uploads\/2018\/04\/eyrignac_parterre_manoir_\u00aeJeromeMorel.jpg","width":800,"height":533,"caption":"Le Manoir d'Artaban \u00aeJ\u00e9rome Morel"},{"@type":"BreadcrumbList","@id":"https:\/\/www.eyrignac.com\/fr\/actualites\/entretien-des-gazons-au-printemps#breadcrumb","itemListElement":[{"@type":"ListItem","position":1,"name":"Accueil","item":"https:\/\/www.eyrignac.com\/fr"},{"@type":"ListItem","position":2,"name":"Entretien des Gazons au Printemps"}]},{"@type":"WebSite","@id":"https:\/\/www.eyrignac.com\/fr\/#website","url":"https:\/\/www.eyrignac.com\/fr\/","name":"Eyrignac et ses jardins","description":"Lieu de verdure unique en Dordogne","publisher":{"@id":"https:\/\/www.eyrignac.com\/fr\/#organization"},"potentialAction":[{"@type":"SearchAction","target":{"@type":"EntryPoint","urlTemplate":"https:\/\/www.eyrignac.com\/fr\/?s={search_term_string}"},"query-input":{"@type":"PropertyValueSpecification","valueRequired":true,"valueName":"search_term_string"}}],"inLanguage":"fr-FR"},{"@type":"Organization","@id":"https:\/\/www.eyrignac.com\/fr\/#organization","name":"Eyrignac","url":"https:\/\/www.eyrignac.com\/fr\/","logo":{"@type":"ImageObject","inLanguage":"fr-FR","@id":"https:\/\/www.eyrignac.com\/fr\/#\/schema\/logo\/image\/","url":"https:\/\/www.eyrignac.com\/wp-content\/uploads\/2017\/12\/logo-eyrignac.png","contentUrl":"https:\/\/www.eyrignac.com\/wp-content\/uploads\/2017\/12\/logo-eyrignac.png","width":500,"height":189,"caption":"Eyrignac"},"image":{"@id":"https:\/\/www.eyrignac.com\/fr\/#\/schema\/logo\/image\/"},"sameAs":["https:\/\/www.facebook.com\/JardinsEyrignac\/","https:\/\/x.com\/eyrignac","https:\/\/www.instagram.com\/eyrignac\/","https:\/\/www.pinterest.fr\/eyrignac\/","https:\/\/www.youtube.com\/channel\/UCjWc47ArIew83eRXXjaBowg"]},{"@type":"Person","@id":"https:\/\/www.eyrignac.com\/fr\/#\/schema\/person\/b4e5794153fc497d1d8f02101a4c82be","name":"C\u00e9cile Engelen"}]}},"_links":{"self":[{"href":"https:\/\/www.eyrignac.com\/fr\/wp-json\/wp\/v2\/posts\/2011","targetHints":{"allow":["GET"]}}],"collection":[{"href":"https:\/\/www.eyrignac.com\/fr\/wp-json\/wp\/v2\/posts"}],"about":[{"href":"https:\/\/www.eyrignac.com\/fr\/wp-json\/wp\/v2\/types\/post"}],"author":[{"embeddable":true,"href":"https:\/\/www.eyrignac.com\/fr\/wp-json\/wp\/v2\/users\/8"}],"replies":[{"embeddable":true,"href":"https:\/\/www.eyrignac.com\/fr\/wp-json\/wp\/v2\/comments?post=2011"}],"version-history":[{"count":0,"href":"https:\/\/www.eyrignac.com\/fr\/wp-json\/wp\/v2\/posts\/2011\/revisions"}],"wp:featuredmedia":[{"embeddable":true,"href":"https:\/\/www.eyrignac.com\/fr\/wp-json\/wp\/v2\/media\/1428"}],"wp:attachment":[{"href":"https:\/\/www.eyrignac.com\/fr\/wp-json\/wp\/v2\/media?parent=2011"}],"wp:term":[{"taxonomy":"category","embeddable":true,"href":"https:\/\/www.eyrignac.com\/fr\/wp-json\/wp\/v2\/categories?post=2011"},{"taxonomy":"post_tag","embeddable":true,"href":"https:\/\/www.eyrignac.com\/fr\/wp-json\/wp\/v2\/tags?post=2011"}],"curies":[{"name":"wp","href":"https:\/\/api.w.org\/{rel}","templated":true}]}}