{"id":12200,"date":"2026-03-19T12:16:02","date_gmt":"2026-03-19T11:16:02","guid":{"rendered":"https:\/\/www.eyrignac.com\/?p=12200"},"modified":"2026-03-19T12:16:02","modified_gmt":"2026-03-19T11:16:02","slug":"jardin-accessible-dordogne-eyrignac-tourisme-handicap","status":"publish","type":"post","link":"https:\/\/www.eyrignac.com\/fr\/actualites\/jardin-accessible-dordogne-eyrignac-tourisme-handicap","title":{"rendered":"Et si un jardin pouvait vraiment \u00eatre accessible \u00e0 tous ? L\u2019exemple d\u2019Eyrignac en Dordogne"},"content":{"rendered":"<div class=\"wpb-content-wrapper\"><p>[vc_row][vc_column][vc_column_text css=\u00a0\u00bb\u00a0\u00bb]<strong>Visiter un jardin accessible en Dordogne, c\u2019est vivre une exp\u00e9rience qui va bien au-del\u00e0 de la simple d\u00e9couverte.<\/strong>[\/vc_column_text][\/vc_column][\/vc_row][vc_row][vc_column width=\u00a0\u00bb2\/3&Prime;][vc_column_text css=\u00a0\u00bb\u00a0\u00bb]Il y a des lieux que l\u2019on visite.<br \/>\nEt d\u2019autres que l\u2019on ressent.<\/p>\n<p>\u00c0 Eyrignac, au c\u0153ur de la Dordogne, les jardins ne sont pas seulement dessin\u00e9s pour \u00eatre beaux. Ils sont pens\u00e9s pour \u00eatre partag\u00e9s, par tous.<\/p>\n<p>Parce que la beaut\u00e9 d\u2019un lieu prend tout son sens lorsqu\u2019elle devient accessible.[\/vc_column_text][vc_column_text css=\u00a0\u00bb\u00a0\u00bb]Ici, on ne parle pas seulement d\u2019accessibilit\u00e9.<\/p>\n<p>On parle de regards qui s\u2019illuminent.<br \/>\nDe familles qui partagent un moment ensemble.<br \/>\nDe visiteurs qui trouvent leur place, simplement.<\/p>\n<p>Parce qu\u2019un jardin peut \u00eatre bien plus qu\u2019un d\u00e9cor.<br \/>\nIl peut devenir une exp\u00e9rience que l\u2019on vit pleinement, quel que soit son parcours.[\/vc_column_text][\/vc_column][vc_column width=\u00a0\u00bb1\/3&Prime;][vc_single_image image=\u00a0\u00bb5504&Prime; img_size=\u00a0\u00bbfull\u00a0\u00bb css=\u00a0\u00bb\u00a0\u00bb][\/vc_column][\/vc_row][vc_row][vc_column css=\u00a0\u00bb.vc_custom_1606812498020{padding-right: 25px !important;}\u00a0\u00bb][vc_column_text css=\u00a0\u00bb\u00a0\u00bb]<\/p>\n<h2>Un jardin accessible en Dordogne : rendre un lieu d\u2019exception ouvert \u00e0 tous<\/h2>\n<p>[\/vc_column_text][vc_column_text css=\u00a0\u00bb\u00a0\u00bb]Eyrignac est un lieu \u00e0 part.<br \/>\nUn site patrimonial ouvert \u00e0 la visite\u2026 mais aussi un lieu de vie, habit\u00e9, transmis, pr\u00e9serv\u00e9.<\/p>\n<p>Rendre ce jardin accessible en Dordogne est un d\u00e9fi quotidien : trouver l\u2019\u00e9quilibre entre <strong>respect du patrimoine<\/strong>, <strong>exigence esth\u00e9tique<\/strong> et <strong>accueil de tous les publics<\/strong>.<\/p>\n<p>Ce travail se construit dans le temps, avec attention et engagement, pour proposer une exp\u00e9rience fid\u00e8le \u00e0 l\u2019esprit du lieu, sans jamais l\u2019alt\u00e9rer.[\/vc_column_text][vc_column_text css=\u00a0\u00bb\u00a0\u00bb]<\/p>\n<h2>Le label Tourisme &amp; Handicap en Dordogne : une reconnaissance de notre engagement<\/h2>\n<p>[\/vc_column_text][vc_column_text css=\u00a0\u00bb\u00a0\u00bb]Les jardins d\u2019Eyrignac ont obtenu en mars 2026 le renouvellement du label <a href=\"https:\/\/tourisme-handicaps.org\/\"><strong>Tourisme &amp; Handicap<\/strong><\/a> pour les handicaps <strong>mental<\/strong> et <strong>auditif<\/strong>.<\/p>\n<p>Ce label <a href=\"https:\/\/www.dordogne-perigord-tourisme.fr\/preparer-son-sejour\/tourisme-et-handicap\/\">tourisme et handicap en Dordogne<\/a> reconna\u00eet une d\u00e9marche globale :<\/p>\n<ul>\n<li>rendre la visite plus compr\u00e9hensible<\/li>\n<li>faciliter l\u2019exp\u00e9rience sur site<\/li>\n<li>former et sensibiliser les \u00e9quipes<\/li>\n<li>am\u00e9liorer en continu l\u2019accueil<\/li>\n<\/ul>\n<p>Plus qu\u2019une distinction, c\u2019est une responsabilit\u00e9 : celle d\u2019accueillir chacun avec la m\u00eame qualit\u00e9 d\u2019attention.[\/vc_column_text][vc_column_text css=\u00a0\u00bb\u00a0\u00bb]<\/p>\n<h2>Une visite accessible \u00e0 tous les publics : comprendre, ressentir, profiter<\/h2>\n<p>[\/vc_column_text][vc_column_text css=\u00a0\u00bb\u00a0\u00bb]Visiter un jardin, ce n\u2019est pas seulement regarder.<\/p>\n<p>C\u2019est comprendre une histoire, ressentir une ambiance, s\u2019approprier un lieu.<\/p>\n<p>Pour cela, Eyrignac propose d\u00e9sormais un <strong>livret Facile \u00e0 Lire et \u00e0 Comprendre (FALC)<\/strong>, con\u00e7u pour accompagner la d\u00e9couverte en autonomie.<\/p>\n<p>Ce support permet de :<\/p>\n<ul>\n<li>mieux se rep\u00e9rer dans les jardins<\/li>\n<li>comprendre les espaces et leur histoire<\/li>\n<li>profiter pleinement de la visite<\/li>\n<\/ul>\n<p>Une approche essentielle pour un tourisme accessible en Dordogne, o\u00f9 chacun peut vivre l\u2019exp\u00e9rience \u00e0 son rythme.[\/vc_column_text][vc_column_text css=\u00a0\u00bb\u00a0\u00bb]<\/p>\n<h2>Une sortie accessible en Dordogne \u00e0 partager <a href=\"https:\/\/www.eyrignac.com\/fr\/preparer-ma-visite\/en-famille\">en famille<\/a><\/h2>\n<p>[\/vc_column_text][vc_column_text css=\u00a0\u00bb\u00a0\u00bb]Eyrignac est une destination id\u00e9ale pour une sortie accessible en Dordogne, en famille ou entre proches.<\/p>\n<p>Le jardin devient un espace de partage :<\/p>\n<ul>\n<li>o\u00f9 chacun avance \u00e0 son rythme<\/li>\n<li>o\u00f9 l\u2019exp\u00e9rience se vit ensemble<\/li>\n<li>o\u00f9 le patrimoine devient accessible \u00e0 tous<\/li>\n<\/ul>\n<p>Class\u00e9 parmi <a href=\"https:\/\/www.lesplusbeauxjardinsdefrance.com\/\">les plus beaux jardins de France<\/a>, Eyrignac d\u00e9montre qu\u2019un lieu d\u2019exception peut aussi \u00eatre un lieu ouvert.[\/vc_column_text][vc_column_text css=\u00a0\u00bb\u00a0\u00bb]<\/p>\n<h2>Tourisme accessible en Dordogne : un engagement concret au quotidien<\/h2>\n<p>[\/vc_column_text][vc_column_text css=\u00a0\u00bb\u00a0\u00bb]\u00c0 Eyrignac, le tourisme accessible ne se limite pas \u00e0 des am\u00e9nagements.<\/p>\n<p>C\u2019est une d\u00e9marche port\u00e9e chaque jour par les \u00e9quipes :<\/p>\n<ul>\n<li>accueil attentif<\/li>\n<li>\u00e9coute des besoins<\/li>\n<li>adaptation continue<\/li>\n<\/ul>\n<p>L\u2019accessibilit\u00e9 est envisag\u00e9e comme un processus vivant, qui \u00e9volue avec les visiteurs et leurs attentes.[\/vc_column_text][vc_column_text css=\u00a0\u00bb\u00a0\u00bb]<\/p>\n<h2>Pr\u00e9parer une visite accessible en Dordogne : conseils pour votre venue \u00e0 Eyrignac<\/h2>\n<p>[\/vc_column_text][vc_column_text css=\u00a0\u00bb\u00a0\u00bb]Vous recherchez une id\u00e9e de <strong>visite accessible en Dordogne<\/strong> ?<\/p>\n<p>Pour pr\u00e9parer votre venue :<\/p>\n<ul>\n<li>consultez les <a href=\"https:\/\/www.eyrignac.com\/fr\/preparer-ma-visite\/decouvrir-eyrignac-jardins-situation-handicap\">informations d\u2019accessibilit\u00e9<\/a> disponibles<\/li>\n<li>identifiez les services adapt\u00e9s \u00e0 vos besoins<\/li>\n<li>contactez l\u2019\u00e9quipe pour toute demande sp\u00e9cifique<\/li>\n<\/ul>\n<p>Une visite bien pr\u00e9par\u00e9e permet de profiter pleinement de l\u2019exp\u00e9rience.[\/vc_column_text][vc_column_text css=\u00a0\u00bb\u00a0\u00bb]<\/p>\n<h2>Pourquoi visiter un jardin accessible en Dordogne change l\u2019exp\u00e9rience<\/h2>\n<p>[\/vc_column_text][vc_column_text css=\u00a0\u00bb\u00a0\u00bb]Rendre un lieu accessible, ce n\u2019est pas seulement adapter un espace.<\/p>\n<p>C\u2019est transformer la mani\u00e8re dont on accueille, dont on explique, dont on partage.<\/p>\n<p>C\u2019est permettre \u00e0 chacun de vivre un moment sinc\u00e8re, et de repartir avec ce sentiment simple :<\/p>\n<p>\ud83d\udc49 <em data-start=\"4337\" data-end=\"4370\">\u201cce lieu \u00e9tait aussi pour moi.\u201d<\/em>[\/vc_column_text][vc_btn title=\u00a0\u00bbBilletterie en ligne\u00a0\u00bb style=\u00a0\u00bbclassic\u00a0\u00bb shape=\u00a0\u00bbsquare\u00a0\u00bb color=\u00a0\u00bbwhite\u00a0\u00bb size=\u00a0\u00bblg\u00a0\u00bb align=\u00a0\u00bbcenter\u00a0\u00bb button_block=\u00a0\u00bbtrue\u00a0\u00bb link=\u00a0\u00bburl:https%3A%2F%2Fwww.eyrignac.com%2Ffr%2Fbilletterie|title:Billetterie|target:_blank\u00a0\u00bb el_class=\u00a0\u00bbupcase or\u00a0\u00bb][\/vc_column][\/vc_row]<\/p>\n<\/div>","protected":false},"excerpt":{"rendered":"Visiter un jardin accessible en Dordogne : d\u00e9couvrez Eyrignac, labellis\u00e9 Tourisme &#038; Handicap, pour une exp\u00e9rience ouverte \u00e0 tous.","protected":false},"author":8,"featured_media":5406,"comment_status":"closed","ping_status":"closed","sticky":false,"template":"","format":"standard","meta":{"_acf_changed":false,"footnotes":""},"categories":[5],"tags":[],"class_list":["post-12200","post","type-post","status-publish","format-standard","has-post-thumbnail","hentry","category-actualites"],"acf":[],"yoast_head":"<!-- This site is optimized with the Yoast SEO plugin v27.5 - https:\/\/yoast.com\/product\/yoast-seo-wordpress\/ -->\n<title>Jardin accessible Dordogne : visiter Eyrignac, Tourisme &amp; Handicap<\/title>\n<meta name=\"description\" content=\"D\u00e9couvrez un jardin accessible en Dordogne. Eyrignac, labellis\u00e9 Tourisme &amp; Handicap, propose une visite adapt\u00e9e \u00e0 tous les publics.\" \/>\n<meta name=\"robots\" content=\"index, follow, max-snippet:-1, max-image-preview:large, max-video-preview:-1\" \/>\n<link rel=\"canonical\" href=\"https:\/\/www.eyrignac.com\/fr\/actualites\/jardin-accessible-dordogne-eyrignac-tourisme-handicap\" \/>\n<meta property=\"og:locale\" content=\"fr_FR\" \/>\n<meta property=\"og:type\" content=\"article\" \/>\n<meta property=\"og:title\" content=\"Jardin accessible Dordogne : visiter Eyrignac, Tourisme &amp; Handicap\" \/>\n<meta property=\"og:description\" content=\"D\u00e9couvrez un jardin accessible en Dordogne. Eyrignac, labellis\u00e9 Tourisme &amp; Handicap, propose une visite adapt\u00e9e \u00e0 tous les publics.\" \/>\n<meta property=\"og:url\" content=\"https:\/\/www.eyrignac.com\/fr\/actualites\/jardin-accessible-dordogne-eyrignac-tourisme-handicap\" \/>\n<meta property=\"og:site_name\" content=\"Eyrignac et ses jardins\" \/>\n<meta property=\"article:publisher\" content=\"https:\/\/www.facebook.com\/JardinsEyrignac\/\" \/>\n<meta property=\"article:published_time\" content=\"2026-03-19T11:16:02+00:00\" \/>\n<meta property=\"og:image\" content=\"https:\/\/www.eyrignac.com\/wp-content\/uploads\/2020\/10\/eyrignac_jardins_pmr.jpg\" \/>\n\t<meta property=\"og:image:width\" content=\"1500\" \/>\n\t<meta property=\"og:image:height\" content=\"843\" \/>\n\t<meta property=\"og:image:type\" content=\"image\/jpeg\" \/>\n<meta name=\"author\" content=\"C\u00e9cile Engelen\" \/>\n<meta name=\"twitter:card\" content=\"summary_large_image\" \/>\n<meta name=\"twitter:creator\" content=\"@eyrignac\" \/>\n<meta name=\"twitter:site\" content=\"@eyrignac\" \/>\n<meta name=\"twitter:label1\" content=\"\u00c9crit par\" \/>\n\t<meta name=\"twitter:data1\" content=\"C\u00e9cile Engelen\" \/>\n\t<meta name=\"twitter:label2\" content=\"Dur\u00e9e de lecture estim\u00e9e\" \/>\n\t<meta name=\"twitter:data2\" content=\"3 minutes\" \/>\n<script type=\"application\/ld+json\" class=\"yoast-schema-graph\">{\"@context\":\"https:\\\/\\\/schema.org\",\"@graph\":[{\"@type\":\"Article\",\"@id\":\"https:\\\/\\\/www.eyrignac.com\\\/fr\\\/actualites\\\/jardin-accessible-dordogne-eyrignac-tourisme-handicap#article\",\"isPartOf\":{\"@id\":\"https:\\\/\\\/www.eyrignac.com\\\/fr\\\/actualites\\\/jardin-accessible-dordogne-eyrignac-tourisme-handicap\"},\"author\":{\"name\":\"C\u00e9cile Engelen\",\"@id\":\"https:\\\/\\\/www.eyrignac.com\\\/fr\\\/#\\\/schema\\\/person\\\/b4e5794153fc497d1d8f02101a4c82be\"},\"headline\":\"Et si un jardin pouvait vraiment \u00eatre accessible \u00e0 tous ? L\u2019exemple d\u2019Eyrignac en Dordogne\",\"datePublished\":\"2026-03-19T11:16:02+00:00\",\"mainEntityOfPage\":{\"@id\":\"https:\\\/\\\/www.eyrignac.com\\\/fr\\\/actualites\\\/jardin-accessible-dordogne-eyrignac-tourisme-handicap\"},\"wordCount\":870,\"publisher\":{\"@id\":\"https:\\\/\\\/www.eyrignac.com\\\/fr\\\/#organization\"},\"image\":{\"@id\":\"https:\\\/\\\/www.eyrignac.com\\\/fr\\\/actualites\\\/jardin-accessible-dordogne-eyrignac-tourisme-handicap#primaryimage\"},\"thumbnailUrl\":\"https:\\\/\\\/www.eyrignac.com\\\/wp-content\\\/uploads\\\/2020\\\/10\\\/eyrignac_jardins_pmr.jpg\",\"articleSection\":[\"Actualit\u00e9s\"],\"inLanguage\":\"fr-FR\"},{\"@type\":\"WebPage\",\"@id\":\"https:\\\/\\\/www.eyrignac.com\\\/fr\\\/actualites\\\/jardin-accessible-dordogne-eyrignac-tourisme-handicap\",\"url\":\"https:\\\/\\\/www.eyrignac.com\\\/fr\\\/actualites\\\/jardin-accessible-dordogne-eyrignac-tourisme-handicap\",\"name\":\"Jardin accessible Dordogne : visiter Eyrignac, Tourisme & Handicap\",\"isPartOf\":{\"@id\":\"https:\\\/\\\/www.eyrignac.com\\\/fr\\\/#website\"},\"primaryImageOfPage\":{\"@id\":\"https:\\\/\\\/www.eyrignac.com\\\/fr\\\/actualites\\\/jardin-accessible-dordogne-eyrignac-tourisme-handicap#primaryimage\"},\"image\":{\"@id\":\"https:\\\/\\\/www.eyrignac.com\\\/fr\\\/actualites\\\/jardin-accessible-dordogne-eyrignac-tourisme-handicap#primaryimage\"},\"thumbnailUrl\":\"https:\\\/\\\/www.eyrignac.com\\\/wp-content\\\/uploads\\\/2020\\\/10\\\/eyrignac_jardins_pmr.jpg\",\"datePublished\":\"2026-03-19T11:16:02+00:00\",\"description\":\"D\u00e9couvrez un jardin accessible en Dordogne. Eyrignac, labellis\u00e9 Tourisme & Handicap, propose une visite adapt\u00e9e \u00e0 tous les publics.\",\"breadcrumb\":{\"@id\":\"https:\\\/\\\/www.eyrignac.com\\\/fr\\\/actualites\\\/jardin-accessible-dordogne-eyrignac-tourisme-handicap#breadcrumb\"},\"inLanguage\":\"fr-FR\",\"potentialAction\":[{\"@type\":\"ReadAction\",\"target\":[\"https:\\\/\\\/www.eyrignac.com\\\/fr\\\/actualites\\\/jardin-accessible-dordogne-eyrignac-tourisme-handicap\"]}]},{\"@type\":\"ImageObject\",\"inLanguage\":\"fr-FR\",\"@id\":\"https:\\\/\\\/www.eyrignac.com\\\/fr\\\/actualites\\\/jardin-accessible-dordogne-eyrignac-tourisme-handicap#primaryimage\",\"url\":\"https:\\\/\\\/www.eyrignac.com\\\/wp-content\\\/uploads\\\/2020\\\/10\\\/eyrignac_jardins_pmr.jpg\",\"contentUrl\":\"https:\\\/\\\/www.eyrignac.com\\\/wp-content\\\/uploads\\\/2020\\\/10\\\/eyrignac_jardins_pmr.jpg\",\"width\":1500,\"height\":843,\"caption\":\"D\u00e9couvrir Eyrignac & ses Jardins en situation de handicap\"},{\"@type\":\"BreadcrumbList\",\"@id\":\"https:\\\/\\\/www.eyrignac.com\\\/fr\\\/actualites\\\/jardin-accessible-dordogne-eyrignac-tourisme-handicap#breadcrumb\",\"itemListElement\":[{\"@type\":\"ListItem\",\"position\":1,\"name\":\"Accueil\",\"item\":\"https:\\\/\\\/www.eyrignac.com\\\/fr\"},{\"@type\":\"ListItem\",\"position\":2,\"name\":\"Et si un jardin pouvait vraiment \u00eatre accessible \u00e0 tous ? L\u2019exemple d\u2019Eyrignac en Dordogne\"}]},{\"@type\":\"WebSite\",\"@id\":\"https:\\\/\\\/www.eyrignac.com\\\/fr\\\/#website\",\"url\":\"https:\\\/\\\/www.eyrignac.com\\\/fr\\\/\",\"name\":\"Eyrignac et ses jardins\",\"description\":\"Lieu de verdure unique en Dordogne\",\"publisher\":{\"@id\":\"https:\\\/\\\/www.eyrignac.com\\\/fr\\\/#organization\"},\"potentialAction\":[{\"@type\":\"SearchAction\",\"target\":{\"@type\":\"EntryPoint\",\"urlTemplate\":\"https:\\\/\\\/www.eyrignac.com\\\/fr\\\/?s={search_term_string}\"},\"query-input\":{\"@type\":\"PropertyValueSpecification\",\"valueRequired\":true,\"valueName\":\"search_term_string\"}}],\"inLanguage\":\"fr-FR\"},{\"@type\":\"Organization\",\"@id\":\"https:\\\/\\\/www.eyrignac.com\\\/fr\\\/#organization\",\"name\":\"Eyrignac\",\"url\":\"https:\\\/\\\/www.eyrignac.com\\\/fr\\\/\",\"logo\":{\"@type\":\"ImageObject\",\"inLanguage\":\"fr-FR\",\"@id\":\"https:\\\/\\\/www.eyrignac.com\\\/fr\\\/#\\\/schema\\\/logo\\\/image\\\/\",\"url\":\"https:\\\/\\\/www.eyrignac.com\\\/wp-content\\\/uploads\\\/2017\\\/12\\\/logo-eyrignac.png\",\"contentUrl\":\"https:\\\/\\\/www.eyrignac.com\\\/wp-content\\\/uploads\\\/2017\\\/12\\\/logo-eyrignac.png\",\"width\":500,\"height\":189,\"caption\":\"Eyrignac\"},\"image\":{\"@id\":\"https:\\\/\\\/www.eyrignac.com\\\/fr\\\/#\\\/schema\\\/logo\\\/image\\\/\"},\"sameAs\":[\"https:\\\/\\\/www.facebook.com\\\/JardinsEyrignac\\\/\",\"https:\\\/\\\/x.com\\\/eyrignac\",\"https:\\\/\\\/www.instagram.com\\\/eyrignac\\\/\",\"https:\\\/\\\/www.pinterest.fr\\\/eyrignac\\\/\",\"https:\\\/\\\/www.youtube.com\\\/channel\\\/UCjWc47ArIew83eRXXjaBowg\"]},{\"@type\":\"Person\",\"@id\":\"https:\\\/\\\/www.eyrignac.com\\\/fr\\\/#\\\/schema\\\/person\\\/b4e5794153fc497d1d8f02101a4c82be\",\"name\":\"C\u00e9cile Engelen\"}]}<\/script>\n<!-- \/ Yoast SEO plugin. -->","yoast_head_json":{"title":"Jardin accessible Dordogne : visiter Eyrignac, Tourisme & Handicap","description":"D\u00e9couvrez un jardin accessible en Dordogne. Eyrignac, labellis\u00e9 Tourisme & Handicap, propose une visite adapt\u00e9e \u00e0 tous les publics.","robots":{"index":"index","follow":"follow","max-snippet":"max-snippet:-1","max-image-preview":"max-image-preview:large","max-video-preview":"max-video-preview:-1"},"canonical":"https:\/\/www.eyrignac.com\/fr\/actualites\/jardin-accessible-dordogne-eyrignac-tourisme-handicap","og_locale":"fr_FR","og_type":"article","og_title":"Jardin accessible Dordogne : visiter Eyrignac, Tourisme & Handicap","og_description":"D\u00e9couvrez un jardin accessible en Dordogne. Eyrignac, labellis\u00e9 Tourisme & Handicap, propose une visite adapt\u00e9e \u00e0 tous les publics.","og_url":"https:\/\/www.eyrignac.com\/fr\/actualites\/jardin-accessible-dordogne-eyrignac-tourisme-handicap","og_site_name":"Eyrignac et ses jardins","article_publisher":"https:\/\/www.facebook.com\/JardinsEyrignac\/","article_published_time":"2026-03-19T11:16:02+00:00","og_image":[{"width":1500,"height":843,"url":"https:\/\/www.eyrignac.com\/wp-content\/uploads\/2020\/10\/eyrignac_jardins_pmr.jpg","type":"image\/jpeg"}],"author":"C\u00e9cile Engelen","twitter_card":"summary_large_image","twitter_creator":"@eyrignac","twitter_site":"@eyrignac","twitter_misc":{"\u00c9crit par":"C\u00e9cile Engelen","Dur\u00e9e de lecture estim\u00e9e":"3 minutes"},"schema":{"@context":"https:\/\/schema.org","@graph":[{"@type":"Article","@id":"https:\/\/www.eyrignac.com\/fr\/actualites\/jardin-accessible-dordogne-eyrignac-tourisme-handicap#article","isPartOf":{"@id":"https:\/\/www.eyrignac.com\/fr\/actualites\/jardin-accessible-dordogne-eyrignac-tourisme-handicap"},"author":{"name":"C\u00e9cile Engelen","@id":"https:\/\/www.eyrignac.com\/fr\/#\/schema\/person\/b4e5794153fc497d1d8f02101a4c82be"},"headline":"Et si un jardin pouvait vraiment \u00eatre accessible \u00e0 tous ? L\u2019exemple d\u2019Eyrignac en Dordogne","datePublished":"2026-03-19T11:16:02+00:00","mainEntityOfPage":{"@id":"https:\/\/www.eyrignac.com\/fr\/actualites\/jardin-accessible-dordogne-eyrignac-tourisme-handicap"},"wordCount":870,"publisher":{"@id":"https:\/\/www.eyrignac.com\/fr\/#organization"},"image":{"@id":"https:\/\/www.eyrignac.com\/fr\/actualites\/jardin-accessible-dordogne-eyrignac-tourisme-handicap#primaryimage"},"thumbnailUrl":"https:\/\/www.eyrignac.com\/wp-content\/uploads\/2020\/10\/eyrignac_jardins_pmr.jpg","articleSection":["Actualit\u00e9s"],"inLanguage":"fr-FR"},{"@type":"WebPage","@id":"https:\/\/www.eyrignac.com\/fr\/actualites\/jardin-accessible-dordogne-eyrignac-tourisme-handicap","url":"https:\/\/www.eyrignac.com\/fr\/actualites\/jardin-accessible-dordogne-eyrignac-tourisme-handicap","name":"Jardin accessible Dordogne : visiter Eyrignac, Tourisme & Handicap","isPartOf":{"@id":"https:\/\/www.eyrignac.com\/fr\/#website"},"primaryImageOfPage":{"@id":"https:\/\/www.eyrignac.com\/fr\/actualites\/jardin-accessible-dordogne-eyrignac-tourisme-handicap#primaryimage"},"image":{"@id":"https:\/\/www.eyrignac.com\/fr\/actualites\/jardin-accessible-dordogne-eyrignac-tourisme-handicap#primaryimage"},"thumbnailUrl":"https:\/\/www.eyrignac.com\/wp-content\/uploads\/2020\/10\/eyrignac_jardins_pmr.jpg","datePublished":"2026-03-19T11:16:02+00:00","description":"D\u00e9couvrez un jardin accessible en Dordogne. Eyrignac, labellis\u00e9 Tourisme & Handicap, propose une visite adapt\u00e9e \u00e0 tous les publics.","breadcrumb":{"@id":"https:\/\/www.eyrignac.com\/fr\/actualites\/jardin-accessible-dordogne-eyrignac-tourisme-handicap#breadcrumb"},"inLanguage":"fr-FR","potentialAction":[{"@type":"ReadAction","target":["https:\/\/www.eyrignac.com\/fr\/actualites\/jardin-accessible-dordogne-eyrignac-tourisme-handicap"]}]},{"@type":"ImageObject","inLanguage":"fr-FR","@id":"https:\/\/www.eyrignac.com\/fr\/actualites\/jardin-accessible-dordogne-eyrignac-tourisme-handicap#primaryimage","url":"https:\/\/www.eyrignac.com\/wp-content\/uploads\/2020\/10\/eyrignac_jardins_pmr.jpg","contentUrl":"https:\/\/www.eyrignac.com\/wp-content\/uploads\/2020\/10\/eyrignac_jardins_pmr.jpg","width":1500,"height":843,"caption":"D\u00e9couvrir Eyrignac & ses Jardins en situation de handicap"},{"@type":"BreadcrumbList","@id":"https:\/\/www.eyrignac.com\/fr\/actualites\/jardin-accessible-dordogne-eyrignac-tourisme-handicap#breadcrumb","itemListElement":[{"@type":"ListItem","position":1,"name":"Accueil","item":"https:\/\/www.eyrignac.com\/fr"},{"@type":"ListItem","position":2,"name":"Et si un jardin pouvait vraiment \u00eatre accessible \u00e0 tous ? L\u2019exemple d\u2019Eyrignac en Dordogne"}]},{"@type":"WebSite","@id":"https:\/\/www.eyrignac.com\/fr\/#website","url":"https:\/\/www.eyrignac.com\/fr\/","name":"Eyrignac et ses jardins","description":"Lieu de verdure unique en Dordogne","publisher":{"@id":"https:\/\/www.eyrignac.com\/fr\/#organization"},"potentialAction":[{"@type":"SearchAction","target":{"@type":"EntryPoint","urlTemplate":"https:\/\/www.eyrignac.com\/fr\/?s={search_term_string}"},"query-input":{"@type":"PropertyValueSpecification","valueRequired":true,"valueName":"search_term_string"}}],"inLanguage":"fr-FR"},{"@type":"Organization","@id":"https:\/\/www.eyrignac.com\/fr\/#organization","name":"Eyrignac","url":"https:\/\/www.eyrignac.com\/fr\/","logo":{"@type":"ImageObject","inLanguage":"fr-FR","@id":"https:\/\/www.eyrignac.com\/fr\/#\/schema\/logo\/image\/","url":"https:\/\/www.eyrignac.com\/wp-content\/uploads\/2017\/12\/logo-eyrignac.png","contentUrl":"https:\/\/www.eyrignac.com\/wp-content\/uploads\/2017\/12\/logo-eyrignac.png","width":500,"height":189,"caption":"Eyrignac"},"image":{"@id":"https:\/\/www.eyrignac.com\/fr\/#\/schema\/logo\/image\/"},"sameAs":["https:\/\/www.facebook.com\/JardinsEyrignac\/","https:\/\/x.com\/eyrignac","https:\/\/www.instagram.com\/eyrignac\/","https:\/\/www.pinterest.fr\/eyrignac\/","https:\/\/www.youtube.com\/channel\/UCjWc47ArIew83eRXXjaBowg"]},{"@type":"Person","@id":"https:\/\/www.eyrignac.com\/fr\/#\/schema\/person\/b4e5794153fc497d1d8f02101a4c82be","name":"C\u00e9cile Engelen"}]}},"_links":{"self":[{"href":"https:\/\/www.eyrignac.com\/fr\/wp-json\/wp\/v2\/posts\/12200","targetHints":{"allow":["GET"]}}],"collection":[{"href":"https:\/\/www.eyrignac.com\/fr\/wp-json\/wp\/v2\/posts"}],"about":[{"href":"https:\/\/www.eyrignac.com\/fr\/wp-json\/wp\/v2\/types\/post"}],"author":[{"embeddable":true,"href":"https:\/\/www.eyrignac.com\/fr\/wp-json\/wp\/v2\/users\/8"}],"replies":[{"embeddable":true,"href":"https:\/\/www.eyrignac.com\/fr\/wp-json\/wp\/v2\/comments?post=12200"}],"version-history":[{"count":8,"href":"https:\/\/www.eyrignac.com\/fr\/wp-json\/wp\/v2\/posts\/12200\/revisions"}],"predecessor-version":[{"id":12208,"href":"https:\/\/www.eyrignac.com\/fr\/wp-json\/wp\/v2\/posts\/12200\/revisions\/12208"}],"wp:featuredmedia":[{"embeddable":true,"href":"https:\/\/www.eyrignac.com\/fr\/wp-json\/wp\/v2\/media\/5406"}],"wp:attachment":[{"href":"https:\/\/www.eyrignac.com\/fr\/wp-json\/wp\/v2\/media?parent=12200"}],"wp:term":[{"taxonomy":"category","embeddable":true,"href":"https:\/\/www.eyrignac.com\/fr\/wp-json\/wp\/v2\/categories?post=12200"},{"taxonomy":"post_tag","embeddable":true,"href":"https:\/\/www.eyrignac.com\/fr\/wp-json\/wp\/v2\/tags?post=12200"}],"curies":[{"name":"wp","href":"https:\/\/api.w.org\/{rel}","templated":true}]}}