{"id":12006,"date":"2026-01-29T11:57:01","date_gmt":"2026-01-29T10:57:01","guid":{"rendered":"https:\/\/www.eyrignac.com\/?p=12006"},"modified":"2026-01-29T11:57:01","modified_gmt":"2026-01-29T10:57:01","slug":"eyrignac-remporte-un-wedding-award-pour-les-mariages-en-dordogne","status":"publish","type":"post","link":"https:\/\/www.eyrignac.com\/fr\/actualites\/eyrignac-remporte-un-wedding-award-pour-les-mariages-en-dordogne","title":{"rendered":"Mariage en Dordogne : Les Jardins du Manoir d\u2019Eyrignac remportent un Wedding Award 2026"},"content":{"rendered":"<div class=\"wpb-content-wrapper\"><p>[vc_row][vc_column width=\u00a0\u00bb2\/3&Prime;][vc_column_text css=\u00a0\u00bb\u00a0\u00bb]<\/p>\n<h2>Une nouvelle distinction pour un mariage en Dordogne d\u2019exception<\/h2>\n<p><strong>C\u2019est avec une grande fiert\u00e9 que Les Jardins du Manoir d\u2019Eyrignac annoncent l\u2019obtention du Wedding Award 2026 d\u00e9cern\u00e9 par Mariages.net, le site de r\u00e9f\u00e9rence pour l\u2019organisation de mariage en Dordogne et partout en France.<br \/>\nCette r\u00e9compense, attribu\u00e9e sur la base des avis authentiques des couples, vient saluer l\u2019excellence de l\u2019accueil, la beaut\u00e9 du lieu et la qualit\u00e9 de l\u2019accompagnement propos\u00e9s chaque ann\u00e9e aux futurs mari\u00e9s.<\/strong>[\/vc_column_text][\/vc_column][vc_column width=\u00a0\u00bb1\/3&Prime;][vc_empty_space][vc_single_image image=\u00a0\u00bb12008&Prime; img_size=\u00a0\u00bbfull\u00a0\u00bb alignment=\u00a0\u00bbcenter\u00a0\u00bb onclick=\u00a0\u00bbcustom_link\u00a0\u00bb img_link_target=\u00a0\u00bb_blank\u00a0\u00bb css=\u00a0\u00bb\u00a0\u00bb link=\u00a0\u00bbhttps:\/\/www.eghn.org\/en\/european-gardenaward-2024\/\u00a0\u00bb][\/vc_column][\/vc_row][vc_row][vc_column css=\u00a0\u00bb.vc_custom_1606812498020{padding-right: 25px !important;}\u00a0\u00bb][vc_column_text css=\u00a0\u00bb\u00a0\u00bb]<\/p>\n<h2>Un lieu d\u2019exception pour votre mariage en Dordogne<\/h2>\n<p>Situ\u00e9s au c\u0153ur du <strong>P\u00e9rigord Noir<\/strong>, \u00e0 quelques minutes de Sarlat, Les Jardins d\u2019Eyrignac offrent un cadre unique pour c\u00e9l\u00e9brer un <strong>mariage en Dordogne<\/strong>.<br \/>\nClass\u00e9s parmi les plus beaux jardins de France, ils s\u2019\u00e9tendent sur 10 hectares de jardins \u00e0 la fran\u00e7aise, ponctu\u00e9s de sculptures v\u00e9g\u00e9tales, de fontaines, de miroirs d\u2019eau et de perspectives spectaculaires.<\/p>\n<p>Ainsi, chaque instant de votre journ\u00e9e de mariage se d\u00e9roule dans un d\u00e9cor naturel \u00e9l\u00e9gant et intemporel, id\u00e9al pour des souvenirs inoubliables et des photos d\u2019exception.[\/vc_column_text][\/vc_column][\/vc_row][vc_row][vc_column css=\u00a0\u00bb.vc_custom_1606812498020{padding-right: 25px !important;}\u00a0\u00bb][vc_column_text css=\u00a0\u00bb\u00a0\u00bb]<\/p>\n<h2>Une exp\u00e9rience salu\u00e9e par les couples mari\u00e9s<\/h2>\n<p>Le <strong>Wedding Award 2026<\/strong> repose exclusivement sur <a href=\"https:\/\/www.mariages.net\/domaine-mariage\/les-jardins-du-manoir-deyrignac--e7808\">les avis laiss\u00e9s par les couples<\/a> ayant c\u00e9l\u00e9br\u00e9 leur <strong>mariage en Dordogne<\/strong> \u00e0 Eyrignac.<br \/>\nParmi les points r\u00e9guli\u00e8rement mis en avant dans leurs t\u00e9moignages :<\/p>\n<ul>\n<li>La beaut\u00e9 et l\u2019entretien irr\u00e9prochable des jardins<\/li>\n<li>La fluidit\u00e9 de l\u2019organisation et la disponibilit\u00e9 des \u00e9quipes<\/li>\n<li>La qualit\u00e9 des espaces d\u00e9di\u00e9s au cocktail, \u00e0 la r\u00e9ception et aux photos<\/li>\n<li>L\u2019atmosph\u00e8re \u00e0 la fois prestigieuse et chaleureuse du domaine<\/li>\n<\/ul>\n<p>Ces retours soulignent une exp\u00e9rience v\u00e9cue sereinement, dans un lieu o\u00f9 chaque d\u00e9tail est pens\u00e9 pour sublimer la c\u00e9l\u00e9bration.[\/vc_column_text][\/vc_column][\/vc_row][vc_row][vc_column css=\u00a0\u00bb.vc_custom_1606812498020{padding-right: 25px !important;}\u00a0\u00bb][vc_column_text css=\u00a0\u00bb\u00a0\u00bb]<\/p>\n<h2>Une collaboration exclusive avec Castellum Traiteur<\/h2>\n<p>Pour garantir une coh\u00e9rence et une qualit\u00e9 irr\u00e9prochables, Eyrignac collabore \u00e9troitement avec <strong>Castellum Traiteur<\/strong>, traiteur exclusif du domaine, \u00e9galement r\u00e9compens\u00e9 par un wedding award.<br \/>\nSp\u00e9cialiste reconnu des r\u00e9ceptions haut de gamme et du <strong>mariage en Dordogne<\/strong>, Castellum Traiteur accompagne les couples bien au-del\u00e0 de la prestation culinaire.<\/p>\n<p>Menus sur mesure, produits locaux du Sud-Ouest, sc\u00e9nographie, rythme de la r\u00e9ception : tout est con\u00e7u pour cr\u00e9er une c\u00e9l\u00e9bration \u00e0 votre image, en parfaite harmonie avec le cadre exceptionnel des jardins.[\/vc_column_text][\/vc_column][\/vc_row][vc_row][vc_column css=\u00a0\u00bb.vc_custom_1606812498020{padding-right: 25px !important;}\u00a0\u00bb][vc_column_text css=\u00a0\u00bb\u00a0\u00bb]<\/p>\n<h2>Des espaces pens\u00e9s pour sublimer votre r\u00e9ception<\/h2>\n<p>Eyrignac accueille une vingtaine de mariages chaque ann\u00e9e, garantissant une approche personnalis\u00e9e et attentive.<br \/>\nSelon vos envies, votre mariage en Dordogne peut s\u2019articuler autour de plusieurs espaces embl\u00e9matiques :<\/p>\n<ul>\n<li>Les jardins pour le cocktail et les photos<\/li>\n<li>Le Belv\u00e9d\u00e8re pour une c\u00e9r\u00e9monie la\u00efque avec vue sur la vall\u00e9e<\/li>\n<li>L\u2019Orangerie, \u00e9l\u00e9gante et lumineuse, pouvant accueillir jusqu\u2019\u00e0 150 personnes<\/li>\n<li>Les terrasses et jardins attenants pour prolonger la soir\u00e9e<\/li>\n<\/ul>\n<p>Chaque espace s\u2019int\u00e8gre naturellement au paysage, offrant une grande libert\u00e9 de mise en sc\u00e8ne.[\/vc_column_text][\/vc_column][\/vc_row][vc_row][vc_column css=\u00a0\u00bb.vc_custom_1606812498020{padding-right: 25px !important;}\u00a0\u00bb][vc_column_text css=\u00a0\u00bb\u00a0\u00bb]<\/p>\n<h2>Pourquoi choisir Eyrignac pour votre mariage en Dordogne ?<\/h2>\n<p>Choisir Les Jardins du Manoir d\u2019Eyrignac, c\u2019est opter pour :<\/p>\n<ul>\n<li>Un domaine reconnu et prim\u00e9 par les couples eux-m\u00eames<\/li>\n<li>Un cadre naturel et patrimonial unique en Dordogne<\/li>\n<li>Une organisation ma\u00eetris\u00e9e gr\u00e2ce \u00e0 une \u00e9quipe exp\u00e9riment\u00e9e<\/li>\n<li>Un accompagnement global pour un mariage \u00e9l\u00e9gant et serein<\/li>\n<\/ul>\n<p>Que vous r\u00eaviez d\u2019un mariage intimiste ou d\u2019une grande r\u00e9ception, Eyrignac offre un \u00e9quilibre rare entre prestige, nature et authenticit\u00e9.[\/vc_column_text][\/vc_column][\/vc_row][vc_row][vc_column css=\u00a0\u00bb.vc_custom_1606812498020{padding-right: 25px !important;}\u00a0\u00bb][vc_column_text css=\u00a0\u00bb\u00a0\u00bb]<\/p>\n<h2>Conclusion : Donnez vie \u00e0 votre mariage en Dordogne dans un lieu prim\u00e9<\/h2>\n<p>L\u2019obtention du Wedding Award 2026 confirme ce que de nombreux couples ont d\u00e9j\u00e0 v\u00e9cu : c\u00e9l\u00e9brer son mariage en Dordogne aux Jardins du Manoir d\u2019Eyrignac, c\u2019est faire le choix d\u2019un lieu d\u2019exception, reconnu pour la qualit\u00e9 de son accueil et la beaut\u00e9 de son cadre.<\/p>\n<p>Vous \u00eates \u00e0 la recherche d\u2019un domaine unique pour votre mariage ?<br \/>\n\ud83d\udc49 <a href=\"https:\/\/www.eyrignac.com\/fr\/contact\"><strong>Contactez d\u00e8s maintenant notre \u00e9quipe<\/strong><\/a> pour imaginer ensemble une c\u00e9l\u00e9bration \u00e0 votre image, au c\u0153ur du plus beau jardin du P\u00e9rigord.[\/vc_column_text][\/vc_column][\/vc_row][vc_row][vc_column][vc_media_grid css=\u00a0\u00bb\u00a0\u00bb grid_id=\u00a0\u00bbvc_gid:1769681798283-27ffd582-ddbc-5&Prime; include=\u00a0\u00bb2485,2463,2399&Prime;][\/vc_column][\/vc_row]<\/p>\n<\/div>","protected":false},"excerpt":{"rendered":"Les Jardins du Manoir d\u2019Eyrignac sont fiers d\u2019annoncer l\u2019obtention du Wedding Award 2026, d\u00e9cern\u00e9 par Mariages.net, le site de r\u00e9f\u00e9rence pour l\u2019organisation de mariage en Dordogne.","protected":false},"author":8,"featured_media":2467,"comment_status":"closed","ping_status":"closed","sticky":false,"template":"","format":"standard","meta":{"_acf_changed":false,"footnotes":""},"categories":[5],"tags":[],"class_list":["post-12006","post","type-post","status-publish","format-standard","has-post-thumbnail","hentry","category-actualites"],"acf":[],"yoast_head":"<!-- This site is optimized with the Yoast SEO plugin v27.5 - https:\/\/yoast.com\/product\/yoast-seo-wordpress\/ -->\n<title>Mariage en Dordogne : Eyrignac remporte le Wedding Award 2026<\/title>\n<meta name=\"description\" content=\"Eyrignac re\u00e7oit le Wedding Award 2026 et s\u2019impose comme la r\u00e9f\u00e9rence du mariage en Dordogne, au c\u0153ur du P\u00e9rigord Noir, pr\u00e8s de Sarlat.\" \/>\n<meta name=\"robots\" content=\"index, follow, max-snippet:-1, max-image-preview:large, max-video-preview:-1\" \/>\n<link rel=\"canonical\" href=\"https:\/\/www.eyrignac.com\/fr\/actualites\/eyrignac-remporte-un-wedding-award-pour-les-mariages-en-dordogne\" \/>\n<meta property=\"og:locale\" content=\"fr_FR\" \/>\n<meta property=\"og:type\" content=\"article\" \/>\n<meta property=\"og:title\" content=\"Mariage en Dordogne : Eyrignac remporte le Wedding Award 2026\" \/>\n<meta property=\"og:description\" content=\"Eyrignac re\u00e7oit le Wedding Award 2026 et s\u2019impose comme la r\u00e9f\u00e9rence du mariage en Dordogne, au c\u0153ur du P\u00e9rigord Noir, pr\u00e8s de Sarlat.\" \/>\n<meta property=\"og:url\" content=\"https:\/\/www.eyrignac.com\/fr\/actualites\/eyrignac-remporte-un-wedding-award-pour-les-mariages-en-dordogne\" \/>\n<meta property=\"og:site_name\" content=\"Eyrignac et ses jardins\" \/>\n<meta property=\"article:publisher\" content=\"https:\/\/www.facebook.com\/JardinsEyrignac\/\" \/>\n<meta property=\"article:published_time\" content=\"2026-01-29T10:57:01+00:00\" \/>\n<meta property=\"og:image\" content=\"https:\/\/www.eyrignac.com\/wp-content\/uploads\/2018\/12\/eyrignac_mariage_Karine_Khalid.jpg\" \/>\n\t<meta property=\"og:image:width\" content=\"800\" \/>\n\t<meta property=\"og:image:height\" content=\"533\" \/>\n\t<meta property=\"og:image:type\" content=\"image\/jpeg\" \/>\n<meta name=\"author\" content=\"C\u00e9cile Engelen\" \/>\n<meta name=\"twitter:card\" content=\"summary_large_image\" \/>\n<meta name=\"twitter:creator\" content=\"@eyrignac\" \/>\n<meta name=\"twitter:site\" content=\"@eyrignac\" \/>\n<meta name=\"twitter:label1\" content=\"\u00c9crit par\" \/>\n\t<meta name=\"twitter:data1\" content=\"C\u00e9cile Engelen\" \/>\n\t<meta name=\"twitter:label2\" content=\"Dur\u00e9e de lecture estim\u00e9e\" \/>\n\t<meta name=\"twitter:data2\" content=\"4 minutes\" \/>\n<script type=\"application\/ld+json\" class=\"yoast-schema-graph\">{\"@context\":\"https:\\\/\\\/schema.org\",\"@graph\":[{\"@type\":\"Article\",\"@id\":\"https:\\\/\\\/www.eyrignac.com\\\/fr\\\/actualites\\\/eyrignac-remporte-un-wedding-award-pour-les-mariages-en-dordogne#article\",\"isPartOf\":{\"@id\":\"https:\\\/\\\/www.eyrignac.com\\\/fr\\\/actualites\\\/eyrignac-remporte-un-wedding-award-pour-les-mariages-en-dordogne\"},\"author\":{\"name\":\"C\u00e9cile Engelen\",\"@id\":\"https:\\\/\\\/www.eyrignac.com\\\/fr\\\/#\\\/schema\\\/person\\\/b4e5794153fc497d1d8f02101a4c82be\"},\"headline\":\"Mariage en Dordogne : Les Jardins du Manoir d\u2019Eyrignac remportent un Wedding Award 2026\",\"datePublished\":\"2026-01-29T10:57:01+00:00\",\"mainEntityOfPage\":{\"@id\":\"https:\\\/\\\/www.eyrignac.com\\\/fr\\\/actualites\\\/eyrignac-remporte-un-wedding-award-pour-les-mariages-en-dordogne\"},\"wordCount\":895,\"publisher\":{\"@id\":\"https:\\\/\\\/www.eyrignac.com\\\/fr\\\/#organization\"},\"image\":{\"@id\":\"https:\\\/\\\/www.eyrignac.com\\\/fr\\\/actualites\\\/eyrignac-remporte-un-wedding-award-pour-les-mariages-en-dordogne#primaryimage\"},\"thumbnailUrl\":\"https:\\\/\\\/www.eyrignac.com\\\/wp-content\\\/uploads\\\/2018\\\/12\\\/eyrignac_mariage_Karine_Khalid.jpg\",\"articleSection\":[\"Actualit\u00e9s\"],\"inLanguage\":\"fr-FR\"},{\"@type\":\"WebPage\",\"@id\":\"https:\\\/\\\/www.eyrignac.com\\\/fr\\\/actualites\\\/eyrignac-remporte-un-wedding-award-pour-les-mariages-en-dordogne\",\"url\":\"https:\\\/\\\/www.eyrignac.com\\\/fr\\\/actualites\\\/eyrignac-remporte-un-wedding-award-pour-les-mariages-en-dordogne\",\"name\":\"Mariage en Dordogne : Eyrignac remporte le Wedding Award 2026\",\"isPartOf\":{\"@id\":\"https:\\\/\\\/www.eyrignac.com\\\/fr\\\/#website\"},\"primaryImageOfPage\":{\"@id\":\"https:\\\/\\\/www.eyrignac.com\\\/fr\\\/actualites\\\/eyrignac-remporte-un-wedding-award-pour-les-mariages-en-dordogne#primaryimage\"},\"image\":{\"@id\":\"https:\\\/\\\/www.eyrignac.com\\\/fr\\\/actualites\\\/eyrignac-remporte-un-wedding-award-pour-les-mariages-en-dordogne#primaryimage\"},\"thumbnailUrl\":\"https:\\\/\\\/www.eyrignac.com\\\/wp-content\\\/uploads\\\/2018\\\/12\\\/eyrignac_mariage_Karine_Khalid.jpg\",\"datePublished\":\"2026-01-29T10:57:01+00:00\",\"description\":\"Eyrignac re\u00e7oit le Wedding Award 2026 et s\u2019impose comme la r\u00e9f\u00e9rence du mariage en Dordogne, au c\u0153ur du P\u00e9rigord Noir, pr\u00e8s de Sarlat.\",\"breadcrumb\":{\"@id\":\"https:\\\/\\\/www.eyrignac.com\\\/fr\\\/actualites\\\/eyrignac-remporte-un-wedding-award-pour-les-mariages-en-dordogne#breadcrumb\"},\"inLanguage\":\"fr-FR\",\"potentialAction\":[{\"@type\":\"ReadAction\",\"target\":[\"https:\\\/\\\/www.eyrignac.com\\\/fr\\\/actualites\\\/eyrignac-remporte-un-wedding-award-pour-les-mariages-en-dordogne\"]}]},{\"@type\":\"ImageObject\",\"inLanguage\":\"fr-FR\",\"@id\":\"https:\\\/\\\/www.eyrignac.com\\\/fr\\\/actualites\\\/eyrignac-remporte-un-wedding-award-pour-les-mariages-en-dordogne#primaryimage\",\"url\":\"https:\\\/\\\/www.eyrignac.com\\\/wp-content\\\/uploads\\\/2018\\\/12\\\/eyrignac_mariage_Karine_Khalid.jpg\",\"contentUrl\":\"https:\\\/\\\/www.eyrignac.com\\\/wp-content\\\/uploads\\\/2018\\\/12\\\/eyrignac_mariage_Karine_Khalid.jpg\",\"width\":800,\"height\":533},{\"@type\":\"BreadcrumbList\",\"@id\":\"https:\\\/\\\/www.eyrignac.com\\\/fr\\\/actualites\\\/eyrignac-remporte-un-wedding-award-pour-les-mariages-en-dordogne#breadcrumb\",\"itemListElement\":[{\"@type\":\"ListItem\",\"position\":1,\"name\":\"Accueil\",\"item\":\"https:\\\/\\\/www.eyrignac.com\\\/fr\"},{\"@type\":\"ListItem\",\"position\":2,\"name\":\"Mariage en Dordogne : Les Jardins du Manoir d\u2019Eyrignac remportent un Wedding Award 2026\"}]},{\"@type\":\"WebSite\",\"@id\":\"https:\\\/\\\/www.eyrignac.com\\\/fr\\\/#website\",\"url\":\"https:\\\/\\\/www.eyrignac.com\\\/fr\\\/\",\"name\":\"Eyrignac et ses jardins\",\"description\":\"Lieu de verdure unique en Dordogne\",\"publisher\":{\"@id\":\"https:\\\/\\\/www.eyrignac.com\\\/fr\\\/#organization\"},\"potentialAction\":[{\"@type\":\"SearchAction\",\"target\":{\"@type\":\"EntryPoint\",\"urlTemplate\":\"https:\\\/\\\/www.eyrignac.com\\\/fr\\\/?s={search_term_string}\"},\"query-input\":{\"@type\":\"PropertyValueSpecification\",\"valueRequired\":true,\"valueName\":\"search_term_string\"}}],\"inLanguage\":\"fr-FR\"},{\"@type\":\"Organization\",\"@id\":\"https:\\\/\\\/www.eyrignac.com\\\/fr\\\/#organization\",\"name\":\"Eyrignac\",\"url\":\"https:\\\/\\\/www.eyrignac.com\\\/fr\\\/\",\"logo\":{\"@type\":\"ImageObject\",\"inLanguage\":\"fr-FR\",\"@id\":\"https:\\\/\\\/www.eyrignac.com\\\/fr\\\/#\\\/schema\\\/logo\\\/image\\\/\",\"url\":\"https:\\\/\\\/www.eyrignac.com\\\/wp-content\\\/uploads\\\/2017\\\/12\\\/logo-eyrignac.png\",\"contentUrl\":\"https:\\\/\\\/www.eyrignac.com\\\/wp-content\\\/uploads\\\/2017\\\/12\\\/logo-eyrignac.png\",\"width\":500,\"height\":189,\"caption\":\"Eyrignac\"},\"image\":{\"@id\":\"https:\\\/\\\/www.eyrignac.com\\\/fr\\\/#\\\/schema\\\/logo\\\/image\\\/\"},\"sameAs\":[\"https:\\\/\\\/www.facebook.com\\\/JardinsEyrignac\\\/\",\"https:\\\/\\\/x.com\\\/eyrignac\",\"https:\\\/\\\/www.instagram.com\\\/eyrignac\\\/\",\"https:\\\/\\\/www.pinterest.fr\\\/eyrignac\\\/\",\"https:\\\/\\\/www.youtube.com\\\/channel\\\/UCjWc47ArIew83eRXXjaBowg\"]},{\"@type\":\"Person\",\"@id\":\"https:\\\/\\\/www.eyrignac.com\\\/fr\\\/#\\\/schema\\\/person\\\/b4e5794153fc497d1d8f02101a4c82be\",\"name\":\"C\u00e9cile Engelen\"}]}<\/script>\n<!-- \/ Yoast SEO plugin. -->","yoast_head_json":{"title":"Mariage en Dordogne : Eyrignac remporte le Wedding Award 2026","description":"Eyrignac re\u00e7oit le Wedding Award 2026 et s\u2019impose comme la r\u00e9f\u00e9rence du mariage en Dordogne, au c\u0153ur du P\u00e9rigord Noir, pr\u00e8s de Sarlat.","robots":{"index":"index","follow":"follow","max-snippet":"max-snippet:-1","max-image-preview":"max-image-preview:large","max-video-preview":"max-video-preview:-1"},"canonical":"https:\/\/www.eyrignac.com\/fr\/actualites\/eyrignac-remporte-un-wedding-award-pour-les-mariages-en-dordogne","og_locale":"fr_FR","og_type":"article","og_title":"Mariage en Dordogne : Eyrignac remporte le Wedding Award 2026","og_description":"Eyrignac re\u00e7oit le Wedding Award 2026 et s\u2019impose comme la r\u00e9f\u00e9rence du mariage en Dordogne, au c\u0153ur du P\u00e9rigord Noir, pr\u00e8s de Sarlat.","og_url":"https:\/\/www.eyrignac.com\/fr\/actualites\/eyrignac-remporte-un-wedding-award-pour-les-mariages-en-dordogne","og_site_name":"Eyrignac et ses jardins","article_publisher":"https:\/\/www.facebook.com\/JardinsEyrignac\/","article_published_time":"2026-01-29T10:57:01+00:00","og_image":[{"width":800,"height":533,"url":"https:\/\/www.eyrignac.com\/wp-content\/uploads\/2018\/12\/eyrignac_mariage_Karine_Khalid.jpg","type":"image\/jpeg"}],"author":"C\u00e9cile Engelen","twitter_card":"summary_large_image","twitter_creator":"@eyrignac","twitter_site":"@eyrignac","twitter_misc":{"\u00c9crit par":"C\u00e9cile Engelen","Dur\u00e9e de lecture estim\u00e9e":"4 minutes"},"schema":{"@context":"https:\/\/schema.org","@graph":[{"@type":"Article","@id":"https:\/\/www.eyrignac.com\/fr\/actualites\/eyrignac-remporte-un-wedding-award-pour-les-mariages-en-dordogne#article","isPartOf":{"@id":"https:\/\/www.eyrignac.com\/fr\/actualites\/eyrignac-remporte-un-wedding-award-pour-les-mariages-en-dordogne"},"author":{"name":"C\u00e9cile Engelen","@id":"https:\/\/www.eyrignac.com\/fr\/#\/schema\/person\/b4e5794153fc497d1d8f02101a4c82be"},"headline":"Mariage en Dordogne : Les Jardins du Manoir d\u2019Eyrignac remportent un Wedding Award 2026","datePublished":"2026-01-29T10:57:01+00:00","mainEntityOfPage":{"@id":"https:\/\/www.eyrignac.com\/fr\/actualites\/eyrignac-remporte-un-wedding-award-pour-les-mariages-en-dordogne"},"wordCount":895,"publisher":{"@id":"https:\/\/www.eyrignac.com\/fr\/#organization"},"image":{"@id":"https:\/\/www.eyrignac.com\/fr\/actualites\/eyrignac-remporte-un-wedding-award-pour-les-mariages-en-dordogne#primaryimage"},"thumbnailUrl":"https:\/\/www.eyrignac.com\/wp-content\/uploads\/2018\/12\/eyrignac_mariage_Karine_Khalid.jpg","articleSection":["Actualit\u00e9s"],"inLanguage":"fr-FR"},{"@type":"WebPage","@id":"https:\/\/www.eyrignac.com\/fr\/actualites\/eyrignac-remporte-un-wedding-award-pour-les-mariages-en-dordogne","url":"https:\/\/www.eyrignac.com\/fr\/actualites\/eyrignac-remporte-un-wedding-award-pour-les-mariages-en-dordogne","name":"Mariage en Dordogne : Eyrignac remporte le Wedding Award 2026","isPartOf":{"@id":"https:\/\/www.eyrignac.com\/fr\/#website"},"primaryImageOfPage":{"@id":"https:\/\/www.eyrignac.com\/fr\/actualites\/eyrignac-remporte-un-wedding-award-pour-les-mariages-en-dordogne#primaryimage"},"image":{"@id":"https:\/\/www.eyrignac.com\/fr\/actualites\/eyrignac-remporte-un-wedding-award-pour-les-mariages-en-dordogne#primaryimage"},"thumbnailUrl":"https:\/\/www.eyrignac.com\/wp-content\/uploads\/2018\/12\/eyrignac_mariage_Karine_Khalid.jpg","datePublished":"2026-01-29T10:57:01+00:00","description":"Eyrignac re\u00e7oit le Wedding Award 2026 et s\u2019impose comme la r\u00e9f\u00e9rence du mariage en Dordogne, au c\u0153ur du P\u00e9rigord Noir, pr\u00e8s de Sarlat.","breadcrumb":{"@id":"https:\/\/www.eyrignac.com\/fr\/actualites\/eyrignac-remporte-un-wedding-award-pour-les-mariages-en-dordogne#breadcrumb"},"inLanguage":"fr-FR","potentialAction":[{"@type":"ReadAction","target":["https:\/\/www.eyrignac.com\/fr\/actualites\/eyrignac-remporte-un-wedding-award-pour-les-mariages-en-dordogne"]}]},{"@type":"ImageObject","inLanguage":"fr-FR","@id":"https:\/\/www.eyrignac.com\/fr\/actualites\/eyrignac-remporte-un-wedding-award-pour-les-mariages-en-dordogne#primaryimage","url":"https:\/\/www.eyrignac.com\/wp-content\/uploads\/2018\/12\/eyrignac_mariage_Karine_Khalid.jpg","contentUrl":"https:\/\/www.eyrignac.com\/wp-content\/uploads\/2018\/12\/eyrignac_mariage_Karine_Khalid.jpg","width":800,"height":533},{"@type":"BreadcrumbList","@id":"https:\/\/www.eyrignac.com\/fr\/actualites\/eyrignac-remporte-un-wedding-award-pour-les-mariages-en-dordogne#breadcrumb","itemListElement":[{"@type":"ListItem","position":1,"name":"Accueil","item":"https:\/\/www.eyrignac.com\/fr"},{"@type":"ListItem","position":2,"name":"Mariage en Dordogne : Les Jardins du Manoir d\u2019Eyrignac remportent un Wedding Award 2026"}]},{"@type":"WebSite","@id":"https:\/\/www.eyrignac.com\/fr\/#website","url":"https:\/\/www.eyrignac.com\/fr\/","name":"Eyrignac et ses jardins","description":"Lieu de verdure unique en Dordogne","publisher":{"@id":"https:\/\/www.eyrignac.com\/fr\/#organization"},"potentialAction":[{"@type":"SearchAction","target":{"@type":"EntryPoint","urlTemplate":"https:\/\/www.eyrignac.com\/fr\/?s={search_term_string}"},"query-input":{"@type":"PropertyValueSpecification","valueRequired":true,"valueName":"search_term_string"}}],"inLanguage":"fr-FR"},{"@type":"Organization","@id":"https:\/\/www.eyrignac.com\/fr\/#organization","name":"Eyrignac","url":"https:\/\/www.eyrignac.com\/fr\/","logo":{"@type":"ImageObject","inLanguage":"fr-FR","@id":"https:\/\/www.eyrignac.com\/fr\/#\/schema\/logo\/image\/","url":"https:\/\/www.eyrignac.com\/wp-content\/uploads\/2017\/12\/logo-eyrignac.png","contentUrl":"https:\/\/www.eyrignac.com\/wp-content\/uploads\/2017\/12\/logo-eyrignac.png","width":500,"height":189,"caption":"Eyrignac"},"image":{"@id":"https:\/\/www.eyrignac.com\/fr\/#\/schema\/logo\/image\/"},"sameAs":["https:\/\/www.facebook.com\/JardinsEyrignac\/","https:\/\/x.com\/eyrignac","https:\/\/www.instagram.com\/eyrignac\/","https:\/\/www.pinterest.fr\/eyrignac\/","https:\/\/www.youtube.com\/channel\/UCjWc47ArIew83eRXXjaBowg"]},{"@type":"Person","@id":"https:\/\/www.eyrignac.com\/fr\/#\/schema\/person\/b4e5794153fc497d1d8f02101a4c82be","name":"C\u00e9cile Engelen"}]}},"_links":{"self":[{"href":"https:\/\/www.eyrignac.com\/fr\/wp-json\/wp\/v2\/posts\/12006","targetHints":{"allow":["GET"]}}],"collection":[{"href":"https:\/\/www.eyrignac.com\/fr\/wp-json\/wp\/v2\/posts"}],"about":[{"href":"https:\/\/www.eyrignac.com\/fr\/wp-json\/wp\/v2\/types\/post"}],"author":[{"embeddable":true,"href":"https:\/\/www.eyrignac.com\/fr\/wp-json\/wp\/v2\/users\/8"}],"replies":[{"embeddable":true,"href":"https:\/\/www.eyrignac.com\/fr\/wp-json\/wp\/v2\/comments?post=12006"}],"version-history":[{"count":10,"href":"https:\/\/www.eyrignac.com\/fr\/wp-json\/wp\/v2\/posts\/12006\/revisions"}],"predecessor-version":[{"id":12020,"href":"https:\/\/www.eyrignac.com\/fr\/wp-json\/wp\/v2\/posts\/12006\/revisions\/12020"}],"wp:featuredmedia":[{"embeddable":true,"href":"https:\/\/www.eyrignac.com\/fr\/wp-json\/wp\/v2\/media\/2467"}],"wp:attachment":[{"href":"https:\/\/www.eyrignac.com\/fr\/wp-json\/wp\/v2\/media?parent=12006"}],"wp:term":[{"taxonomy":"category","embeddable":true,"href":"https:\/\/www.eyrignac.com\/fr\/wp-json\/wp\/v2\/categories?post=12006"},{"taxonomy":"post_tag","embeddable":true,"href":"https:\/\/www.eyrignac.com\/fr\/wp-json\/wp\/v2\/tags?post=12006"}],"curies":[{"name":"wp","href":"https:\/\/api.w.org\/{rel}","templated":true}]}}