{"id":11254,"date":"2026-03-05T11:30:47","date_gmt":"2026-03-05T10:30:47","guid":{"rendered":"https:\/\/www.eyrignac.com\/?p=11254"},"modified":"2026-03-05T11:46:36","modified_gmt":"2026-03-05T10:46:36","slug":"week-end-paques-famille-jardins-eyrignac","status":"publish","type":"post","link":"https:\/\/www.eyrignac.com\/fr\/actualites\/week-end-paques-famille-jardins-eyrignac","title":{"rendered":"Week-end de P\u00e2ques enchant\u00e9 en famille aux jardins d&rsquo;Eyrignac"},"content":{"rendered":"<div class=\"wpb-content-wrapper\"><p>[vc_row][vc_column][vc_column_text css=\u00a0\u00bb\u00a0\u00bb]<\/p>\n<h2>Une escapade f\u00e9\u00e9rique en famille au coeur de la Dordogne<\/h2>\n<p>[\/vc_column_text][vc_column_text css=\u00a0\u00bb\u00a0\u00bb]<strong>\u00c0 l\u2019occasion du week-end de P\u00e2ques, les magnifiques Jardins d\u2019Eyrignac, joyau paysager du P\u00e9rigord Noir, proposent une exp\u00e9rience unique et po\u00e9tique pour petits et grands. Dans ce cadre d\u2019exception, o\u00f9 la nature se pare de ses plus belles couleurs printani\u00e8res, les familles sont invit\u00e9es \u00e0 vivre une journ\u00e9e magique, ludique et gourmande. Entre jeu de piste enchant\u00e9, d\u00e9couverte sensorielle des oiseaux et douceurs artisanales, Eyrignac devient le lieu incontournable pour c\u00e9l\u00e9brer P\u00e2ques en Dordogne.<\/strong>[\/vc_column_text][\/vc_column][\/vc_row][vc_row][vc_column css=\u00a0\u00bb.vc_custom_1606812498020{padding-right: 25px !important;}\u00a0\u00bb][vc_column_text css=\u00a0\u00bb\u00a0\u00bb]<\/p>\n<h2>Jeu de piste : Une chasse aux myst\u00e8res avec les Elfes de P\u00e2ques<\/h2>\n<p>[\/vc_column_text][vc_column_text css=\u00a0\u00bb\u00a0\u00bb]<img decoding=\"async\" class=\"alignleft wp-image-10936 size-medium\" src=\"https:\/\/www.eyrignac.com\/wp-content\/uploads\/2025\/01\/Jeu_Eyrignac-350x250.jpg\" alt=\"Les Secrets du Petit Peuple des Jardins\" width=\"350\" height=\"250\" \/>Durant <strong>le dimanche et le lundi de P\u00e2ques<\/strong>, les Jardins d\u2019Eyrignac se m\u00e9tamorphosent en un royaume enchant\u00e9 peupl\u00e9 d\u2019elfes malicieux.<\/p>\n<p>Les enfants, guid\u00e9s par leur curiosit\u00e9, partiront \u00e0 la <strong>recherche d\u2019un \u0152uf magique<\/strong> dissimul\u00e9 au c\u0153ur des jardins \u00e0 la fran\u00e7aise. Pour le retrouver, il leur faudra percer les secrets de cinq portes myst\u00e9rieuses. Derri\u00e8re chacune, une \u00e9nigme pos\u00e9e par un elfe viendra \u00e9veiller leur sens de l\u2019observation et leur esprit d\u2019\u00e9quipe.<\/p>\n<p>Totalement coop\u00e9ratif, ce <strong>jeu de piste sp\u00e9cial P\u00e2ques<\/strong> offre un moment de complicit\u00e9 en famille et une mani\u00e8re originale d\u2019explorer les vertes all\u00e9es d\u2019Eyrignac. Une fois l\u2019\u0153uf d\u00e9couvert, une <strong>r\u00e9compense chocolat\u00e9e<\/strong> attendra les jeunes aventuriers.[\/vc_column_text][vc_column_text css=\u00a0\u00bb\u00a0\u00bb]<\/p>\n<h2>Le chant des oiseaux : une immersion sensorielle dans la biodiversit\u00e9<\/h2>\n<p>[\/vc_column_text][vc_column_text css=\u00a0\u00bb\u00a0\u00bb]<img decoding=\"async\" class=\"alignleft wp-image-11238 size-thumbnail\" src=\"https:\/\/www.eyrignac.com\/wp-content\/uploads\/2025\/04\/Roitelet-a-triple-bandeau-oiseaux-des-jardins-Eyrignac\u00a9Phototrip-150x150.jpg\" alt=\"Roitelet dans les jardins\" width=\"150\" height=\"150\" srcset=\"https:\/\/www.eyrignac.com\/wp-content\/uploads\/2025\/04\/Roitelet-a-triple-bandeau-oiseaux-des-jardins-Eyrignac\u00a9Phototrip-150x150.jpg 150w, https:\/\/www.eyrignac.com\/wp-content\/uploads\/2025\/04\/Roitelet-a-triple-bandeau-oiseaux-des-jardins-Eyrignac\u00a9Phototrip-120x120.jpg 120w, https:\/\/www.eyrignac.com\/wp-content\/uploads\/2025\/04\/Roitelet-a-triple-bandeau-oiseaux-des-jardins-Eyrignac\u00a9Phototrip-400x400.jpg 400w, https:\/\/www.eyrignac.com\/wp-content\/uploads\/2025\/04\/Roitelet-a-triple-bandeau-oiseaux-des-jardins-Eyrignac\u00a9Phototrip-450x450.jpg 450w, https:\/\/www.eyrignac.com\/wp-content\/uploads\/2025\/04\/Roitelet-a-triple-bandeau-oiseaux-des-jardins-Eyrignac\u00a9Phototrip-100x100.jpg 100w\" sizes=\"(max-width: 150px) 100vw, 150px\" \/>En cette saison o\u00f9 la nature s\u2019\u00e9veille, les jardins r\u00e9sonnent des chants m\u00e9lodieux des oiseaux. Les visiteurs pourront profiter d\u2019un parcours enrichi d\u2019outils p\u00e9dagogiques pour <a href=\"https:\/\/www.eyrignac.com\/fr\/actualites\/decouverte-oiseaux-jardins-eyrignac-dordogne\"><strong>apprendre \u00e0 reconna\u00eetre les esp\u00e8ces<\/strong><\/a> locales par leur plumage ou leur chant.<\/p>\n<p>Une <strong>fiche d\u2019observation<\/strong> est <strong>disponible sur demande<\/strong> \u00e0 la billetterie pour accompagner petits et grands dans cette promenade sensorielle. Ce moment de contemplation ravira les amoureux de la nature et sensibilisera les enfants \u00e0 la richesse de la biodiversit\u00e9 des Jardins d\u2019Eyrignac.[\/vc_column_text][vc_column_text css=\u00a0\u00bb\u00a0\u00bb]<em>Le jeu de piste et la d\u00e9couverte des oiseaux sont inclus dans le billet de visite libre des jardins. Activit\u00e9s propos\u00e9es dans r\u00e9servation.<\/em>[\/vc_column_text][vc_column_text css=\u00a0\u00bb\u00a0\u00bb]<\/p>\n<h2>Une parenth\u00e8se gourmande au Salon de th\u00e9 C\u00f4t\u00e9 Jardins<\/h2>\n<p>[\/vc_column_text][vc_column_text css=\u00a0\u00bb\u00a0\u00bb]<img decoding=\"async\" width=\"150\" height=\"150\" class=\"size-thumbnail wp-image-5225 alignleft\" src=\"https:\/\/www.eyrignac.com\/wp-content\/uploads\/2020\/06\/eyrignac_glace_rose-150x150.jpg\" alt=\"Glace \u00e0 la rose inspir\u00e9e d'Eyrignac et ses Jardins par le ma\u00eetre artisan glacier Roland Manouvrier\" srcset=\"https:\/\/www.eyrignac.com\/wp-content\/uploads\/2020\/06\/eyrignac_glace_rose-150x150.jpg 150w, https:\/\/www.eyrignac.com\/wp-content\/uploads\/2020\/06\/eyrignac_glace_rose-400x400.jpg 400w, https:\/\/www.eyrignac.com\/wp-content\/uploads\/2020\/06\/eyrignac_glace_rose-100x100.jpg 100w, https:\/\/www.eyrignac.com\/wp-content\/uploads\/2020\/06\/eyrignac_glace_rose-450x450.jpg 450w, https:\/\/www.eyrignac.com\/wp-content\/uploads\/2020\/06\/eyrignac_glace_rose-768x768.jpg 768w, https:\/\/www.eyrignac.com\/wp-content\/uploads\/2020\/06\/eyrignac_glace_rose.jpg 1000w\" sizes=\"(max-width: 150px) 100vw, 150px\" \/>Apr\u00e8s l\u2019aventure et la d\u00e9couverte, place \u00e0 la douceur ! Le Restaurant Salon de th\u00e9 C\u00f4t\u00e9 Jardins accueille les visiteurs de 10h \u00e0 19h pour une pause gustative avec vue sur les jardins. Glaces artisanales aux parfums fleuris, douceurs locales et boissons rafra\u00eechissantes sont au menu.<br \/>\nNe manquez pas le dessert signature, <strong>la Roseraie Blanche<\/strong> : une d\u00e9licieuse cr\u00e9ation compos\u00e9e de glace \u00e0 la rose d\u2019Eyrignac, \u00e9clats de roses cristallis\u00e9es, sirop de vanille, biscuit rose de Reims et chantilly. Un hymne aux jardins et au savoir-faire du ma\u00eetre-artisan glacier Roland Manouvrier, pour une fin de visite savoureuse.[\/vc_column_text][vc_column_text css=\u00a0\u00bb\u00a0\u00bb]<strong>P\u00e2ques aux Jardins d\u2019Eyrignac est bien plus qu\u2019une simple sortie : c\u2019est une exp\u00e9rience enchanteresse, \u00e0 la fois p\u00e9dagogique, sensorielle et d\u00e9licieusement r\u00e9gressive. Un rendez-vous immanquable pour les familles en qu\u00eate de s\u00e9r\u00e9nit\u00e9, de beaut\u00e9 et d\u2019\u00e9merveillement. Entre jeux, d\u00e9couvertes et plaisirs gourmands, ce week-end pascal en Dordogne promet de graver de tendres souvenirs dans les c\u0153urs de chacun. <\/strong>[\/vc_column_text][vc_btn title=\u00a0\u00bbBilletterie en ligne\u00a0\u00bb style=\u00a0\u00bbclassic\u00a0\u00bb shape=\u00a0\u00bbsquare\u00a0\u00bb color=\u00a0\u00bbwhite\u00a0\u00bb size=\u00a0\u00bblg\u00a0\u00bb align=\u00a0\u00bbcenter\u00a0\u00bb button_block=\u00a0\u00bbtrue\u00a0\u00bb link=\u00a0\u00bburl:https%3A%2F%2Fwww.eyrignac.com%2Ffr%2Fbilletterie|title:Billetterie|target:_blank\u00a0\u00bb el_class=\u00a0\u00bbupcase or\u00a0\u00bb][\/vc_column][\/vc_row]<\/p>\n<\/div>","protected":false},"excerpt":{"rendered":"\u00c0 l\u2019occasion du week-end de P\u00e2ques, les familles sont invit\u00e9es \u00e0 vivre une journ\u00e9e magique, ludique et gourmande. Entre jeu de piste enchant\u00e9, d\u00e9couverte sensorielle des oiseaux et douceurs artisanales, Eyrignac devient le lieu incontournable pour c\u00e9l\u00e9brer P\u00e2ques en Dordogne.","protected":false},"author":8,"featured_media":11255,"comment_status":"closed","ping_status":"closed","sticky":false,"template":"","format":"standard","meta":{"_acf_changed":false,"footnotes":""},"categories":[5],"tags":[],"class_list":["post-11254","post","type-post","status-publish","format-standard","has-post-thumbnail","hentry","category-actualites"],"acf":[],"yoast_head":"<!-- This site is optimized with the Yoast SEO plugin v27.5 - https:\/\/yoast.com\/product\/yoast-seo-wordpress\/ -->\n<title>Week-end de P\u00e2ques \u00e0 Eyrignac : jeux, visites et chants d&#039;oiseaux<\/title>\n<meta name=\"description\" content=\"Eyrignac &amp; ses Jardins en Dordogne accueille les familles pour P\u00e2ques avec un grand jeu de piste et des chocolats pour P\u00e2ques\" \/>\n<meta name=\"robots\" content=\"index, follow, max-snippet:-1, max-image-preview:large, max-video-preview:-1\" \/>\n<link rel=\"canonical\" href=\"https:\/\/www.eyrignac.com\/fr\/actualites\/week-end-paques-famille-jardins-eyrignac\" \/>\n<meta property=\"og:locale\" content=\"fr_FR\" \/>\n<meta property=\"og:type\" content=\"article\" \/>\n<meta property=\"og:title\" content=\"Week-end de P\u00e2ques \u00e0 Eyrignac : jeux, visites et chants d&#039;oiseaux\" \/>\n<meta property=\"og:description\" content=\"Eyrignac &amp; ses Jardins en Dordogne accueille les familles pour P\u00e2ques avec un grand jeu de piste et des chocolats pour P\u00e2ques\" \/>\n<meta property=\"og:url\" content=\"https:\/\/www.eyrignac.com\/fr\/actualites\/week-end-paques-famille-jardins-eyrignac\" \/>\n<meta property=\"og:site_name\" content=\"Eyrignac et ses jardins\" \/>\n<meta property=\"article:publisher\" content=\"https:\/\/www.facebook.com\/JardinsEyrignac\/\" \/>\n<meta property=\"article:published_time\" content=\"2026-03-05T10:30:47+00:00\" \/>\n<meta property=\"article:modified_time\" content=\"2026-03-05T10:46:36+00:00\" \/>\n<meta property=\"og:image\" content=\"https:\/\/www.eyrignac.com\/wp-content\/uploads\/2025\/04\/Paques_Eyrignac_Parterre_a_la_francaise-3.jpg\" \/>\n\t<meta property=\"og:image:width\" content=\"2032\" \/>\n\t<meta property=\"og:image:height\" content=\"1524\" \/>\n\t<meta property=\"og:image:type\" content=\"image\/jpeg\" \/>\n<meta name=\"author\" content=\"C\u00e9cile Engelen\" \/>\n<meta name=\"twitter:card\" content=\"summary_large_image\" \/>\n<meta name=\"twitter:creator\" content=\"@eyrignac\" \/>\n<meta name=\"twitter:site\" content=\"@eyrignac\" \/>\n<meta name=\"twitter:label1\" content=\"\u00c9crit par\" \/>\n\t<meta name=\"twitter:data1\" content=\"C\u00e9cile Engelen\" \/>\n\t<meta name=\"twitter:label2\" content=\"Dur\u00e9e de lecture estim\u00e9e\" \/>\n\t<meta name=\"twitter:data2\" content=\"3 minutes\" \/>\n<script type=\"application\/ld+json\" class=\"yoast-schema-graph\">{\"@context\":\"https:\\\/\\\/schema.org\",\"@graph\":[{\"@type\":\"Article\",\"@id\":\"https:\\\/\\\/www.eyrignac.com\\\/fr\\\/actualites\\\/week-end-paques-famille-jardins-eyrignac#article\",\"isPartOf\":{\"@id\":\"https:\\\/\\\/www.eyrignac.com\\\/fr\\\/actualites\\\/week-end-paques-famille-jardins-eyrignac\"},\"author\":{\"name\":\"C\u00e9cile Engelen\",\"@id\":\"https:\\\/\\\/www.eyrignac.com\\\/fr\\\/#\\\/schema\\\/person\\\/b4e5794153fc497d1d8f02101a4c82be\"},\"headline\":\"Week-end de P\u00e2ques enchant\u00e9 en famille aux jardins d&rsquo;Eyrignac\",\"datePublished\":\"2026-03-05T10:30:47+00:00\",\"dateModified\":\"2026-03-05T10:46:36+00:00\",\"mainEntityOfPage\":{\"@id\":\"https:\\\/\\\/www.eyrignac.com\\\/fr\\\/actualites\\\/week-end-paques-famille-jardins-eyrignac\"},\"wordCount\":688,\"publisher\":{\"@id\":\"https:\\\/\\\/www.eyrignac.com\\\/fr\\\/#organization\"},\"image\":{\"@id\":\"https:\\\/\\\/www.eyrignac.com\\\/fr\\\/actualites\\\/week-end-paques-famille-jardins-eyrignac#primaryimage\"},\"thumbnailUrl\":\"https:\\\/\\\/www.eyrignac.com\\\/wp-content\\\/uploads\\\/2025\\\/04\\\/Paques_Eyrignac_Parterre_a_la_francaise-3.jpg\",\"articleSection\":[\"Actualit\u00e9s\"],\"inLanguage\":\"fr-FR\"},{\"@type\":\"WebPage\",\"@id\":\"https:\\\/\\\/www.eyrignac.com\\\/fr\\\/actualites\\\/week-end-paques-famille-jardins-eyrignac\",\"url\":\"https:\\\/\\\/www.eyrignac.com\\\/fr\\\/actualites\\\/week-end-paques-famille-jardins-eyrignac\",\"name\":\"Week-end de P\u00e2ques \u00e0 Eyrignac : jeux, visites et chants d'oiseaux\",\"isPartOf\":{\"@id\":\"https:\\\/\\\/www.eyrignac.com\\\/fr\\\/#website\"},\"primaryImageOfPage\":{\"@id\":\"https:\\\/\\\/www.eyrignac.com\\\/fr\\\/actualites\\\/week-end-paques-famille-jardins-eyrignac#primaryimage\"},\"image\":{\"@id\":\"https:\\\/\\\/www.eyrignac.com\\\/fr\\\/actualites\\\/week-end-paques-famille-jardins-eyrignac#primaryimage\"},\"thumbnailUrl\":\"https:\\\/\\\/www.eyrignac.com\\\/wp-content\\\/uploads\\\/2025\\\/04\\\/Paques_Eyrignac_Parterre_a_la_francaise-3.jpg\",\"datePublished\":\"2026-03-05T10:30:47+00:00\",\"dateModified\":\"2026-03-05T10:46:36+00:00\",\"description\":\"Eyrignac & ses Jardins en Dordogne accueille les familles pour P\u00e2ques avec un grand jeu de piste et des chocolats pour P\u00e2ques\",\"breadcrumb\":{\"@id\":\"https:\\\/\\\/www.eyrignac.com\\\/fr\\\/actualites\\\/week-end-paques-famille-jardins-eyrignac#breadcrumb\"},\"inLanguage\":\"fr-FR\",\"potentialAction\":[{\"@type\":\"ReadAction\",\"target\":[\"https:\\\/\\\/www.eyrignac.com\\\/fr\\\/actualites\\\/week-end-paques-famille-jardins-eyrignac\"]}]},{\"@type\":\"ImageObject\",\"inLanguage\":\"fr-FR\",\"@id\":\"https:\\\/\\\/www.eyrignac.com\\\/fr\\\/actualites\\\/week-end-paques-famille-jardins-eyrignac#primaryimage\",\"url\":\"https:\\\/\\\/www.eyrignac.com\\\/wp-content\\\/uploads\\\/2025\\\/04\\\/Paques_Eyrignac_Parterre_a_la_francaise-3.jpg\",\"contentUrl\":\"https:\\\/\\\/www.eyrignac.com\\\/wp-content\\\/uploads\\\/2025\\\/04\\\/Paques_Eyrignac_Parterre_a_la_francaise-3.jpg\",\"width\":2032,\"height\":1524,\"caption\":\"P\u00e2ques \u00e0 Eyrignac\"},{\"@type\":\"BreadcrumbList\",\"@id\":\"https:\\\/\\\/www.eyrignac.com\\\/fr\\\/actualites\\\/week-end-paques-famille-jardins-eyrignac#breadcrumb\",\"itemListElement\":[{\"@type\":\"ListItem\",\"position\":1,\"name\":\"Accueil\",\"item\":\"https:\\\/\\\/www.eyrignac.com\\\/fr\"},{\"@type\":\"ListItem\",\"position\":2,\"name\":\"Week-end de P\u00e2ques enchant\u00e9 en famille aux jardins d&rsquo;Eyrignac\"}]},{\"@type\":\"WebSite\",\"@id\":\"https:\\\/\\\/www.eyrignac.com\\\/fr\\\/#website\",\"url\":\"https:\\\/\\\/www.eyrignac.com\\\/fr\\\/\",\"name\":\"Eyrignac et ses jardins\",\"description\":\"Lieu de verdure unique en Dordogne\",\"publisher\":{\"@id\":\"https:\\\/\\\/www.eyrignac.com\\\/fr\\\/#organization\"},\"potentialAction\":[{\"@type\":\"SearchAction\",\"target\":{\"@type\":\"EntryPoint\",\"urlTemplate\":\"https:\\\/\\\/www.eyrignac.com\\\/fr\\\/?s={search_term_string}\"},\"query-input\":{\"@type\":\"PropertyValueSpecification\",\"valueRequired\":true,\"valueName\":\"search_term_string\"}}],\"inLanguage\":\"fr-FR\"},{\"@type\":\"Organization\",\"@id\":\"https:\\\/\\\/www.eyrignac.com\\\/fr\\\/#organization\",\"name\":\"Eyrignac\",\"url\":\"https:\\\/\\\/www.eyrignac.com\\\/fr\\\/\",\"logo\":{\"@type\":\"ImageObject\",\"inLanguage\":\"fr-FR\",\"@id\":\"https:\\\/\\\/www.eyrignac.com\\\/fr\\\/#\\\/schema\\\/logo\\\/image\\\/\",\"url\":\"https:\\\/\\\/www.eyrignac.com\\\/wp-content\\\/uploads\\\/2017\\\/12\\\/logo-eyrignac.png\",\"contentUrl\":\"https:\\\/\\\/www.eyrignac.com\\\/wp-content\\\/uploads\\\/2017\\\/12\\\/logo-eyrignac.png\",\"width\":500,\"height\":189,\"caption\":\"Eyrignac\"},\"image\":{\"@id\":\"https:\\\/\\\/www.eyrignac.com\\\/fr\\\/#\\\/schema\\\/logo\\\/image\\\/\"},\"sameAs\":[\"https:\\\/\\\/www.facebook.com\\\/JardinsEyrignac\\\/\",\"https:\\\/\\\/x.com\\\/eyrignac\",\"https:\\\/\\\/www.instagram.com\\\/eyrignac\\\/\",\"https:\\\/\\\/www.pinterest.fr\\\/eyrignac\\\/\",\"https:\\\/\\\/www.youtube.com\\\/channel\\\/UCjWc47ArIew83eRXXjaBowg\"]},{\"@type\":\"Person\",\"@id\":\"https:\\\/\\\/www.eyrignac.com\\\/fr\\\/#\\\/schema\\\/person\\\/b4e5794153fc497d1d8f02101a4c82be\",\"name\":\"C\u00e9cile Engelen\"}]}<\/script>\n<!-- \/ Yoast SEO plugin. -->","yoast_head_json":{"title":"Week-end de P\u00e2ques \u00e0 Eyrignac : jeux, visites et chants d'oiseaux","description":"Eyrignac & ses Jardins en Dordogne accueille les familles pour P\u00e2ques avec un grand jeu de piste et des chocolats pour P\u00e2ques","robots":{"index":"index","follow":"follow","max-snippet":"max-snippet:-1","max-image-preview":"max-image-preview:large","max-video-preview":"max-video-preview:-1"},"canonical":"https:\/\/www.eyrignac.com\/fr\/actualites\/week-end-paques-famille-jardins-eyrignac","og_locale":"fr_FR","og_type":"article","og_title":"Week-end de P\u00e2ques \u00e0 Eyrignac : jeux, visites et chants d'oiseaux","og_description":"Eyrignac & ses Jardins en Dordogne accueille les familles pour P\u00e2ques avec un grand jeu de piste et des chocolats pour P\u00e2ques","og_url":"https:\/\/www.eyrignac.com\/fr\/actualites\/week-end-paques-famille-jardins-eyrignac","og_site_name":"Eyrignac et ses jardins","article_publisher":"https:\/\/www.facebook.com\/JardinsEyrignac\/","article_published_time":"2026-03-05T10:30:47+00:00","article_modified_time":"2026-03-05T10:46:36+00:00","og_image":[{"width":2032,"height":1524,"url":"https:\/\/www.eyrignac.com\/wp-content\/uploads\/2025\/04\/Paques_Eyrignac_Parterre_a_la_francaise-3.jpg","type":"image\/jpeg"}],"author":"C\u00e9cile Engelen","twitter_card":"summary_large_image","twitter_creator":"@eyrignac","twitter_site":"@eyrignac","twitter_misc":{"\u00c9crit par":"C\u00e9cile Engelen","Dur\u00e9e de lecture estim\u00e9e":"3 minutes"},"schema":{"@context":"https:\/\/schema.org","@graph":[{"@type":"Article","@id":"https:\/\/www.eyrignac.com\/fr\/actualites\/week-end-paques-famille-jardins-eyrignac#article","isPartOf":{"@id":"https:\/\/www.eyrignac.com\/fr\/actualites\/week-end-paques-famille-jardins-eyrignac"},"author":{"name":"C\u00e9cile Engelen","@id":"https:\/\/www.eyrignac.com\/fr\/#\/schema\/person\/b4e5794153fc497d1d8f02101a4c82be"},"headline":"Week-end de P\u00e2ques enchant\u00e9 en famille aux jardins d&rsquo;Eyrignac","datePublished":"2026-03-05T10:30:47+00:00","dateModified":"2026-03-05T10:46:36+00:00","mainEntityOfPage":{"@id":"https:\/\/www.eyrignac.com\/fr\/actualites\/week-end-paques-famille-jardins-eyrignac"},"wordCount":688,"publisher":{"@id":"https:\/\/www.eyrignac.com\/fr\/#organization"},"image":{"@id":"https:\/\/www.eyrignac.com\/fr\/actualites\/week-end-paques-famille-jardins-eyrignac#primaryimage"},"thumbnailUrl":"https:\/\/www.eyrignac.com\/wp-content\/uploads\/2025\/04\/Paques_Eyrignac_Parterre_a_la_francaise-3.jpg","articleSection":["Actualit\u00e9s"],"inLanguage":"fr-FR"},{"@type":"WebPage","@id":"https:\/\/www.eyrignac.com\/fr\/actualites\/week-end-paques-famille-jardins-eyrignac","url":"https:\/\/www.eyrignac.com\/fr\/actualites\/week-end-paques-famille-jardins-eyrignac","name":"Week-end de P\u00e2ques \u00e0 Eyrignac : jeux, visites et chants d'oiseaux","isPartOf":{"@id":"https:\/\/www.eyrignac.com\/fr\/#website"},"primaryImageOfPage":{"@id":"https:\/\/www.eyrignac.com\/fr\/actualites\/week-end-paques-famille-jardins-eyrignac#primaryimage"},"image":{"@id":"https:\/\/www.eyrignac.com\/fr\/actualites\/week-end-paques-famille-jardins-eyrignac#primaryimage"},"thumbnailUrl":"https:\/\/www.eyrignac.com\/wp-content\/uploads\/2025\/04\/Paques_Eyrignac_Parterre_a_la_francaise-3.jpg","datePublished":"2026-03-05T10:30:47+00:00","dateModified":"2026-03-05T10:46:36+00:00","description":"Eyrignac & ses Jardins en Dordogne accueille les familles pour P\u00e2ques avec un grand jeu de piste et des chocolats pour P\u00e2ques","breadcrumb":{"@id":"https:\/\/www.eyrignac.com\/fr\/actualites\/week-end-paques-famille-jardins-eyrignac#breadcrumb"},"inLanguage":"fr-FR","potentialAction":[{"@type":"ReadAction","target":["https:\/\/www.eyrignac.com\/fr\/actualites\/week-end-paques-famille-jardins-eyrignac"]}]},{"@type":"ImageObject","inLanguage":"fr-FR","@id":"https:\/\/www.eyrignac.com\/fr\/actualites\/week-end-paques-famille-jardins-eyrignac#primaryimage","url":"https:\/\/www.eyrignac.com\/wp-content\/uploads\/2025\/04\/Paques_Eyrignac_Parterre_a_la_francaise-3.jpg","contentUrl":"https:\/\/www.eyrignac.com\/wp-content\/uploads\/2025\/04\/Paques_Eyrignac_Parterre_a_la_francaise-3.jpg","width":2032,"height":1524,"caption":"P\u00e2ques \u00e0 Eyrignac"},{"@type":"BreadcrumbList","@id":"https:\/\/www.eyrignac.com\/fr\/actualites\/week-end-paques-famille-jardins-eyrignac#breadcrumb","itemListElement":[{"@type":"ListItem","position":1,"name":"Accueil","item":"https:\/\/www.eyrignac.com\/fr"},{"@type":"ListItem","position":2,"name":"Week-end de P\u00e2ques enchant\u00e9 en famille aux jardins d&rsquo;Eyrignac"}]},{"@type":"WebSite","@id":"https:\/\/www.eyrignac.com\/fr\/#website","url":"https:\/\/www.eyrignac.com\/fr\/","name":"Eyrignac et ses jardins","description":"Lieu de verdure unique en Dordogne","publisher":{"@id":"https:\/\/www.eyrignac.com\/fr\/#organization"},"potentialAction":[{"@type":"SearchAction","target":{"@type":"EntryPoint","urlTemplate":"https:\/\/www.eyrignac.com\/fr\/?s={search_term_string}"},"query-input":{"@type":"PropertyValueSpecification","valueRequired":true,"valueName":"search_term_string"}}],"inLanguage":"fr-FR"},{"@type":"Organization","@id":"https:\/\/www.eyrignac.com\/fr\/#organization","name":"Eyrignac","url":"https:\/\/www.eyrignac.com\/fr\/","logo":{"@type":"ImageObject","inLanguage":"fr-FR","@id":"https:\/\/www.eyrignac.com\/fr\/#\/schema\/logo\/image\/","url":"https:\/\/www.eyrignac.com\/wp-content\/uploads\/2017\/12\/logo-eyrignac.png","contentUrl":"https:\/\/www.eyrignac.com\/wp-content\/uploads\/2017\/12\/logo-eyrignac.png","width":500,"height":189,"caption":"Eyrignac"},"image":{"@id":"https:\/\/www.eyrignac.com\/fr\/#\/schema\/logo\/image\/"},"sameAs":["https:\/\/www.facebook.com\/JardinsEyrignac\/","https:\/\/x.com\/eyrignac","https:\/\/www.instagram.com\/eyrignac\/","https:\/\/www.pinterest.fr\/eyrignac\/","https:\/\/www.youtube.com\/channel\/UCjWc47ArIew83eRXXjaBowg"]},{"@type":"Person","@id":"https:\/\/www.eyrignac.com\/fr\/#\/schema\/person\/b4e5794153fc497d1d8f02101a4c82be","name":"C\u00e9cile Engelen"}]}},"_links":{"self":[{"href":"https:\/\/www.eyrignac.com\/fr\/wp-json\/wp\/v2\/posts\/11254","targetHints":{"allow":["GET"]}}],"collection":[{"href":"https:\/\/www.eyrignac.com\/fr\/wp-json\/wp\/v2\/posts"}],"about":[{"href":"https:\/\/www.eyrignac.com\/fr\/wp-json\/wp\/v2\/types\/post"}],"author":[{"embeddable":true,"href":"https:\/\/www.eyrignac.com\/fr\/wp-json\/wp\/v2\/users\/8"}],"replies":[{"embeddable":true,"href":"https:\/\/www.eyrignac.com\/fr\/wp-json\/wp\/v2\/comments?post=11254"}],"version-history":[{"count":1,"href":"https:\/\/www.eyrignac.com\/fr\/wp-json\/wp\/v2\/posts\/11254\/revisions"}],"predecessor-version":[{"id":12130,"href":"https:\/\/www.eyrignac.com\/fr\/wp-json\/wp\/v2\/posts\/11254\/revisions\/12130"}],"wp:featuredmedia":[{"embeddable":true,"href":"https:\/\/www.eyrignac.com\/fr\/wp-json\/wp\/v2\/media\/11255"}],"wp:attachment":[{"href":"https:\/\/www.eyrignac.com\/fr\/wp-json\/wp\/v2\/media?parent=11254"}],"wp:term":[{"taxonomy":"category","embeddable":true,"href":"https:\/\/www.eyrignac.com\/fr\/wp-json\/wp\/v2\/categories?post=11254"},{"taxonomy":"post_tag","embeddable":true,"href":"https:\/\/www.eyrignac.com\/fr\/wp-json\/wp\/v2\/tags?post=11254"}],"curies":[{"name":"wp","href":"https:\/\/api.w.org\/{rel}","templated":true}]}}