{"id":11221,"date":"2025-04-20T12:08:21","date_gmt":"2025-04-20T10:08:21","guid":{"rendered":"https:\/\/www.eyrignac.com\/?p=11221"},"modified":"2025-05-12T11:18:03","modified_gmt":"2025-05-12T09:18:03","slug":"decouverte-oiseaux-jardins-eyrignac-dordogne","status":"publish","type":"post","link":"https:\/\/www.eyrignac.com\/fr\/actualites\/decouverte-oiseaux-jardins-eyrignac-dordogne","title":{"rendered":"D\u00e9couverte des oiseaux aux Jardins d\u2019Eyrignac : une visite \u00e0 l&rsquo;\u00e9coute de la nature en Dordogne"},"content":{"rendered":"<div class=\"wpb-content-wrapper\"><p>[vc_row][vc_column][vc_column_text css=\u00a0\u00bb\u00a0\u00bb]<\/p>\n<h2>Nouveaut\u00e9 : Eyrignac se d\u00e9voile aussi\u2026 par les chants des oiseaux des jardins<\/h2>\n<p>[\/vc_column_text][vc_column_text css=\u00a0\u00bb\u00a0\u00bb]<img decoding=\"async\" class=\"alignleft wp-image-11230 size-thumbnail\" src=\"https:\/\/www.eyrignac.com\/wp-content\/uploads\/2025\/04\/rouge-gorge-allee-des-charmes-eyrignac-150x150.jpg\" alt=\"Rouge-Gorge devant l'all\u00e9e des charmes d'Eyrignac\" width=\"150\" height=\"150\" srcset=\"https:\/\/www.eyrignac.com\/wp-content\/uploads\/2025\/04\/rouge-gorge-allee-des-charmes-eyrignac-150x150.jpg 150w, https:\/\/www.eyrignac.com\/wp-content\/uploads\/2025\/04\/rouge-gorge-allee-des-charmes-eyrignac-120x120.jpg 120w, https:\/\/www.eyrignac.com\/wp-content\/uploads\/2025\/04\/rouge-gorge-allee-des-charmes-eyrignac-400x400.jpg 400w, https:\/\/www.eyrignac.com\/wp-content\/uploads\/2025\/04\/rouge-gorge-allee-des-charmes-eyrignac-450x450.jpg 450w, https:\/\/www.eyrignac.com\/wp-content\/uploads\/2025\/04\/rouge-gorge-allee-des-charmes-eyrignac-100x100.jpg 100w\" sizes=\"(max-width: 150px) 100vw, 150px\" \/>Situ\u00e9s \u00e0 seulement 13 kilom\u00e8tres de Sarlat, en plein c\u0153ur du P\u00e9rigord Noir, les jardins d\u2019Eyrignac sont depuis longtemps reconnus pour l\u2019harmonie parfaite de leur jardin \u00e0 la fran\u00e7aise, leur \u00e9l\u00e9gance intemporelle et l\u2019\u00e9motion qu\u2019ils suscitent chez les visiteurs.<\/p>\n<p>En 2025, ce lieu d\u2019exception s\u2019enrichit d\u2019une nouvelle proposition de visite, aussi p\u00e9dagogique que po\u00e9tique : une <strong>d\u00e9couverte sonore et visuelle des oiseaux des jardins peuplant le domaine<\/strong>, accessible \u00e0 tous, petits et grands.<\/p>\n<p>Gr\u00e2ce \u00e0 une <strong>fiche d\u2019observation et un audioguide disponible sur smartphone<\/strong>, chaque visiteur est d\u00e9sormais invit\u00e9 \u00e0 tendre l\u2019oreille et ouvrir les yeux pour mieux percevoir le monde discret et fascinant des oiseaux d\u2019Eyrignac.<\/p>\n<p>Des <strong>QR codes, discr\u00e8tement plac\u00e9s le long du parcours<\/strong>, permettent d\u2019acc\u00e9der aux commentaires audio qui d\u00e9voilent les secrets des esp\u00e8ces locales. Cette nouveaut\u00e9 enrichit l\u2019exp\u00e9rience sensorielle des jardins, et r\u00e9v\u00e8le combien <strong>la beaut\u00e9 des lieux dialogue avec la richesse du vivant<\/strong>.[\/vc_column_text][\/vc_column][\/vc_row][vc_row][vc_column width=\u00a0\u00bb2\/3&Prime; css=\u00a0\u00bb.vc_custom_1744708990073{background-color: #EDF7E6 !important;}\u00a0\u00bb][vc_column_text css=\u00a0\u00bb\u00a0\u00bb]<\/p>\n<h2>Les oiseaux des jardins d&rsquo;Eyrignac &#8211; pratique<\/h2>\n<p>[\/vc_column_text][vc_column_text css=\u00a0\u00bb\u00a0\u00bb]<\/p>\n<ul>\n<li>Commentaire audioguid\u00e9 inclus dans le visite libre des jardins<\/li>\n<li>Accessible tous les jours de l&rsquo;ann\u00e9e<\/li>\n<li>Fiche d&rsquo;observation disponible sur demande \u00e0 la billetterie<\/li>\n<\/ul>\n<p>[\/vc_column_text][\/vc_column][vc_column width=\u00a0\u00bb1\/3&Prime;][vc_single_image image=\u00a0\u00bb11225&Prime; img_size=\u00a0\u00bbfull\u00a0\u00bb css=\u00a0\u00bb\u00a0\u00bb][\/vc_column][\/vc_row][vc_row][vc_column][vc_column_text css=\u00a0\u00bb\u00a0\u00bb]<\/p>\n<h2>Une promenade dans les jardins, guid\u00e9e par les chants d\u2019oiseaux et l\u2019\u00e9veil des sens<\/h2>\n<p>[\/vc_column_text][vc_column_text css=\u00a0\u00bb\u00a0\u00bb]L\u2019id\u00e9e de cette nouvelle visite est n\u00e9e au printemps 2024, lorsque l\u2019\u00e9quipe d\u2019Eyrignac a convi\u00e9 une ornithologue, b\u00e9n\u00e9vole la <a href=\"https:\/\/www.lpo.fr\/\">LPO<\/a> et sp\u00e9cialis\u00e9e dans les randonn\u00e9es d&rsquo;observation, pour mener un inventaire minutieux des esp\u00e8ces pr\u00e9sentes sur le domaine.<\/p>\n<p>Durant deux jours, la sp\u00e9cialiste a observ\u00e9 et \u00e9cout\u00e9 les oiseaux depuis <strong>quinze points d\u2019observation d\u00e9finis dans les jardins et le long des <a href=\"https:\/\/www.eyrignac.com\/fr\/decouvrir-les-jardins-eyrignac\/les-sentiers-botaniques-eyrignac\">sentiers botaniques<\/a><\/strong>, profitant d\u2019une m\u00e9t\u00e9o id\u00e9ale et du mois d\u2019avril, p\u00e9riode propice \u00e0 la nidification.<\/p>\n<p>De la <strong>cour du <a href=\"https:\/\/www.eyrignac.com\/fr\/decouvrir-les-jardins-eyrignac\/le-manoir-artaban-eyrignac\">Manoir<\/a><\/strong> au<strong> bois de la <a href=\"https:\/\/www.eyrignac.com\/fr\/decouvrir-les-jardins-eyrignac\/la-pagode-chinoise-eyrignac\">pagode chinoise<\/a><\/strong>, en passant par le<strong> <a href=\"https:\/\/www.eyrignac.com\/fr\/decouvrir-les-jardins-eyrignac\/jardin-fleuriste-potager\">jardin fleuriste<\/a><\/strong>, le <strong>verger du <a href=\"https:\/\/www.eyrignac.com\/fr\/decouvrir-les-jardins-eyrignac\/jardin-sources-pres-fleuris-eyrignac\">Jardin des Sources<\/a><\/strong> ou encore le <strong>Pavillon de Repos<\/strong>, chaque halte ornithologique correspond \u00e0 un <strong>lieu embl\u00e9matique du parcours de visite<\/strong>. Les sentiers botaniques, eux aussi ponctu\u00e9s de balises d\u2019\u00e9coute, offrent une immersion douce dans une nature pr\u00e9serv\u00e9e.<\/p>\n<p>Cet inventaire rigoureux a permis d\u2019identifier <strong>plus de 30 esp\u00e8ces d\u2019oiseaux<\/strong>, dont une majorit\u00e9 nichent au c\u0153ur m\u00eame des jardins. Parmi elles, les familiers merles, rouges-gorges et m\u00e9sanges c\u00f4toient des esp\u00e8ces plus discr\u00e8tes et po\u00e9tiquement nomm\u00e9es : <strong>le Pouillot V\u00e9loce, le Pouillot de Bonelli, la Sittelle Torchepot<\/strong> ou encore <strong>l\u2019Alouette Lulu<\/strong>.<\/p>\n<p>Cette richesse ornithologique est le fruit d\u2019une <strong>gestion raisonn\u00e9e et \u00e9co-responsable des jardins<\/strong> : \u00e0 Eyrignac, la <strong>rigueur de la taille et la ma\u00eetrise de l\u2019esth\u00e9tique paysag\u00e8re s\u2019allient au respect des cycles naturels<\/strong>, offrant un habitat id\u00e9al \u00e0 une biodiversit\u00e9 foisonnante.[\/vc_column_text][vc_column_text css=\u00a0\u00bb\u00a0\u00bb]<\/p>\n<h2>Un moment de d\u00e9couverte pour toute la famille, au c\u0153ur du P\u00e9rigord Noir<\/h2>\n<p>[\/vc_column_text][vc_column_text css=\u00a0\u00bb\u00a0\u00bb]Ce nouveau parcours est une <strong>invitation \u00e0 ralentir<\/strong>, \u00e0 \u00e9couter, \u00e0 apprendre&#8230; et \u00e0 s\u2019\u00e9merveiller. Il s\u2019adresse \u00e0 <strong>tous les publics<\/strong> : les amoureux de la nature, les curieux, les familles en qu\u00eate d\u2019activit\u00e9s ludiques et \u00e9ducatives, et tous ceux qui souhaitent vivre une exp\u00e9rience diff\u00e9rente, sensible et enrichissante.<br \/>\nPour les enfants, c\u2019est l\u2019occasion d\u2019un <strong>jeu d\u2019observation grandeur nature<\/strong>, une mani\u00e8re vivante d\u2019entrer en contact avec le monde animal. Pour les adultes, c\u2019est une parenth\u00e8se de s\u00e9r\u00e9nit\u00e9, un retour \u00e0 l\u2019essentiel, dans <strong>l\u2019un des plus beaux jardins de Dordogne<\/strong>.[\/vc_column_text][vc_masonry_media_grid css=\u00a0\u00bb\u00a0\u00bb grid_id=\u00a0\u00bbvc_gid:1744711706691-e52338df-605c-10&Prime; include=\u00a0\u00bb11238,11234,11236&Prime;][\/vc_column][\/vc_row][vc_row][vc_column][vc_column_text css=\u00a0\u00bb\u00a0\u00bb]<\/p>\n<h2>Une visite \u00e0 ne pas manquer lors de votre s\u00e9jour en Dordogne<\/h2>\n<p>[\/vc_column_text][vc_column_text css=\u00a0\u00bb\u00a0\u00bb]En m\u00ealant <strong>patrimoine paysager, \u00e9coute attentive et apprentissage,<\/strong> les jardins d\u2019Eyrignac confirment leur statut de <strong>site incontournable en P\u00e9rigord Noir<\/strong>, o\u00f9 la nature s\u2019exprime sous toutes ses formes. Cette nouveaut\u00e9 2025 illustre pleinement leur volont\u00e9 de proposer des<strong> visites vivantes, ancr\u00e9es dans la beaut\u00e9 et la pr\u00e9servation du vivant<\/strong>.<br \/>\n<strong>\u00c0 seulement 13 km de Sarlat<\/strong>, venez vivre une exp\u00e9rience in\u00e9dite dans ces jardins d\u2019exception. Laissez-vous guider par les chants d\u2019oiseaux, red\u00e9couvrez le plaisir de l\u2019observation lente et repartez les yeux pleins de verdure\u2026 et les oreilles encore pleines de musique naturelle.[\/vc_column_text][\/vc_column][\/vc_row]<\/p>\n<\/div>","protected":false},"excerpt":{"rendered":"Les visiteurs d\u2019Eyrignac peuvent d\u00e9sormais vivre une exp\u00e9rience in\u00e9dite : une d\u00e9couverte sonore et visuelle des oiseaux des jardins, \u00e0 travers une fiche d\u2019observation et un audioguide accessible via QR codes tout au long du parcours","protected":false},"author":8,"featured_media":11230,"comment_status":"closed","ping_status":"open","sticky":false,"template":"","format":"standard","meta":{"_acf_changed":false,"footnotes":""},"categories":[5],"tags":[],"class_list":["post-11221","post","type-post","status-publish","format-standard","has-post-thumbnail","hentry","category-actualites"],"acf":[],"yoast_head":"<!-- This site is optimized with the Yoast SEO plugin v27.5 - https:\/\/yoast.com\/product\/yoast-seo-wordpress\/ -->\n<title>Les oiseaux des jardins d\u2019Eyrignac en Dordogne, nouvelle visite<\/title>\n<meta name=\"description\" content=\"Les jardins d&#039;Eyrignac en Dordogne int\u00e8grent d\u00e9sormais \u00e0 la visite libre des jardins une d\u00e9couverte visuelle et sonore des oiseaux\" \/>\n<meta name=\"robots\" content=\"index, follow, max-snippet:-1, max-image-preview:large, max-video-preview:-1\" \/>\n<link rel=\"canonical\" href=\"https:\/\/www.eyrignac.com\/fr\/actualites\/decouverte-oiseaux-jardins-eyrignac-dordogne\" \/>\n<meta property=\"og:locale\" content=\"fr_FR\" \/>\n<meta property=\"og:type\" content=\"article\" \/>\n<meta property=\"og:title\" content=\"Les oiseaux des jardins d\u2019Eyrignac en Dordogne, nouvelle visite\" \/>\n<meta property=\"og:description\" content=\"Les jardins d&#039;Eyrignac en Dordogne int\u00e8grent d\u00e9sormais \u00e0 la visite libre des jardins une d\u00e9couverte visuelle et sonore des oiseaux\" \/>\n<meta property=\"og:url\" content=\"https:\/\/www.eyrignac.com\/fr\/actualites\/decouverte-oiseaux-jardins-eyrignac-dordogne\" \/>\n<meta property=\"og:site_name\" content=\"Eyrignac et ses jardins\" \/>\n<meta property=\"article:publisher\" content=\"https:\/\/www.facebook.com\/JardinsEyrignac\/\" \/>\n<meta property=\"article:published_time\" content=\"2025-04-20T10:08:21+00:00\" \/>\n<meta property=\"article:modified_time\" content=\"2025-05-12T09:18:03+00:00\" \/>\n<meta property=\"og:image\" content=\"https:\/\/www.eyrignac.com\/wp-content\/uploads\/2025\/04\/rouge-gorge-allee-des-charmes-eyrignac.jpg\" \/>\n\t<meta property=\"og:image:width\" content=\"768\" \/>\n\t<meta property=\"og:image:height\" content=\"582\" \/>\n\t<meta property=\"og:image:type\" content=\"image\/jpeg\" \/>\n<meta name=\"author\" content=\"C\u00e9cile Engelen\" \/>\n<meta name=\"twitter:card\" content=\"summary_large_image\" \/>\n<meta name=\"twitter:creator\" content=\"@eyrignac\" \/>\n<meta name=\"twitter:site\" content=\"@eyrignac\" \/>\n<meta name=\"twitter:label1\" content=\"\u00c9crit par\" \/>\n\t<meta name=\"twitter:data1\" content=\"C\u00e9cile Engelen\" \/>\n\t<meta name=\"twitter:label2\" content=\"Dur\u00e9e de lecture estim\u00e9e\" \/>\n\t<meta name=\"twitter:data2\" content=\"4 minutes\" \/>\n<script type=\"application\/ld+json\" class=\"yoast-schema-graph\">{\"@context\":\"https:\\\/\\\/schema.org\",\"@graph\":[{\"@type\":\"Article\",\"@id\":\"https:\\\/\\\/www.eyrignac.com\\\/fr\\\/actualites\\\/decouverte-oiseaux-jardins-eyrignac-dordogne#article\",\"isPartOf\":{\"@id\":\"https:\\\/\\\/www.eyrignac.com\\\/fr\\\/actualites\\\/decouverte-oiseaux-jardins-eyrignac-dordogne\"},\"author\":{\"name\":\"C\u00e9cile Engelen\",\"@id\":\"https:\\\/\\\/www.eyrignac.com\\\/fr\\\/#\\\/schema\\\/person\\\/b4e5794153fc497d1d8f02101a4c82be\"},\"headline\":\"D\u00e9couverte des oiseaux aux Jardins d\u2019Eyrignac : une visite \u00e0 l&rsquo;\u00e9coute de la nature en Dordogne\",\"datePublished\":\"2025-04-20T10:08:21+00:00\",\"dateModified\":\"2025-05-12T09:18:03+00:00\",\"mainEntityOfPage\":{\"@id\":\"https:\\\/\\\/www.eyrignac.com\\\/fr\\\/actualites\\\/decouverte-oiseaux-jardins-eyrignac-dordogne\"},\"wordCount\":881,\"publisher\":{\"@id\":\"https:\\\/\\\/www.eyrignac.com\\\/fr\\\/#organization\"},\"image\":{\"@id\":\"https:\\\/\\\/www.eyrignac.com\\\/fr\\\/actualites\\\/decouverte-oiseaux-jardins-eyrignac-dordogne#primaryimage\"},\"thumbnailUrl\":\"https:\\\/\\\/www.eyrignac.com\\\/wp-content\\\/uploads\\\/2025\\\/04\\\/rouge-gorge-allee-des-charmes-eyrignac.jpg\",\"articleSection\":[\"Actualit\u00e9s\"],\"inLanguage\":\"fr-FR\"},{\"@type\":\"WebPage\",\"@id\":\"https:\\\/\\\/www.eyrignac.com\\\/fr\\\/actualites\\\/decouverte-oiseaux-jardins-eyrignac-dordogne\",\"url\":\"https:\\\/\\\/www.eyrignac.com\\\/fr\\\/actualites\\\/decouverte-oiseaux-jardins-eyrignac-dordogne\",\"name\":\"Les oiseaux des jardins d\u2019Eyrignac en Dordogne, nouvelle visite\",\"isPartOf\":{\"@id\":\"https:\\\/\\\/www.eyrignac.com\\\/fr\\\/#website\"},\"primaryImageOfPage\":{\"@id\":\"https:\\\/\\\/www.eyrignac.com\\\/fr\\\/actualites\\\/decouverte-oiseaux-jardins-eyrignac-dordogne#primaryimage\"},\"image\":{\"@id\":\"https:\\\/\\\/www.eyrignac.com\\\/fr\\\/actualites\\\/decouverte-oiseaux-jardins-eyrignac-dordogne#primaryimage\"},\"thumbnailUrl\":\"https:\\\/\\\/www.eyrignac.com\\\/wp-content\\\/uploads\\\/2025\\\/04\\\/rouge-gorge-allee-des-charmes-eyrignac.jpg\",\"datePublished\":\"2025-04-20T10:08:21+00:00\",\"dateModified\":\"2025-05-12T09:18:03+00:00\",\"description\":\"Les jardins d'Eyrignac en Dordogne int\u00e8grent d\u00e9sormais \u00e0 la visite libre des jardins une d\u00e9couverte visuelle et sonore des oiseaux\",\"breadcrumb\":{\"@id\":\"https:\\\/\\\/www.eyrignac.com\\\/fr\\\/actualites\\\/decouverte-oiseaux-jardins-eyrignac-dordogne#breadcrumb\"},\"inLanguage\":\"fr-FR\",\"potentialAction\":[{\"@type\":\"ReadAction\",\"target\":[\"https:\\\/\\\/www.eyrignac.com\\\/fr\\\/actualites\\\/decouverte-oiseaux-jardins-eyrignac-dordogne\"]}]},{\"@type\":\"ImageObject\",\"inLanguage\":\"fr-FR\",\"@id\":\"https:\\\/\\\/www.eyrignac.com\\\/fr\\\/actualites\\\/decouverte-oiseaux-jardins-eyrignac-dordogne#primaryimage\",\"url\":\"https:\\\/\\\/www.eyrignac.com\\\/wp-content\\\/uploads\\\/2025\\\/04\\\/rouge-gorge-allee-des-charmes-eyrignac.jpg\",\"contentUrl\":\"https:\\\/\\\/www.eyrignac.com\\\/wp-content\\\/uploads\\\/2025\\\/04\\\/rouge-gorge-allee-des-charmes-eyrignac.jpg\",\"width\":768,\"height\":582,\"caption\":\"Oiseaux des jardins d'Eyrignac\"},{\"@type\":\"BreadcrumbList\",\"@id\":\"https:\\\/\\\/www.eyrignac.com\\\/fr\\\/actualites\\\/decouverte-oiseaux-jardins-eyrignac-dordogne#breadcrumb\",\"itemListElement\":[{\"@type\":\"ListItem\",\"position\":1,\"name\":\"Accueil\",\"item\":\"https:\\\/\\\/www.eyrignac.com\\\/fr\"},{\"@type\":\"ListItem\",\"position\":2,\"name\":\"D\u00e9couverte des oiseaux aux Jardins d\u2019Eyrignac : une visite \u00e0 l&rsquo;\u00e9coute de la nature en Dordogne\"}]},{\"@type\":\"WebSite\",\"@id\":\"https:\\\/\\\/www.eyrignac.com\\\/fr\\\/#website\",\"url\":\"https:\\\/\\\/www.eyrignac.com\\\/fr\\\/\",\"name\":\"Eyrignac et ses jardins\",\"description\":\"Lieu de verdure unique en Dordogne\",\"publisher\":{\"@id\":\"https:\\\/\\\/www.eyrignac.com\\\/fr\\\/#organization\"},\"potentialAction\":[{\"@type\":\"SearchAction\",\"target\":{\"@type\":\"EntryPoint\",\"urlTemplate\":\"https:\\\/\\\/www.eyrignac.com\\\/fr\\\/?s={search_term_string}\"},\"query-input\":{\"@type\":\"PropertyValueSpecification\",\"valueRequired\":true,\"valueName\":\"search_term_string\"}}],\"inLanguage\":\"fr-FR\"},{\"@type\":\"Organization\",\"@id\":\"https:\\\/\\\/www.eyrignac.com\\\/fr\\\/#organization\",\"name\":\"Eyrignac\",\"url\":\"https:\\\/\\\/www.eyrignac.com\\\/fr\\\/\",\"logo\":{\"@type\":\"ImageObject\",\"inLanguage\":\"fr-FR\",\"@id\":\"https:\\\/\\\/www.eyrignac.com\\\/fr\\\/#\\\/schema\\\/logo\\\/image\\\/\",\"url\":\"https:\\\/\\\/www.eyrignac.com\\\/wp-content\\\/uploads\\\/2017\\\/12\\\/logo-eyrignac.png\",\"contentUrl\":\"https:\\\/\\\/www.eyrignac.com\\\/wp-content\\\/uploads\\\/2017\\\/12\\\/logo-eyrignac.png\",\"width\":500,\"height\":189,\"caption\":\"Eyrignac\"},\"image\":{\"@id\":\"https:\\\/\\\/www.eyrignac.com\\\/fr\\\/#\\\/schema\\\/logo\\\/image\\\/\"},\"sameAs\":[\"https:\\\/\\\/www.facebook.com\\\/JardinsEyrignac\\\/\",\"https:\\\/\\\/x.com\\\/eyrignac\",\"https:\\\/\\\/www.instagram.com\\\/eyrignac\\\/\",\"https:\\\/\\\/www.pinterest.fr\\\/eyrignac\\\/\",\"https:\\\/\\\/www.youtube.com\\\/channel\\\/UCjWc47ArIew83eRXXjaBowg\"]},{\"@type\":\"Person\",\"@id\":\"https:\\\/\\\/www.eyrignac.com\\\/fr\\\/#\\\/schema\\\/person\\\/b4e5794153fc497d1d8f02101a4c82be\",\"name\":\"C\u00e9cile Engelen\"}]}<\/script>\n<!-- \/ Yoast SEO plugin. -->","yoast_head_json":{"title":"Les oiseaux des jardins d\u2019Eyrignac en Dordogne, nouvelle visite","description":"Les jardins d'Eyrignac en Dordogne int\u00e8grent d\u00e9sormais \u00e0 la visite libre des jardins une d\u00e9couverte visuelle et sonore des oiseaux","robots":{"index":"index","follow":"follow","max-snippet":"max-snippet:-1","max-image-preview":"max-image-preview:large","max-video-preview":"max-video-preview:-1"},"canonical":"https:\/\/www.eyrignac.com\/fr\/actualites\/decouverte-oiseaux-jardins-eyrignac-dordogne","og_locale":"fr_FR","og_type":"article","og_title":"Les oiseaux des jardins d\u2019Eyrignac en Dordogne, nouvelle visite","og_description":"Les jardins d'Eyrignac en Dordogne int\u00e8grent d\u00e9sormais \u00e0 la visite libre des jardins une d\u00e9couverte visuelle et sonore des oiseaux","og_url":"https:\/\/www.eyrignac.com\/fr\/actualites\/decouverte-oiseaux-jardins-eyrignac-dordogne","og_site_name":"Eyrignac et ses jardins","article_publisher":"https:\/\/www.facebook.com\/JardinsEyrignac\/","article_published_time":"2025-04-20T10:08:21+00:00","article_modified_time":"2025-05-12T09:18:03+00:00","og_image":[{"width":768,"height":582,"url":"https:\/\/www.eyrignac.com\/wp-content\/uploads\/2025\/04\/rouge-gorge-allee-des-charmes-eyrignac.jpg","type":"image\/jpeg"}],"author":"C\u00e9cile Engelen","twitter_card":"summary_large_image","twitter_creator":"@eyrignac","twitter_site":"@eyrignac","twitter_misc":{"\u00c9crit par":"C\u00e9cile Engelen","Dur\u00e9e de lecture estim\u00e9e":"4 minutes"},"schema":{"@context":"https:\/\/schema.org","@graph":[{"@type":"Article","@id":"https:\/\/www.eyrignac.com\/fr\/actualites\/decouverte-oiseaux-jardins-eyrignac-dordogne#article","isPartOf":{"@id":"https:\/\/www.eyrignac.com\/fr\/actualites\/decouverte-oiseaux-jardins-eyrignac-dordogne"},"author":{"name":"C\u00e9cile Engelen","@id":"https:\/\/www.eyrignac.com\/fr\/#\/schema\/person\/b4e5794153fc497d1d8f02101a4c82be"},"headline":"D\u00e9couverte des oiseaux aux Jardins d\u2019Eyrignac : une visite \u00e0 l&rsquo;\u00e9coute de la nature en Dordogne","datePublished":"2025-04-20T10:08:21+00:00","dateModified":"2025-05-12T09:18:03+00:00","mainEntityOfPage":{"@id":"https:\/\/www.eyrignac.com\/fr\/actualites\/decouverte-oiseaux-jardins-eyrignac-dordogne"},"wordCount":881,"publisher":{"@id":"https:\/\/www.eyrignac.com\/fr\/#organization"},"image":{"@id":"https:\/\/www.eyrignac.com\/fr\/actualites\/decouverte-oiseaux-jardins-eyrignac-dordogne#primaryimage"},"thumbnailUrl":"https:\/\/www.eyrignac.com\/wp-content\/uploads\/2025\/04\/rouge-gorge-allee-des-charmes-eyrignac.jpg","articleSection":["Actualit\u00e9s"],"inLanguage":"fr-FR"},{"@type":"WebPage","@id":"https:\/\/www.eyrignac.com\/fr\/actualites\/decouverte-oiseaux-jardins-eyrignac-dordogne","url":"https:\/\/www.eyrignac.com\/fr\/actualites\/decouverte-oiseaux-jardins-eyrignac-dordogne","name":"Les oiseaux des jardins d\u2019Eyrignac en Dordogne, nouvelle visite","isPartOf":{"@id":"https:\/\/www.eyrignac.com\/fr\/#website"},"primaryImageOfPage":{"@id":"https:\/\/www.eyrignac.com\/fr\/actualites\/decouverte-oiseaux-jardins-eyrignac-dordogne#primaryimage"},"image":{"@id":"https:\/\/www.eyrignac.com\/fr\/actualites\/decouverte-oiseaux-jardins-eyrignac-dordogne#primaryimage"},"thumbnailUrl":"https:\/\/www.eyrignac.com\/wp-content\/uploads\/2025\/04\/rouge-gorge-allee-des-charmes-eyrignac.jpg","datePublished":"2025-04-20T10:08:21+00:00","dateModified":"2025-05-12T09:18:03+00:00","description":"Les jardins d'Eyrignac en Dordogne int\u00e8grent d\u00e9sormais \u00e0 la visite libre des jardins une d\u00e9couverte visuelle et sonore des oiseaux","breadcrumb":{"@id":"https:\/\/www.eyrignac.com\/fr\/actualites\/decouverte-oiseaux-jardins-eyrignac-dordogne#breadcrumb"},"inLanguage":"fr-FR","potentialAction":[{"@type":"ReadAction","target":["https:\/\/www.eyrignac.com\/fr\/actualites\/decouverte-oiseaux-jardins-eyrignac-dordogne"]}]},{"@type":"ImageObject","inLanguage":"fr-FR","@id":"https:\/\/www.eyrignac.com\/fr\/actualites\/decouverte-oiseaux-jardins-eyrignac-dordogne#primaryimage","url":"https:\/\/www.eyrignac.com\/wp-content\/uploads\/2025\/04\/rouge-gorge-allee-des-charmes-eyrignac.jpg","contentUrl":"https:\/\/www.eyrignac.com\/wp-content\/uploads\/2025\/04\/rouge-gorge-allee-des-charmes-eyrignac.jpg","width":768,"height":582,"caption":"Oiseaux des jardins d'Eyrignac"},{"@type":"BreadcrumbList","@id":"https:\/\/www.eyrignac.com\/fr\/actualites\/decouverte-oiseaux-jardins-eyrignac-dordogne#breadcrumb","itemListElement":[{"@type":"ListItem","position":1,"name":"Accueil","item":"https:\/\/www.eyrignac.com\/fr"},{"@type":"ListItem","position":2,"name":"D\u00e9couverte des oiseaux aux Jardins d\u2019Eyrignac : une visite \u00e0 l&rsquo;\u00e9coute de la nature en Dordogne"}]},{"@type":"WebSite","@id":"https:\/\/www.eyrignac.com\/fr\/#website","url":"https:\/\/www.eyrignac.com\/fr\/","name":"Eyrignac et ses jardins","description":"Lieu de verdure unique en Dordogne","publisher":{"@id":"https:\/\/www.eyrignac.com\/fr\/#organization"},"potentialAction":[{"@type":"SearchAction","target":{"@type":"EntryPoint","urlTemplate":"https:\/\/www.eyrignac.com\/fr\/?s={search_term_string}"},"query-input":{"@type":"PropertyValueSpecification","valueRequired":true,"valueName":"search_term_string"}}],"inLanguage":"fr-FR"},{"@type":"Organization","@id":"https:\/\/www.eyrignac.com\/fr\/#organization","name":"Eyrignac","url":"https:\/\/www.eyrignac.com\/fr\/","logo":{"@type":"ImageObject","inLanguage":"fr-FR","@id":"https:\/\/www.eyrignac.com\/fr\/#\/schema\/logo\/image\/","url":"https:\/\/www.eyrignac.com\/wp-content\/uploads\/2017\/12\/logo-eyrignac.png","contentUrl":"https:\/\/www.eyrignac.com\/wp-content\/uploads\/2017\/12\/logo-eyrignac.png","width":500,"height":189,"caption":"Eyrignac"},"image":{"@id":"https:\/\/www.eyrignac.com\/fr\/#\/schema\/logo\/image\/"},"sameAs":["https:\/\/www.facebook.com\/JardinsEyrignac\/","https:\/\/x.com\/eyrignac","https:\/\/www.instagram.com\/eyrignac\/","https:\/\/www.pinterest.fr\/eyrignac\/","https:\/\/www.youtube.com\/channel\/UCjWc47ArIew83eRXXjaBowg"]},{"@type":"Person","@id":"https:\/\/www.eyrignac.com\/fr\/#\/schema\/person\/b4e5794153fc497d1d8f02101a4c82be","name":"C\u00e9cile Engelen"}]}},"_links":{"self":[{"href":"https:\/\/www.eyrignac.com\/fr\/wp-json\/wp\/v2\/posts\/11221","targetHints":{"allow":["GET"]}}],"collection":[{"href":"https:\/\/www.eyrignac.com\/fr\/wp-json\/wp\/v2\/posts"}],"about":[{"href":"https:\/\/www.eyrignac.com\/fr\/wp-json\/wp\/v2\/types\/post"}],"author":[{"embeddable":true,"href":"https:\/\/www.eyrignac.com\/fr\/wp-json\/wp\/v2\/users\/8"}],"replies":[{"embeddable":true,"href":"https:\/\/www.eyrignac.com\/fr\/wp-json\/wp\/v2\/comments?post=11221"}],"version-history":[{"count":0,"href":"https:\/\/www.eyrignac.com\/fr\/wp-json\/wp\/v2\/posts\/11221\/revisions"}],"wp:featuredmedia":[{"embeddable":true,"href":"https:\/\/www.eyrignac.com\/fr\/wp-json\/wp\/v2\/media\/11230"}],"wp:attachment":[{"href":"https:\/\/www.eyrignac.com\/fr\/wp-json\/wp\/v2\/media?parent=11221"}],"wp:term":[{"taxonomy":"category","embeddable":true,"href":"https:\/\/www.eyrignac.com\/fr\/wp-json\/wp\/v2\/categories?post=11221"},{"taxonomy":"post_tag","embeddable":true,"href":"https:\/\/www.eyrignac.com\/fr\/wp-json\/wp\/v2\/tags?post=11221"}],"curies":[{"name":"wp","href":"https:\/\/api.w.org\/{rel}","templated":true}]}}