{"id":10922,"date":"2026-01-08T17:32:36","date_gmt":"2026-01-08T16:32:36","guid":{"rendered":"https:\/\/www.eyrignac.com\/?p=10922"},"modified":"2026-01-13T12:37:14","modified_gmt":"2026-01-13T11:37:14","slug":"vacances-de-fevrier","status":"publish","type":"post","link":"https:\/\/www.eyrignac.com\/fr\/actualites\/vacances-de-fevrier","title":{"rendered":"Vacances de f\u00e9vrier en Dordogne : sorties et animations en famille \u00e0 Eyrignac, pr\u00e8s de Sarlat"},"content":{"rendered":"<div class=\"wpb-content-wrapper\"><p>[vc_row][vc_column][vc_column_text css=\u00a0\u00bb\u00a0\u00bb]<\/p>\n<h2>F\u00e9vrier Gourmand \u00e0 Eyrignac : une id\u00e9e de sortie en famille pendant les vacances de f\u00e9vrier en Dordogne<\/h2>\n<p>[\/vc_column_text][vc_column_text css=\u00a0\u00bb\u00a0\u00bb]<\/p>\n<p data-start=\"426\" data-end=\"644\">Du 7 f\u00e9vrier au 8 mars 2026, les <strong data-start=\"479\" data-end=\"520\"><span class=\"hover:entity-accent entity-underline inline cursor-pointer align-baseline\"><span class=\"whitespace-normal\">Jardins d\u2019Eyrignac<\/span><\/span><\/strong>, situ\u00e9s <strong data-start=\"529\" data-end=\"554\">\u00e0 proximit\u00e9 de Sarlat<\/strong>, proposent une programmation originale et familiale \u00e0 l\u2019occasion de <strong data-start=\"623\" data-end=\"643\">F\u00e9vrier Gourmand<\/strong>.<\/p>\n<p data-start=\"646\" data-end=\"933\">Au c\u0153ur de l\u2019hiver, Eyrignac invite petits et grands \u00e0 vivre des <strong data-start=\"711\" data-end=\"766\">animations m\u00ealant nature, gourmandise et cr\u00e9ativit\u00e9<\/strong>, id\u00e9ales pour une <strong data-start=\"785\" data-end=\"821\">sortie en famille pr\u00e8s de Sarlat<\/strong>.<br data-start=\"822\" data-end=\"825\" \/>Ateliers gourmands, jeu de piste sensoriel et activit\u00e9 cr\u00e9ative pour enfants rythment la visite des jardins.<\/p>\n<p>[\/vc_column_text][vc_media_grid css=\u00a0\u00bb\u00a0\u00bb grid_id=\u00a0\u00bbvc_gid:1768303830366-9f6198c9-138b-0&Prime; include=\u00a0\u00bb10805,10931,10933&Prime;][\/vc_column][\/vc_row][vc_row equal_height=\u00a0\u00bbyes\u00a0\u00bb css=\u00a0\u00bb.vc_custom_1727796775304{background-color: #FFFFFF !important;}\u00a0\u00bb][vc_column width=\u00a0\u00bb1\/4&Prime;][vc_empty_space height=\u00a0\u00bb16px\u00a0\u00bb][vc_single_image image=\u00a0\u00bb11895&Prime; img_size=\u00a0\u00bbfull\u00a0\u00bb css=\u00a0\u00bb\u00a0\u00bb][\/vc_column][vc_column width=\u00a0\u00bb3\/4&Prime;][vc_column_text css=\u00a0\u00bb\u00a0\u00bb]<\/p>\n<h2>Atelier gourmand Chocolat &amp; fruits secs<\/h2>\n<p>[\/vc_column_text][vc_column_text css=\u00a0\u00bb\u00a0\u00bb]<strong>Une d\u00e9couverte sensorielle dans la cuisine du <a href=\"https:\/\/www.eyrignac.com\/fr\/decouvrir-les-jardins-eyrignac\/le-manoir-artaban-eyrignac\">Manoir d\u2019Eyrignac<\/a><\/strong>[\/vc_column_text][vc_column_text css=\u00a0\u00bb\u00a0\u00bb]<\/p>\n<p data-start=\"1099\" data-end=\"1283\">Dans la <strong data-start=\"1107\" data-end=\"1131\">cuisine familiale du<\/strong> <strong data-start=\"1132\" data-end=\"1173\"><span class=\"hover:entity-accent entity-underline inline cursor-pointer align-baseline\"><span class=\"whitespace-normal\">Manoir d&rsquo;Eyrignac<\/span><\/span><\/strong>, cet atelier propose une immersion dans l\u2019univers du <strong data-start=\"1227\" data-end=\"1249\">chocolat artisanal<\/strong> et des <strong data-start=\"1257\" data-end=\"1282\">fruits secs torr\u00e9fi\u00e9s<\/strong>.<\/p>\n<p data-start=\"1285\" data-end=\"1508\">Anim\u00e9 par le <a href=\"https:\/\/bequignol.fr\/\"><strong data-start=\"1298\" data-end=\"1339\"><span class=\"hover:entity-accent entity-underline inline cursor-pointer align-baseline\"><span class=\"whitespace-normal\">Domaine de Bequignol<\/span><\/span><\/strong><\/a>, artisan chocolatier du P\u00e9rigord, l\u2019atelier m\u00eale d\u00e9gustation, d\u00e9couverte des ar\u00f4mes et d\u00e9monstration de savoir-faire, dans une ambiance conviviale et accessible \u00e0 tous.<\/p>\n<p>[\/vc_column_text][vc_raw_html]JTNDZGl2JTIwY2xhc3MlM0QlMjJzZXAlMjIlM0UlM0MlMkZkaXYlM0U=[\/vc_raw_html][vc_column_text css=\u00a0\u00bb\u00a0\u00bb]\ud83d\udcc5 Tous les lundis \u00e0 15h, du 9 f\u00e9vrier au 2 mars<br data-start=\"1580\" data-end=\"1583\" \/>\u23f1 Dur\u00e9e : environ 45 minutes<br data-start=\"1611\" data-end=\"1614\" \/>\ud83d\udc68\u200d\ud83d\udc69\u200d\ud83d\udc67\u200d\ud83d\udc66 Tout public<br data-start=\"1637\" data-end=\"1640\" \/>\ud83c\udf9f\ufe0f Sur r\u00e9servation, visite libre des jardins incluse dans le billet[\/vc_column_text][vc_single_image image=\u00a0\u00bb11906&Prime; img_size=\u00a0\u00bblarge\u00a0\u00bb css=\u00a0\u00bb\u00a0\u00bb][vc_btn title=\u00a0\u00bbR\u00e9server l&rsquo;atelier gourmand\u00a0\u00bb style=\u00a0\u00bbclassic\u00a0\u00bb color=\u00a0\u00bbwhite\u00a0\u00bb size=\u00a0\u00bblg\u00a0\u00bb align=\u00a0\u00bbcenter\u00a0\u00bb css=\u00a0\u00bb\u00a0\u00bb button_block=\u00a0\u00bbtrue\u00a0\u00bb link=\u00a0\u00bburl:https%3A%2F%2Feyrignac.ats-sarlat.com%3A8443%2Fcgi-bin%2FProgATS%2Fecommerce%3Flicence%3D24LES_JARDINS02%26prest%3D19|title:R%C3%A9server%20l&rsquo;atelier%20gourmand\u00a0\u00bb el_class=\u00a0\u00bbupcase or\u00a0\u00bb][\/vc_column][\/vc_row][vc_row equal_height=\u00a0\u00bbyes\u00a0\u00bb css=\u00a0\u00bb.vc_custom_1727796775304{background-color: #FFFFFF !important;}\u00a0\u00bb][vc_column width=\u00a0\u00bb1\/4&Prime;][vc_empty_space height=\u00a0\u00bb16px\u00a0\u00bb][vc_single_image image=\u00a0\u00bb10936&Prime; img_size=\u00a0\u00bb600&#215;600&Prime; css=\u00a0\u00bb\u00a0\u00bb][\/vc_column][vc_column width=\u00a0\u00bb3\/4&Prime;][vc_column_text css=\u00a0\u00bb\u00a0\u00bb]<\/p>\n<h2>Chasse aux saveurs &amp; mini-jardin des sens<\/h2>\n<p>[\/vc_column_text][vc_column_text css=\u00a0\u00bb\u00a0\u00bb]<strong>Un jeu de piste gourmand dans les jardins pour toute la famille<\/strong>[\/vc_column_text][vc_column_text css=\u00a0\u00bb\u00a0\u00bb]<\/p>\n<p data-start=\"1842\" data-end=\"1966\">Pendant toute la p\u00e9riode des vacances de f\u00e9vrier, les jardins se transforment en <strong data-start=\"1923\" data-end=\"1965\">terrain de jeu gourmand et p\u00e9dagogique<\/strong>.<\/p>\n<p data-start=\"1968\" data-end=\"2206\">Guid\u00e9s par <strong data-start=\"1979\" data-end=\"1991\">Arlequin<\/strong>, le petit \u00e9cureuil chocolatier du jardin, les visiteurs partent en famille \u00e0 la recherche d\u2019indices pour d\u00e9couvrir le <strong data-start=\"2110\" data-end=\"2125\">mot myst\u00e8re<\/strong>, ouvrant droit \u00e0 une petite surprise et \u00e0 un <strong data-start=\"2171\" data-end=\"2205\">dipl\u00f4me d\u2019Apprenti Chocolatier<\/strong>.<\/p>\n<p data-start=\"2208\" data-end=\"2509\">Con\u00e7ue en partenariat avec le <strong data-start=\"2238\" data-end=\"2279\"><span class=\"hover:entity-accent entity-underline inline cursor-pointer align-baseline\"><span class=\"whitespace-normal\">Domaine de B\u00e9quignol<\/span><\/span><\/strong>, cette animation valorise les jardins comme un espace d\u2019\u00e9veil des sens.<br data-start=\"2351\" data-end=\"2354\" \/>L\u2019exp\u00e9rience se prolonge dans la <strong data-start=\"2387\" data-end=\"2411\">salle de l\u2019Orangerie<\/strong> avec un <strong data-start=\"2420\" data-end=\"2444\">mini-jardin des sens<\/strong> et un bar olfactif autour du chocolat et des plantes d\u2019Eyrignac.<\/p>\n<p>[\/vc_column_text][vc_raw_html]JTNDZGl2JTIwY2xhc3MlM0QlMjJzZXAlMjIlM0UlM0MlMkZkaXYlM0U=[\/vc_raw_html][vc_column_text css=\u00a0\u00bb\u00a0\u00bb]\ud83d\udcc5 Tous les jours du 7 f\u00e9vrier au 8 mars<br data-start=\"2573\" data-end=\"2576\" \/>\u23f1 Dur\u00e9e libre<br data-start=\"2589\" data-end=\"2592\" \/>\ud83d\udc68\u200d\ud83d\udc69\u200d\ud83d\udc67\u200d\ud83d\udc66 Familles<br data-start=\"2612\" data-end=\"2615\" \/>\ud83c\udf9f\ufe0f Sans r\u00e9servation, inclus dans le billet de visite des jardins[\/vc_column_text][\/vc_column][\/vc_row][vc_row equal_height=\u00a0\u00bbyes\u00a0\u00bb css=\u00a0\u00bb.vc_custom_1727796794021{background-color: #FFFFFF !important;}\u00a0\u00bb][vc_column width=\u00a0\u00bb1\/4&Prime;][vc_empty_space height=\u00a0\u00bb16px\u00a0\u00bb][vc_single_image image=\u00a0\u00bb11899&Prime; img_size=\u00a0\u00bbfull\u00a0\u00bb css=\u00a0\u00bb\u00a0\u00bb][\/vc_column][vc_column width=\u00a0\u00bb3\/4&Prime;][vc_column_text css=\u00a0\u00bb\u00a0\u00bb]<\/p>\n<h2>Atelier cr\u00e9atif \u00ab Mon petit \u00e9cureuil du jardin \u00bb<\/h2>\n<p>[\/vc_column_text][vc_column_text css=\u00a0\u00bb\u00a0\u00bb]<strong>Une activit\u00e9 manuelle pour les enfants pendant les vacances de f\u00e9vrier<\/strong>[\/vc_column_text][vc_column_text css=\u00a0\u00bb\u00a0\u00bb]<\/p>\n<p data-start=\"2862\" data-end=\"3011\">Apr\u00e8s la visite des jardins, les enfants de <strong data-start=\"2906\" data-end=\"2920\">5 \u00e0 10 ans<\/strong> peuvent participer \u00e0 un <strong data-start=\"2945\" data-end=\"2977\">atelier cr\u00e9atif en autonomie<\/strong> dans la <strong data-start=\"2986\" data-end=\"3010\">salle de l\u2019Orangerie<\/strong>.<\/p>\n<p data-start=\"3013\" data-end=\"3260\">\u00c0 l\u2019aide de tutoriels, ils r\u00e9alisent leur propre <strong data-start=\"3062\" data-end=\"3080\">petit \u00e9cureuil<\/strong>, mascotte de <strong data-start=\"3094\" data-end=\"3125\">F\u00e9vrier Gourmand \u00e0 Eyrignac<\/strong>, inspir\u00e9e des animaux que l\u2019on peut observer dans les jardins, notamment pr\u00e8s des c\u00e8dres, des all\u00e9es arbor\u00e9es et du bois de la pagode.<\/p>\n<p data-start=\"3262\" data-end=\"3348\">Un moment calme et ludique, id\u00e9al pour compl\u00e9ter une <strong data-start=\"3315\" data-end=\"3347\">visite familiale en Dordogne<\/strong>.<\/p>\n<p>[\/vc_column_text][vc_raw_html]JTNDZGl2JTIwY2xhc3MlM0QlMjJzZXAlMjIlM0UlM0MlMkZkaXYlM0U=[\/vc_raw_html][vc_column_text css=\u00a0\u00bb\u00a0\u00bb]\ud83d\udc67\ud83d\udc66 Enfants de 5 \u00e0 10 ans<br \/>\n\ud83c\udfa8 Atelier cr\u00e9atif en autonomie avec tutoriels<br \/>\n\ud83c\udf9f\ufe0f Sans r\u00e9servation, inclus dans le billet de visite[\/vc_column_text][\/vc_column][\/vc_row][vc_row css=\u00a0\u00bb.vc_custom_1767951765549{background-color: #F9EFE3 !important;}\u00a0\u00bb][vc_column][vc_single_image image=\u00a0\u00bb11910&Prime; img_size=\u00a0\u00bb350&#215;80&Prime; alignment=\u00a0\u00bbcenter\u00a0\u00bb onclick=\u00a0\u00bbcustom_link\u00a0\u00bb css=\u00a0\u00bb\u00a0\u00bb link=\u00a0\u00bbhttps:\/\/bequignol.fr\/\u00a0\u00bb][vc_column_text css=\u00a0\u00bb\u00a0\u00bb]<\/p>\n<p style=\"text-align: center;\">Partenaire de <strong data-start=\"1122\" data-end=\"1153\">F\u00e9vrier Gourmand \u00e0 Eyrignac<\/strong>, le <strong data-start=\"1158\" data-end=\"1199\"><span class=\"hover:entity-accent entity-underline inline cursor-pointer align-baseline\"><span class=\"whitespace-normal\">Domaine de Bequignol<\/span><\/span><\/strong> est un artisan chocolatier implant\u00e9 au c\u0153ur du P\u00e9rigord, reconnu pour son <strong data-start=\"1274\" data-end=\"1339\">travail artisanal du chocolat<\/strong>, ainsi que pour sa ma\u00eetrise de la <strong data-start=\"1374\" data-end=\"1406\">torr\u00e9faction des fruits secs<\/strong>.<br data-start=\"1407\" data-end=\"1410\" \/>Attach\u00e9 \u00e0 la qualit\u00e9 des mati\u00e8res premi\u00e8res et au respect des savoir-faire traditionnels, le Domaine de Bequignol sublime les ar\u00f4mes du cacao, des noix, noisettes et amandes \u00e0 travers des cr\u00e9ations authentiques et gourmandes.<br data-start=\"1635\" data-end=\"1638\" \/>Un partenariat naturel avec Eyrignac, fond\u00e9 sur des valeurs communes de <strong data-start=\"1710\" data-end=\"1785\">transmission, d\u2019exigence et de valorisation des richesses du territoire<\/strong>.<\/p>\n<p>[\/vc_column_text][\/vc_column][\/vc_row][vc_row css=\u00a0\u00bb.vc_custom_1767951880305{background-color: #FFFFFF !important;}\u00a0\u00bb][vc_column][vc_column_text css=\u00a0\u00bb\u00a0\u00bb]<\/p>\n<h2>Que faire en Dordogne pendant les vacances de f\u00e9vrier ?<\/h2>\n<p>[\/vc_column_text][vc_column_text css=\u00a0\u00bb\u00a0\u00bb]<strong>Une sortie nature et gourmande pr\u00e8s de Sarlat<\/strong>[\/vc_column_text][vc_column_text css=\u00a0\u00bb\u00a0\u00bb]<\/p>\n<p data-start=\"3606\" data-end=\"3819\">Avec <strong data-start=\"3611\" data-end=\"3631\">F\u00e9vrier Gourmand<\/strong>, Eyrignac propose une <strong data-start=\"3654\" data-end=\"3714\">sortie id\u00e9ale en famille pendant les vacances de f\u00e9vrier<\/strong>, m\u00ealant <strong data-start=\"3723\" data-end=\"3750\">balade dans les jardins<\/strong>, <strong data-start=\"3752\" data-end=\"3788\">d\u00e9couverte du chocolat artisanal<\/strong> et <strong data-start=\"3792\" data-end=\"3818\">activit\u00e9s pour enfants<\/strong>.<\/p>\n<p data-start=\"3821\" data-end=\"4017\">Situ\u00e9s <strong data-start=\"3828\" data-end=\"3846\">pr\u00e8s de Sarlat<\/strong>, les Jardins d\u2019Eyrignac offrent une exp\u00e9rience accessible \u00e0 tous, dans un cadre naturel remarquable, pour partager des moments chaleureux et gourmands au c\u0153ur de l\u2019hiver.<\/p>\n<p>[\/vc_column_text][\/vc_column][\/vc_row][vc_row equal_height=\u00a0\u00bbyes\u00a0\u00bb css=\u00a0\u00bb.vc_custom_1737044377404{background-color: #FFFFFF !important;}\u00a0\u00bb][vc_column width=\u00a0\u00bb1\/4&Prime;][vc_empty_space height=\u00a0\u00bb12px\u00a0\u00bb][vc_single_image image=\u00a0\u00bb8402&Prime; img_size=\u00a0\u00bb600&#215;600&Prime;][vc_empty_space height=\u00a0\u00bb4px\u00a0\u00bb][vc_column_text]<img decoding=\"async\" width=\"1500\" height=\"1000\" class=\"aligncenter size-full wp-image-3359\" src=\"https:\/\/www.eyrignac.com\/wp-content\/uploads\/2019\/05\/eyrignac-topiaire-chien-jerome-morel.jpg\" alt=\"Topiaire en forme de chien dans les jardins d'Eyrignac.\" srcset=\"https:\/\/www.eyrignac.com\/wp-content\/uploads\/2019\/05\/eyrignac-topiaire-chien-jerome-morel.jpg 1500w, https:\/\/www.eyrignac.com\/wp-content\/uploads\/2019\/05\/eyrignac-topiaire-chien-jerome-morel-768x512.jpg 768w, https:\/\/www.eyrignac.com\/wp-content\/uploads\/2019\/05\/eyrignac-topiaire-chien-jerome-morel-1200x800.jpg 1200w\" sizes=\"(max-width: 1500px) 100vw, 1500px\" \/>[\/vc_column_text][\/vc_column][vc_column width=\u00a0\u00bb3\/4&Prime;][vc_column_text css=\u00a0\u00bb\u00a0\u00bb]<strong>TARIFS POUR LA VISITE LIBRE DES JARDINS<\/strong>[\/vc_column_text][vc_raw_html]JTNDZGl2JTIwY2xhc3MlM0QlMjJzZXAlMjIlM0UlM0MlMkZkaXYlM0U=[\/vc_raw_html][vc_column_text css=\u00a0\u00bb\u00a0\u00bb]<strong>Adulte <\/strong>12,90 \u20ac en ligne &#8211; 13,90 \u20ac sur place (2\u20ac de r\u00e9duction appliqu\u00e9s jusqu&rsquo;au 28\/02)<\/p>\n<p><strong>Pass Famille (2 adultes et jusqu\u2019\u00e0 3 enfants ou adolescents)<\/strong> 39,00 \u20ac en ligne &#8211; 42 \u20ac sur place<\/p>\n<p><strong>Enfant (- de 5 ans)<\/strong> Gratuit<\/p>\n<p><strong>Enfant (de 5 \u00e0 10 ans)<\/strong> 6,50 \u20ac en ligne &#8211; 7 \u20ac sur place<\/p>\n<p><strong>Adolescent (de 11 \u00e0 18 ans)<\/strong> 8,50 \u20ac en ligne &#8211; 9 \u20ac sur place<\/p>\n<p><strong>Personne en situation de handicap<\/strong> 7,90\u20ac en ligne, 8,90 \u20ac sur place[\/vc_column_text][\/vc_column][\/vc_row][vc_row][vc_column][vc_empty_space height=\u00a0\u00bb16px\u00a0\u00bb][\/vc_column][\/vc_row]<\/p>\n<\/div>","protected":false},"excerpt":{"rendered":"Chers Parents, si vous cherchez une id\u00e9e d\u2019activit\u00e9 de plein air \u00e0 faire avec vos enfants pendant les vacances de f\u00e9vrier, l\u2019\u00e9quipe d\u2019Eyrignac et ses Jardins vous propose ses visites ludiques et ateliers \u00e0 partager en famille !","protected":false},"author":8,"featured_media":10805,"comment_status":"closed","ping_status":"closed","sticky":false,"template":"","format":"standard","meta":{"_acf_changed":false,"footnotes":""},"categories":[5],"tags":[],"class_list":["post-10922","post","type-post","status-publish","format-standard","has-post-thumbnail","hentry","category-actualites"],"acf":[],"yoast_head":"<!-- This site is optimized with the Yoast SEO plugin v27.5 - https:\/\/yoast.com\/product\/yoast-seo-wordpress\/ -->\n<title>Vacances de f\u00e9vrier en Dordogne | Animations famille \u00e0 Eyrignac<\/title>\n<meta name=\"description\" content=\"Vacances de f\u00e9vrier en Dordogne : animations en famille \u00e0 Eyrignac, pr\u00e8s de Sarlat, avec ateliers chocolat, jeu de piste et activit\u00e9s enfants.\" \/>\n<meta name=\"robots\" content=\"index, follow, max-snippet:-1, max-image-preview:large, max-video-preview:-1\" \/>\n<link rel=\"canonical\" href=\"https:\/\/www.eyrignac.com\/fr\/actualites\/vacances-de-fevrier\" \/>\n<meta property=\"og:locale\" content=\"fr_FR\" \/>\n<meta property=\"og:type\" content=\"article\" \/>\n<meta property=\"og:title\" content=\"Vacances de f\u00e9vrier en Dordogne | Animations famille \u00e0 Eyrignac\" \/>\n<meta property=\"og:description\" content=\"Vacances de f\u00e9vrier en Dordogne : animations en famille \u00e0 Eyrignac, pr\u00e8s de Sarlat, avec ateliers chocolat, jeu de piste et activit\u00e9s enfants.\" \/>\n<meta property=\"og:url\" content=\"https:\/\/www.eyrignac.com\/fr\/actualites\/vacances-de-fevrier\" \/>\n<meta property=\"og:site_name\" content=\"Eyrignac et ses jardins\" \/>\n<meta property=\"article:publisher\" content=\"https:\/\/www.facebook.com\/JardinsEyrignac\/\" \/>\n<meta property=\"article:published_time\" content=\"2026-01-08T16:32:36+00:00\" \/>\n<meta property=\"article:modified_time\" content=\"2026-01-13T11:37:14+00:00\" \/>\n<meta property=\"og:image\" content=\"https:\/\/www.eyrignac.com\/wp-content\/uploads\/2025\/01\/eyrignac_ecureuil_topiaire_hiver-1.jpg\" \/>\n\t<meta property=\"og:image:width\" content=\"2048\" \/>\n\t<meta property=\"og:image:height\" content=\"1536\" \/>\n\t<meta property=\"og:image:type\" content=\"image\/jpeg\" \/>\n<meta name=\"author\" content=\"C\u00e9cile Engelen\" \/>\n<meta name=\"twitter:card\" content=\"summary_large_image\" \/>\n<meta name=\"twitter:creator\" content=\"@eyrignac\" \/>\n<meta name=\"twitter:site\" content=\"@eyrignac\" \/>\n<meta name=\"twitter:label1\" content=\"\u00c9crit par\" \/>\n\t<meta name=\"twitter:data1\" content=\"C\u00e9cile Engelen\" \/>\n\t<meta name=\"twitter:label2\" content=\"Dur\u00e9e de lecture estim\u00e9e\" \/>\n\t<meta name=\"twitter:data2\" content=\"5 minutes\" \/>\n<script type=\"application\/ld+json\" class=\"yoast-schema-graph\">{\"@context\":\"https:\\\/\\\/schema.org\",\"@graph\":[{\"@type\":\"Article\",\"@id\":\"https:\\\/\\\/www.eyrignac.com\\\/fr\\\/actualites\\\/vacances-de-fevrier#article\",\"isPartOf\":{\"@id\":\"https:\\\/\\\/www.eyrignac.com\\\/fr\\\/actualites\\\/vacances-de-fevrier\"},\"author\":{\"name\":\"C\u00e9cile Engelen\",\"@id\":\"https:\\\/\\\/www.eyrignac.com\\\/fr\\\/#\\\/schema\\\/person\\\/b4e5794153fc497d1d8f02101a4c82be\"},\"headline\":\"Vacances de f\u00e9vrier en Dordogne : sorties et animations en famille \u00e0 Eyrignac, pr\u00e8s de Sarlat\",\"datePublished\":\"2026-01-08T16:32:36+00:00\",\"dateModified\":\"2026-01-13T11:37:14+00:00\",\"mainEntityOfPage\":{\"@id\":\"https:\\\/\\\/www.eyrignac.com\\\/fr\\\/actualites\\\/vacances-de-fevrier\"},\"wordCount\":1226,\"publisher\":{\"@id\":\"https:\\\/\\\/www.eyrignac.com\\\/fr\\\/#organization\"},\"image\":{\"@id\":\"https:\\\/\\\/www.eyrignac.com\\\/fr\\\/actualites\\\/vacances-de-fevrier#primaryimage\"},\"thumbnailUrl\":\"https:\\\/\\\/www.eyrignac.com\\\/wp-content\\\/uploads\\\/2025\\\/01\\\/eyrignac_ecureuil_topiaire_hiver-1.jpg\",\"articleSection\":[\"Actualit\u00e9s\"],\"inLanguage\":\"fr-FR\"},{\"@type\":\"WebPage\",\"@id\":\"https:\\\/\\\/www.eyrignac.com\\\/fr\\\/actualites\\\/vacances-de-fevrier\",\"url\":\"https:\\\/\\\/www.eyrignac.com\\\/fr\\\/actualites\\\/vacances-de-fevrier\",\"name\":\"Vacances de f\u00e9vrier en Dordogne | Animations famille \u00e0 Eyrignac\",\"isPartOf\":{\"@id\":\"https:\\\/\\\/www.eyrignac.com\\\/fr\\\/#website\"},\"primaryImageOfPage\":{\"@id\":\"https:\\\/\\\/www.eyrignac.com\\\/fr\\\/actualites\\\/vacances-de-fevrier#primaryimage\"},\"image\":{\"@id\":\"https:\\\/\\\/www.eyrignac.com\\\/fr\\\/actualites\\\/vacances-de-fevrier#primaryimage\"},\"thumbnailUrl\":\"https:\\\/\\\/www.eyrignac.com\\\/wp-content\\\/uploads\\\/2025\\\/01\\\/eyrignac_ecureuil_topiaire_hiver-1.jpg\",\"datePublished\":\"2026-01-08T16:32:36+00:00\",\"dateModified\":\"2026-01-13T11:37:14+00:00\",\"description\":\"Vacances de f\u00e9vrier en Dordogne : animations en famille \u00e0 Eyrignac, pr\u00e8s de Sarlat, avec ateliers chocolat, jeu de piste et activit\u00e9s enfants.\",\"breadcrumb\":{\"@id\":\"https:\\\/\\\/www.eyrignac.com\\\/fr\\\/actualites\\\/vacances-de-fevrier#breadcrumb\"},\"inLanguage\":\"fr-FR\",\"potentialAction\":[{\"@type\":\"ReadAction\",\"target\":[\"https:\\\/\\\/www.eyrignac.com\\\/fr\\\/actualites\\\/vacances-de-fevrier\"]}]},{\"@type\":\"ImageObject\",\"inLanguage\":\"fr-FR\",\"@id\":\"https:\\\/\\\/www.eyrignac.com\\\/fr\\\/actualites\\\/vacances-de-fevrier#primaryimage\",\"url\":\"https:\\\/\\\/www.eyrignac.com\\\/wp-content\\\/uploads\\\/2025\\\/01\\\/eyrignac_ecureuil_topiaire_hiver-1.jpg\",\"contentUrl\":\"https:\\\/\\\/www.eyrignac.com\\\/wp-content\\\/uploads\\\/2025\\\/01\\\/eyrignac_ecureuil_topiaire_hiver-1.jpg\",\"width\":2048,\"height\":1536,\"caption\":\"Topiaire \u00e9cureuil en hiver \u00e0 Eyrignac\"},{\"@type\":\"BreadcrumbList\",\"@id\":\"https:\\\/\\\/www.eyrignac.com\\\/fr\\\/actualites\\\/vacances-de-fevrier#breadcrumb\",\"itemListElement\":[{\"@type\":\"ListItem\",\"position\":1,\"name\":\"Accueil\",\"item\":\"https:\\\/\\\/www.eyrignac.com\\\/fr\"},{\"@type\":\"ListItem\",\"position\":2,\"name\":\"Vacances de f\u00e9vrier en Dordogne : sorties et animations en famille \u00e0 Eyrignac, pr\u00e8s de Sarlat\"}]},{\"@type\":\"WebSite\",\"@id\":\"https:\\\/\\\/www.eyrignac.com\\\/fr\\\/#website\",\"url\":\"https:\\\/\\\/www.eyrignac.com\\\/fr\\\/\",\"name\":\"Eyrignac et ses jardins\",\"description\":\"Lieu de verdure unique en Dordogne\",\"publisher\":{\"@id\":\"https:\\\/\\\/www.eyrignac.com\\\/fr\\\/#organization\"},\"potentialAction\":[{\"@type\":\"SearchAction\",\"target\":{\"@type\":\"EntryPoint\",\"urlTemplate\":\"https:\\\/\\\/www.eyrignac.com\\\/fr\\\/?s={search_term_string}\"},\"query-input\":{\"@type\":\"PropertyValueSpecification\",\"valueRequired\":true,\"valueName\":\"search_term_string\"}}],\"inLanguage\":\"fr-FR\"},{\"@type\":\"Organization\",\"@id\":\"https:\\\/\\\/www.eyrignac.com\\\/fr\\\/#organization\",\"name\":\"Eyrignac\",\"url\":\"https:\\\/\\\/www.eyrignac.com\\\/fr\\\/\",\"logo\":{\"@type\":\"ImageObject\",\"inLanguage\":\"fr-FR\",\"@id\":\"https:\\\/\\\/www.eyrignac.com\\\/fr\\\/#\\\/schema\\\/logo\\\/image\\\/\",\"url\":\"https:\\\/\\\/www.eyrignac.com\\\/wp-content\\\/uploads\\\/2017\\\/12\\\/logo-eyrignac.png\",\"contentUrl\":\"https:\\\/\\\/www.eyrignac.com\\\/wp-content\\\/uploads\\\/2017\\\/12\\\/logo-eyrignac.png\",\"width\":500,\"height\":189,\"caption\":\"Eyrignac\"},\"image\":{\"@id\":\"https:\\\/\\\/www.eyrignac.com\\\/fr\\\/#\\\/schema\\\/logo\\\/image\\\/\"},\"sameAs\":[\"https:\\\/\\\/www.facebook.com\\\/JardinsEyrignac\\\/\",\"https:\\\/\\\/x.com\\\/eyrignac\",\"https:\\\/\\\/www.instagram.com\\\/eyrignac\\\/\",\"https:\\\/\\\/www.pinterest.fr\\\/eyrignac\\\/\",\"https:\\\/\\\/www.youtube.com\\\/channel\\\/UCjWc47ArIew83eRXXjaBowg\"]},{\"@type\":\"Person\",\"@id\":\"https:\\\/\\\/www.eyrignac.com\\\/fr\\\/#\\\/schema\\\/person\\\/b4e5794153fc497d1d8f02101a4c82be\",\"name\":\"C\u00e9cile Engelen\"}]}<\/script>\n<!-- \/ Yoast SEO plugin. -->","yoast_head_json":{"title":"Vacances de f\u00e9vrier en Dordogne | Animations famille \u00e0 Eyrignac","description":"Vacances de f\u00e9vrier en Dordogne : animations en famille \u00e0 Eyrignac, pr\u00e8s de Sarlat, avec ateliers chocolat, jeu de piste et activit\u00e9s enfants.","robots":{"index":"index","follow":"follow","max-snippet":"max-snippet:-1","max-image-preview":"max-image-preview:large","max-video-preview":"max-video-preview:-1"},"canonical":"https:\/\/www.eyrignac.com\/fr\/actualites\/vacances-de-fevrier","og_locale":"fr_FR","og_type":"article","og_title":"Vacances de f\u00e9vrier en Dordogne | Animations famille \u00e0 Eyrignac","og_description":"Vacances de f\u00e9vrier en Dordogne : animations en famille \u00e0 Eyrignac, pr\u00e8s de Sarlat, avec ateliers chocolat, jeu de piste et activit\u00e9s enfants.","og_url":"https:\/\/www.eyrignac.com\/fr\/actualites\/vacances-de-fevrier","og_site_name":"Eyrignac et ses jardins","article_publisher":"https:\/\/www.facebook.com\/JardinsEyrignac\/","article_published_time":"2026-01-08T16:32:36+00:00","article_modified_time":"2026-01-13T11:37:14+00:00","og_image":[{"width":2048,"height":1536,"url":"https:\/\/www.eyrignac.com\/wp-content\/uploads\/2025\/01\/eyrignac_ecureuil_topiaire_hiver-1.jpg","type":"image\/jpeg"}],"author":"C\u00e9cile Engelen","twitter_card":"summary_large_image","twitter_creator":"@eyrignac","twitter_site":"@eyrignac","twitter_misc":{"\u00c9crit par":"C\u00e9cile Engelen","Dur\u00e9e de lecture estim\u00e9e":"5 minutes"},"schema":{"@context":"https:\/\/schema.org","@graph":[{"@type":"Article","@id":"https:\/\/www.eyrignac.com\/fr\/actualites\/vacances-de-fevrier#article","isPartOf":{"@id":"https:\/\/www.eyrignac.com\/fr\/actualites\/vacances-de-fevrier"},"author":{"name":"C\u00e9cile Engelen","@id":"https:\/\/www.eyrignac.com\/fr\/#\/schema\/person\/b4e5794153fc497d1d8f02101a4c82be"},"headline":"Vacances de f\u00e9vrier en Dordogne : sorties et animations en famille \u00e0 Eyrignac, pr\u00e8s de Sarlat","datePublished":"2026-01-08T16:32:36+00:00","dateModified":"2026-01-13T11:37:14+00:00","mainEntityOfPage":{"@id":"https:\/\/www.eyrignac.com\/fr\/actualites\/vacances-de-fevrier"},"wordCount":1226,"publisher":{"@id":"https:\/\/www.eyrignac.com\/fr\/#organization"},"image":{"@id":"https:\/\/www.eyrignac.com\/fr\/actualites\/vacances-de-fevrier#primaryimage"},"thumbnailUrl":"https:\/\/www.eyrignac.com\/wp-content\/uploads\/2025\/01\/eyrignac_ecureuil_topiaire_hiver-1.jpg","articleSection":["Actualit\u00e9s"],"inLanguage":"fr-FR"},{"@type":"WebPage","@id":"https:\/\/www.eyrignac.com\/fr\/actualites\/vacances-de-fevrier","url":"https:\/\/www.eyrignac.com\/fr\/actualites\/vacances-de-fevrier","name":"Vacances de f\u00e9vrier en Dordogne | Animations famille \u00e0 Eyrignac","isPartOf":{"@id":"https:\/\/www.eyrignac.com\/fr\/#website"},"primaryImageOfPage":{"@id":"https:\/\/www.eyrignac.com\/fr\/actualites\/vacances-de-fevrier#primaryimage"},"image":{"@id":"https:\/\/www.eyrignac.com\/fr\/actualites\/vacances-de-fevrier#primaryimage"},"thumbnailUrl":"https:\/\/www.eyrignac.com\/wp-content\/uploads\/2025\/01\/eyrignac_ecureuil_topiaire_hiver-1.jpg","datePublished":"2026-01-08T16:32:36+00:00","dateModified":"2026-01-13T11:37:14+00:00","description":"Vacances de f\u00e9vrier en Dordogne : animations en famille \u00e0 Eyrignac, pr\u00e8s de Sarlat, avec ateliers chocolat, jeu de piste et activit\u00e9s enfants.","breadcrumb":{"@id":"https:\/\/www.eyrignac.com\/fr\/actualites\/vacances-de-fevrier#breadcrumb"},"inLanguage":"fr-FR","potentialAction":[{"@type":"ReadAction","target":["https:\/\/www.eyrignac.com\/fr\/actualites\/vacances-de-fevrier"]}]},{"@type":"ImageObject","inLanguage":"fr-FR","@id":"https:\/\/www.eyrignac.com\/fr\/actualites\/vacances-de-fevrier#primaryimage","url":"https:\/\/www.eyrignac.com\/wp-content\/uploads\/2025\/01\/eyrignac_ecureuil_topiaire_hiver-1.jpg","contentUrl":"https:\/\/www.eyrignac.com\/wp-content\/uploads\/2025\/01\/eyrignac_ecureuil_topiaire_hiver-1.jpg","width":2048,"height":1536,"caption":"Topiaire \u00e9cureuil en hiver \u00e0 Eyrignac"},{"@type":"BreadcrumbList","@id":"https:\/\/www.eyrignac.com\/fr\/actualites\/vacances-de-fevrier#breadcrumb","itemListElement":[{"@type":"ListItem","position":1,"name":"Accueil","item":"https:\/\/www.eyrignac.com\/fr"},{"@type":"ListItem","position":2,"name":"Vacances de f\u00e9vrier en Dordogne : sorties et animations en famille \u00e0 Eyrignac, pr\u00e8s de Sarlat"}]},{"@type":"WebSite","@id":"https:\/\/www.eyrignac.com\/fr\/#website","url":"https:\/\/www.eyrignac.com\/fr\/","name":"Eyrignac et ses jardins","description":"Lieu de verdure unique en Dordogne","publisher":{"@id":"https:\/\/www.eyrignac.com\/fr\/#organization"},"potentialAction":[{"@type":"SearchAction","target":{"@type":"EntryPoint","urlTemplate":"https:\/\/www.eyrignac.com\/fr\/?s={search_term_string}"},"query-input":{"@type":"PropertyValueSpecification","valueRequired":true,"valueName":"search_term_string"}}],"inLanguage":"fr-FR"},{"@type":"Organization","@id":"https:\/\/www.eyrignac.com\/fr\/#organization","name":"Eyrignac","url":"https:\/\/www.eyrignac.com\/fr\/","logo":{"@type":"ImageObject","inLanguage":"fr-FR","@id":"https:\/\/www.eyrignac.com\/fr\/#\/schema\/logo\/image\/","url":"https:\/\/www.eyrignac.com\/wp-content\/uploads\/2017\/12\/logo-eyrignac.png","contentUrl":"https:\/\/www.eyrignac.com\/wp-content\/uploads\/2017\/12\/logo-eyrignac.png","width":500,"height":189,"caption":"Eyrignac"},"image":{"@id":"https:\/\/www.eyrignac.com\/fr\/#\/schema\/logo\/image\/"},"sameAs":["https:\/\/www.facebook.com\/JardinsEyrignac\/","https:\/\/x.com\/eyrignac","https:\/\/www.instagram.com\/eyrignac\/","https:\/\/www.pinterest.fr\/eyrignac\/","https:\/\/www.youtube.com\/channel\/UCjWc47ArIew83eRXXjaBowg"]},{"@type":"Person","@id":"https:\/\/www.eyrignac.com\/fr\/#\/schema\/person\/b4e5794153fc497d1d8f02101a4c82be","name":"C\u00e9cile Engelen"}]}},"_links":{"self":[{"href":"https:\/\/www.eyrignac.com\/fr\/wp-json\/wp\/v2\/posts\/10922","targetHints":{"allow":["GET"]}}],"collection":[{"href":"https:\/\/www.eyrignac.com\/fr\/wp-json\/wp\/v2\/posts"}],"about":[{"href":"https:\/\/www.eyrignac.com\/fr\/wp-json\/wp\/v2\/types\/post"}],"author":[{"embeddable":true,"href":"https:\/\/www.eyrignac.com\/fr\/wp-json\/wp\/v2\/users\/8"}],"replies":[{"embeddable":true,"href":"https:\/\/www.eyrignac.com\/fr\/wp-json\/wp\/v2\/comments?post=10922"}],"version-history":[{"count":31,"href":"https:\/\/www.eyrignac.com\/fr\/wp-json\/wp\/v2\/posts\/10922\/revisions"}],"predecessor-version":[{"id":11949,"href":"https:\/\/www.eyrignac.com\/fr\/wp-json\/wp\/v2\/posts\/10922\/revisions\/11949"}],"wp:featuredmedia":[{"embeddable":true,"href":"https:\/\/www.eyrignac.com\/fr\/wp-json\/wp\/v2\/media\/10805"}],"wp:attachment":[{"href":"https:\/\/www.eyrignac.com\/fr\/wp-json\/wp\/v2\/media?parent=10922"}],"wp:term":[{"taxonomy":"category","embeddable":true,"href":"https:\/\/www.eyrignac.com\/fr\/wp-json\/wp\/v2\/categories?post=10922"},{"taxonomy":"post_tag","embeddable":true,"href":"https:\/\/www.eyrignac.com\/fr\/wp-json\/wp\/v2\/tags?post=10922"}],"curies":[{"name":"wp","href":"https:\/\/api.w.org\/{rel}","templated":true}]}}