{"id":1053,"date":"2018-03-16T21:56:09","date_gmt":"2018-03-16T20:56:09","guid":{"rendered":"https:\/\/www.eyrignac.com\/?p=1053"},"modified":"2026-01-20T16:04:49","modified_gmt":"2026-01-20T15:04:49","slug":"eyrignac-dossier-de-presse","status":"publish","type":"post","link":"https:\/\/www.eyrignac.com\/fr\/dossiers-de-presse\/eyrignac-dossier-de-presse","title":{"rendered":"Eyrignac et ses jardins : Dossier de presse 2026"},"content":{"rendered":"<p>Ch\u00e8res professionnelles, chers professionnels de la Presse, pour toute demandes ou renseignements compl\u00e9mentaires, vous pouvez contactez Capucine Sermadiras : <a href=\"mailto:capucine.sermadiras@eyrignac.com\">capucinesermadiras@eyrignac.com<\/a><\/p>\n","protected":false},"excerpt":{"rendered":"Ch\u00e8res professionnelles, chers professionnels de la Presse, pour toute demandes ou renseignements compl\u00e9mentaires, vous pouvez contactez Capucine Sermadiras : capucinesermadiras@eyrignac.com","protected":false},"author":1,"featured_media":1090,"comment_status":"closed","ping_status":"closed","sticky":false,"template":"","format":"standard","meta":{"_acf_changed":false,"footnotes":""},"categories":[22],"tags":[],"class_list":["post-1053","post","type-post","status-publish","format-standard","has-post-thumbnail","hentry","category-dossiers-de-presse"],"acf":[],"yoast_head":"<!-- This site is optimized with the Yoast SEO plugin v27.5 - https:\/\/yoast.com\/product\/yoast-seo-wordpress\/ -->\n<title>Dossier de presse 2020 d&#039;Eyrignac et ses jardins (P\u00e9rigord Noir)<\/title>\n<meta name=\"description\" content=\"Ch\u00e8res professionnelles, chers professionnels de la Presse. Vous trouverez sur cette page le dossier de Presse et les communiqu\u00e9s de Presses relatifs \u00e0 la vie d&#039;Eyrignac et ses jardins. Si vous souhaitez avoir des informations suppl\u00e9mentaires, n&#039;h\u00e9sitez pas \u00e0 nous contacter, nous nous ferons un plaisir de vous r\u00e9pondre\" \/>\n<meta name=\"robots\" content=\"index, follow, max-snippet:-1, max-image-preview:large, max-video-preview:-1\" \/>\n<link rel=\"canonical\" href=\"https:\/\/www.eyrignac.com\/fr\/dossiers-de-presse\/eyrignac-dossier-de-presse\" \/>\n<meta property=\"og:locale\" content=\"fr_FR\" \/>\n<meta property=\"og:type\" content=\"article\" \/>\n<meta property=\"og:title\" content=\"Dossier de presse 2020 d&#039;Eyrignac et ses jardins (P\u00e9rigord Noir)\" \/>\n<meta property=\"og:description\" content=\"Ch\u00e8res professionnelles, chers professionnels de la Presse. Vous trouverez sur cette page le dossier de Presse et les communiqu\u00e9s de Presses relatifs \u00e0 la vie d&#039;Eyrignac et ses jardins. Si vous souhaitez avoir des informations suppl\u00e9mentaires, n&#039;h\u00e9sitez pas \u00e0 nous contacter, nous nous ferons un plaisir de vous r\u00e9pondre\" \/>\n<meta property=\"og:url\" content=\"https:\/\/www.eyrignac.com\/fr\/dossiers-de-presse\/eyrignac-dossier-de-presse\" \/>\n<meta property=\"og:site_name\" content=\"Eyrignac et ses jardins\" \/>\n<meta property=\"article:publisher\" content=\"https:\/\/www.facebook.com\/JardinsEyrignac\/\" \/>\n<meta property=\"article:published_time\" content=\"2018-03-16T20:56:09+00:00\" \/>\n<meta property=\"article:modified_time\" content=\"2026-01-20T15:04:49+00:00\" \/>\n<meta property=\"og:image\" content=\"https:\/\/www.eyrignac.com\/wp-content\/uploads\/2018\/01\/eyrignac_jardins_eric_sander_allee_charmes_web.jpg\" \/>\n\t<meta property=\"og:image:width\" content=\"2000\" \/>\n\t<meta property=\"og:image:height\" content=\"753\" \/>\n\t<meta property=\"og:image:type\" content=\"image\/jpeg\" \/>\n<meta name=\"author\" content=\"modifs\" \/>\n<meta name=\"twitter:card\" content=\"summary_large_image\" \/>\n<meta name=\"twitter:creator\" content=\"@eyrignac\" \/>\n<meta name=\"twitter:site\" content=\"@eyrignac\" \/>\n<meta name=\"twitter:label1\" content=\"\u00c9crit par\" \/>\n\t<meta name=\"twitter:data1\" content=\"modifs\" \/>\n<script type=\"application\/ld+json\" class=\"yoast-schema-graph\">{\"@context\":\"https:\\\/\\\/schema.org\",\"@graph\":[{\"@type\":\"Article\",\"@id\":\"https:\\\/\\\/www.eyrignac.com\\\/fr\\\/dossiers-de-presse\\\/eyrignac-dossier-de-presse#article\",\"isPartOf\":{\"@id\":\"https:\\\/\\\/www.eyrignac.com\\\/fr\\\/dossiers-de-presse\\\/eyrignac-dossier-de-presse\"},\"author\":{\"name\":\"modifs\",\"@id\":\"https:\\\/\\\/www.eyrignac.com\\\/fr\\\/#\\\/schema\\\/person\\\/6b23cb9e26d0d5fc9a6a178585528d02\"},\"headline\":\"Eyrignac et ses jardins : Dossier de presse 2026\",\"datePublished\":\"2018-03-16T20:56:09+00:00\",\"dateModified\":\"2026-01-20T15:04:49+00:00\",\"mainEntityOfPage\":{\"@id\":\"https:\\\/\\\/www.eyrignac.com\\\/fr\\\/dossiers-de-presse\\\/eyrignac-dossier-de-presse\"},\"wordCount\":30,\"publisher\":{\"@id\":\"https:\\\/\\\/www.eyrignac.com\\\/fr\\\/#organization\"},\"image\":{\"@id\":\"https:\\\/\\\/www.eyrignac.com\\\/fr\\\/dossiers-de-presse\\\/eyrignac-dossier-de-presse#primaryimage\"},\"thumbnailUrl\":\"https:\\\/\\\/www.eyrignac.com\\\/wp-content\\\/uploads\\\/2018\\\/01\\\/eyrignac_jardins_eric_sander_allee_charmes_web.jpg\",\"articleSection\":[\"Dossiers de presse\"],\"inLanguage\":\"fr-FR\"},{\"@type\":\"WebPage\",\"@id\":\"https:\\\/\\\/www.eyrignac.com\\\/fr\\\/dossiers-de-presse\\\/eyrignac-dossier-de-presse\",\"url\":\"https:\\\/\\\/www.eyrignac.com\\\/fr\\\/dossiers-de-presse\\\/eyrignac-dossier-de-presse\",\"name\":\"Dossier de presse 2020 d'Eyrignac et ses jardins (P\u00e9rigord Noir)\",\"isPartOf\":{\"@id\":\"https:\\\/\\\/www.eyrignac.com\\\/fr\\\/#website\"},\"primaryImageOfPage\":{\"@id\":\"https:\\\/\\\/www.eyrignac.com\\\/fr\\\/dossiers-de-presse\\\/eyrignac-dossier-de-presse#primaryimage\"},\"image\":{\"@id\":\"https:\\\/\\\/www.eyrignac.com\\\/fr\\\/dossiers-de-presse\\\/eyrignac-dossier-de-presse#primaryimage\"},\"thumbnailUrl\":\"https:\\\/\\\/www.eyrignac.com\\\/wp-content\\\/uploads\\\/2018\\\/01\\\/eyrignac_jardins_eric_sander_allee_charmes_web.jpg\",\"datePublished\":\"2018-03-16T20:56:09+00:00\",\"dateModified\":\"2026-01-20T15:04:49+00:00\",\"description\":\"Ch\u00e8res professionnelles, chers professionnels de la Presse. Vous trouverez sur cette page le dossier de Presse et les communiqu\u00e9s de Presses relatifs \u00e0 la vie d'Eyrignac et ses jardins. Si vous souhaitez avoir des informations suppl\u00e9mentaires, n'h\u00e9sitez pas \u00e0 nous contacter, nous nous ferons un plaisir de vous r\u00e9pondre\",\"breadcrumb\":{\"@id\":\"https:\\\/\\\/www.eyrignac.com\\\/fr\\\/dossiers-de-presse\\\/eyrignac-dossier-de-presse#breadcrumb\"},\"inLanguage\":\"fr-FR\",\"potentialAction\":[{\"@type\":\"ReadAction\",\"target\":[\"https:\\\/\\\/www.eyrignac.com\\\/fr\\\/dossiers-de-presse\\\/eyrignac-dossier-de-presse\"]}]},{\"@type\":\"ImageObject\",\"inLanguage\":\"fr-FR\",\"@id\":\"https:\\\/\\\/www.eyrignac.com\\\/fr\\\/dossiers-de-presse\\\/eyrignac-dossier-de-presse#primaryimage\",\"url\":\"https:\\\/\\\/www.eyrignac.com\\\/wp-content\\\/uploads\\\/2018\\\/01\\\/eyrignac_jardins_eric_sander_allee_charmes_web.jpg\",\"contentUrl\":\"https:\\\/\\\/www.eyrignac.com\\\/wp-content\\\/uploads\\\/2018\\\/01\\\/eyrignac_jardins_eric_sander_allee_charmes_web.jpg\",\"width\":2000,\"height\":753,\"caption\":\"Vue a\u00e9rienne rapproch\u00e9e de l'All\u00e9e des Charmes \u00e0 Eyrignac\"},{\"@type\":\"BreadcrumbList\",\"@id\":\"https:\\\/\\\/www.eyrignac.com\\\/fr\\\/dossiers-de-presse\\\/eyrignac-dossier-de-presse#breadcrumb\",\"itemListElement\":[{\"@type\":\"ListItem\",\"position\":1,\"name\":\"Accueil\",\"item\":\"https:\\\/\\\/www.eyrignac.com\\\/fr\"},{\"@type\":\"ListItem\",\"position\":2,\"name\":\"Eyrignac et ses jardins : Dossier de presse 2026\"}]},{\"@type\":\"WebSite\",\"@id\":\"https:\\\/\\\/www.eyrignac.com\\\/fr\\\/#website\",\"url\":\"https:\\\/\\\/www.eyrignac.com\\\/fr\\\/\",\"name\":\"Eyrignac et ses jardins\",\"description\":\"Lieu de verdure unique en Dordogne\",\"publisher\":{\"@id\":\"https:\\\/\\\/www.eyrignac.com\\\/fr\\\/#organization\"},\"potentialAction\":[{\"@type\":\"SearchAction\",\"target\":{\"@type\":\"EntryPoint\",\"urlTemplate\":\"https:\\\/\\\/www.eyrignac.com\\\/fr\\\/?s={search_term_string}\"},\"query-input\":{\"@type\":\"PropertyValueSpecification\",\"valueRequired\":true,\"valueName\":\"search_term_string\"}}],\"inLanguage\":\"fr-FR\"},{\"@type\":\"Organization\",\"@id\":\"https:\\\/\\\/www.eyrignac.com\\\/fr\\\/#organization\",\"name\":\"Eyrignac\",\"url\":\"https:\\\/\\\/www.eyrignac.com\\\/fr\\\/\",\"logo\":{\"@type\":\"ImageObject\",\"inLanguage\":\"fr-FR\",\"@id\":\"https:\\\/\\\/www.eyrignac.com\\\/fr\\\/#\\\/schema\\\/logo\\\/image\\\/\",\"url\":\"https:\\\/\\\/www.eyrignac.com\\\/wp-content\\\/uploads\\\/2017\\\/12\\\/logo-eyrignac.png\",\"contentUrl\":\"https:\\\/\\\/www.eyrignac.com\\\/wp-content\\\/uploads\\\/2017\\\/12\\\/logo-eyrignac.png\",\"width\":500,\"height\":189,\"caption\":\"Eyrignac\"},\"image\":{\"@id\":\"https:\\\/\\\/www.eyrignac.com\\\/fr\\\/#\\\/schema\\\/logo\\\/image\\\/\"},\"sameAs\":[\"https:\\\/\\\/www.facebook.com\\\/JardinsEyrignac\\\/\",\"https:\\\/\\\/x.com\\\/eyrignac\",\"https:\\\/\\\/www.instagram.com\\\/eyrignac\\\/\",\"https:\\\/\\\/www.pinterest.fr\\\/eyrignac\\\/\",\"https:\\\/\\\/www.youtube.com\\\/channel\\\/UCjWc47ArIew83eRXXjaBowg\"]},{\"@type\":\"Person\",\"@id\":\"https:\\\/\\\/www.eyrignac.com\\\/fr\\\/#\\\/schema\\\/person\\\/6b23cb9e26d0d5fc9a6a178585528d02\",\"name\":\"modifs\"}]}<\/script>\n<!-- \/ Yoast SEO plugin. -->","yoast_head_json":{"title":"Dossier de presse 2020 d'Eyrignac et ses jardins (P\u00e9rigord Noir)","description":"Ch\u00e8res professionnelles, chers professionnels de la Presse. Vous trouverez sur cette page le dossier de Presse et les communiqu\u00e9s de Presses relatifs \u00e0 la vie d'Eyrignac et ses jardins. Si vous souhaitez avoir des informations suppl\u00e9mentaires, n'h\u00e9sitez pas \u00e0 nous contacter, nous nous ferons un plaisir de vous r\u00e9pondre","robots":{"index":"index","follow":"follow","max-snippet":"max-snippet:-1","max-image-preview":"max-image-preview:large","max-video-preview":"max-video-preview:-1"},"canonical":"https:\/\/www.eyrignac.com\/fr\/dossiers-de-presse\/eyrignac-dossier-de-presse","og_locale":"fr_FR","og_type":"article","og_title":"Dossier de presse 2020 d'Eyrignac et ses jardins (P\u00e9rigord Noir)","og_description":"Ch\u00e8res professionnelles, chers professionnels de la Presse. Vous trouverez sur cette page le dossier de Presse et les communiqu\u00e9s de Presses relatifs \u00e0 la vie d'Eyrignac et ses jardins. Si vous souhaitez avoir des informations suppl\u00e9mentaires, n'h\u00e9sitez pas \u00e0 nous contacter, nous nous ferons un plaisir de vous r\u00e9pondre","og_url":"https:\/\/www.eyrignac.com\/fr\/dossiers-de-presse\/eyrignac-dossier-de-presse","og_site_name":"Eyrignac et ses jardins","article_publisher":"https:\/\/www.facebook.com\/JardinsEyrignac\/","article_published_time":"2018-03-16T20:56:09+00:00","article_modified_time":"2026-01-20T15:04:49+00:00","og_image":[{"width":2000,"height":753,"url":"https:\/\/www.eyrignac.com\/wp-content\/uploads\/2018\/01\/eyrignac_jardins_eric_sander_allee_charmes_web.jpg","type":"image\/jpeg"}],"author":"modifs","twitter_card":"summary_large_image","twitter_creator":"@eyrignac","twitter_site":"@eyrignac","twitter_misc":{"\u00c9crit par":"modifs"},"schema":{"@context":"https:\/\/schema.org","@graph":[{"@type":"Article","@id":"https:\/\/www.eyrignac.com\/fr\/dossiers-de-presse\/eyrignac-dossier-de-presse#article","isPartOf":{"@id":"https:\/\/www.eyrignac.com\/fr\/dossiers-de-presse\/eyrignac-dossier-de-presse"},"author":{"name":"modifs","@id":"https:\/\/www.eyrignac.com\/fr\/#\/schema\/person\/6b23cb9e26d0d5fc9a6a178585528d02"},"headline":"Eyrignac et ses jardins : Dossier de presse 2026","datePublished":"2018-03-16T20:56:09+00:00","dateModified":"2026-01-20T15:04:49+00:00","mainEntityOfPage":{"@id":"https:\/\/www.eyrignac.com\/fr\/dossiers-de-presse\/eyrignac-dossier-de-presse"},"wordCount":30,"publisher":{"@id":"https:\/\/www.eyrignac.com\/fr\/#organization"},"image":{"@id":"https:\/\/www.eyrignac.com\/fr\/dossiers-de-presse\/eyrignac-dossier-de-presse#primaryimage"},"thumbnailUrl":"https:\/\/www.eyrignac.com\/wp-content\/uploads\/2018\/01\/eyrignac_jardins_eric_sander_allee_charmes_web.jpg","articleSection":["Dossiers de presse"],"inLanguage":"fr-FR"},{"@type":"WebPage","@id":"https:\/\/www.eyrignac.com\/fr\/dossiers-de-presse\/eyrignac-dossier-de-presse","url":"https:\/\/www.eyrignac.com\/fr\/dossiers-de-presse\/eyrignac-dossier-de-presse","name":"Dossier de presse 2020 d'Eyrignac et ses jardins (P\u00e9rigord Noir)","isPartOf":{"@id":"https:\/\/www.eyrignac.com\/fr\/#website"},"primaryImageOfPage":{"@id":"https:\/\/www.eyrignac.com\/fr\/dossiers-de-presse\/eyrignac-dossier-de-presse#primaryimage"},"image":{"@id":"https:\/\/www.eyrignac.com\/fr\/dossiers-de-presse\/eyrignac-dossier-de-presse#primaryimage"},"thumbnailUrl":"https:\/\/www.eyrignac.com\/wp-content\/uploads\/2018\/01\/eyrignac_jardins_eric_sander_allee_charmes_web.jpg","datePublished":"2018-03-16T20:56:09+00:00","dateModified":"2026-01-20T15:04:49+00:00","description":"Ch\u00e8res professionnelles, chers professionnels de la Presse. Vous trouverez sur cette page le dossier de Presse et les communiqu\u00e9s de Presses relatifs \u00e0 la vie d'Eyrignac et ses jardins. Si vous souhaitez avoir des informations suppl\u00e9mentaires, n'h\u00e9sitez pas \u00e0 nous contacter, nous nous ferons un plaisir de vous r\u00e9pondre","breadcrumb":{"@id":"https:\/\/www.eyrignac.com\/fr\/dossiers-de-presse\/eyrignac-dossier-de-presse#breadcrumb"},"inLanguage":"fr-FR","potentialAction":[{"@type":"ReadAction","target":["https:\/\/www.eyrignac.com\/fr\/dossiers-de-presse\/eyrignac-dossier-de-presse"]}]},{"@type":"ImageObject","inLanguage":"fr-FR","@id":"https:\/\/www.eyrignac.com\/fr\/dossiers-de-presse\/eyrignac-dossier-de-presse#primaryimage","url":"https:\/\/www.eyrignac.com\/wp-content\/uploads\/2018\/01\/eyrignac_jardins_eric_sander_allee_charmes_web.jpg","contentUrl":"https:\/\/www.eyrignac.com\/wp-content\/uploads\/2018\/01\/eyrignac_jardins_eric_sander_allee_charmes_web.jpg","width":2000,"height":753,"caption":"Vue a\u00e9rienne rapproch\u00e9e de l'All\u00e9e des Charmes \u00e0 Eyrignac"},{"@type":"BreadcrumbList","@id":"https:\/\/www.eyrignac.com\/fr\/dossiers-de-presse\/eyrignac-dossier-de-presse#breadcrumb","itemListElement":[{"@type":"ListItem","position":1,"name":"Accueil","item":"https:\/\/www.eyrignac.com\/fr"},{"@type":"ListItem","position":2,"name":"Eyrignac et ses jardins : Dossier de presse 2026"}]},{"@type":"WebSite","@id":"https:\/\/www.eyrignac.com\/fr\/#website","url":"https:\/\/www.eyrignac.com\/fr\/","name":"Eyrignac et ses jardins","description":"Lieu de verdure unique en Dordogne","publisher":{"@id":"https:\/\/www.eyrignac.com\/fr\/#organization"},"potentialAction":[{"@type":"SearchAction","target":{"@type":"EntryPoint","urlTemplate":"https:\/\/www.eyrignac.com\/fr\/?s={search_term_string}"},"query-input":{"@type":"PropertyValueSpecification","valueRequired":true,"valueName":"search_term_string"}}],"inLanguage":"fr-FR"},{"@type":"Organization","@id":"https:\/\/www.eyrignac.com\/fr\/#organization","name":"Eyrignac","url":"https:\/\/www.eyrignac.com\/fr\/","logo":{"@type":"ImageObject","inLanguage":"fr-FR","@id":"https:\/\/www.eyrignac.com\/fr\/#\/schema\/logo\/image\/","url":"https:\/\/www.eyrignac.com\/wp-content\/uploads\/2017\/12\/logo-eyrignac.png","contentUrl":"https:\/\/www.eyrignac.com\/wp-content\/uploads\/2017\/12\/logo-eyrignac.png","width":500,"height":189,"caption":"Eyrignac"},"image":{"@id":"https:\/\/www.eyrignac.com\/fr\/#\/schema\/logo\/image\/"},"sameAs":["https:\/\/www.facebook.com\/JardinsEyrignac\/","https:\/\/x.com\/eyrignac","https:\/\/www.instagram.com\/eyrignac\/","https:\/\/www.pinterest.fr\/eyrignac\/","https:\/\/www.youtube.com\/channel\/UCjWc47ArIew83eRXXjaBowg"]},{"@type":"Person","@id":"https:\/\/www.eyrignac.com\/fr\/#\/schema\/person\/6b23cb9e26d0d5fc9a6a178585528d02","name":"modifs"}]}},"_links":{"self":[{"href":"https:\/\/www.eyrignac.com\/fr\/wp-json\/wp\/v2\/posts\/1053","targetHints":{"allow":["GET"]}}],"collection":[{"href":"https:\/\/www.eyrignac.com\/fr\/wp-json\/wp\/v2\/posts"}],"about":[{"href":"https:\/\/www.eyrignac.com\/fr\/wp-json\/wp\/v2\/types\/post"}],"author":[{"embeddable":true,"href":"https:\/\/www.eyrignac.com\/fr\/wp-json\/wp\/v2\/users\/1"}],"replies":[{"embeddable":true,"href":"https:\/\/www.eyrignac.com\/fr\/wp-json\/wp\/v2\/comments?post=1053"}],"version-history":[{"count":5,"href":"https:\/\/www.eyrignac.com\/fr\/wp-json\/wp\/v2\/posts\/1053\/revisions"}],"predecessor-version":[{"id":11988,"href":"https:\/\/www.eyrignac.com\/fr\/wp-json\/wp\/v2\/posts\/1053\/revisions\/11988"}],"wp:featuredmedia":[{"embeddable":true,"href":"https:\/\/www.eyrignac.com\/fr\/wp-json\/wp\/v2\/media\/1090"}],"wp:attachment":[{"href":"https:\/\/www.eyrignac.com\/fr\/wp-json\/wp\/v2\/media?parent=1053"}],"wp:term":[{"taxonomy":"category","embeddable":true,"href":"https:\/\/www.eyrignac.com\/fr\/wp-json\/wp\/v2\/categories?post=1053"},{"taxonomy":"post_tag","embeddable":true,"href":"https:\/\/www.eyrignac.com\/fr\/wp-json\/wp\/v2\/tags?post=1053"}],"curies":[{"name":"wp","href":"https:\/\/api.w.org\/{rel}","templated":true}]}}