{"id":945,"date":"2018-01-22T15:56:11","date_gmt":"2018-01-22T14:56:11","guid":{"rendered":"https:\/\/www.eyrignac.com\/uncategorized\/parterre-a-la-francaise\/"},"modified":"2018-03-15T12:49:24","modified_gmt":"2018-03-15T11:49:24","slug":"the-french-style-parterre","status":"publish","type":"post","link":"https:\/\/www.eyrignac.com\/en\/discover-the-gardens\/the-french-style-parterre","title":{"rendered":"The French-style \u2018Parterre\u2019"},"content":{"rendered":"<div class=\"wpb-content-wrapper\"><p>[vc_row][vc_column][vc_column_text el_class=&#8221;or&#8221;]<\/p>\n<h1>The French-style \u2018Parterre\u2019<\/h1>\n<p>[\/vc_column_text][vc_column_text]The parterre is a fundamental component of the \u2018ornamental garden\u2019. It exists in all garden styles, composed of boxwood, or of a single type of flower.<\/p>\n<p>In the Middle Ages the parterre was basically four squares, bounded by low borders, either of wooden trellis or boxwood and modestly planted. With the dawn of the Renaissance, the designs became more complex, notably influenced by the illustrated Italian volume \u2018Le Songe de Poliphile\u2019, which overflowed with a variety of interlaced motifs. The Italian style predominated in France, evidence of which is recorded by the architect Androuet du Cerceau with the wide range of motifs in \u2018Les Plus Beaux B\u00e2timents de France\u2019. By the 16<sup>th<\/sup> century parterres were on a grand scale, a network of paths divided the space into regular squares or \u2018flowerbeds\u2019.\u00a0 Each square was different both in the geometric design and the planting. In the 17<sup>th<\/sup> century, under the impetus of Andr\u00e9 Le N\u00f4tre, the flowerbeds appeared to stretch out to infinity and the arabesque motifs resemble those of lace. To create a contrast between the scrolls of boxwood and the backdrop of the flowerbed, the ground was covered with sand or crushed bricks.<\/p>\n<p>The French-style parterre is unusual in that it is designed to be viewed from above, either from a terrace or from the first floor, the so called \u2018Noble Floor\u2019, as in the case of the parterre at Eyrignac.\u00a0 However, the parterre at Eyrignac deviates from tradition by the choice of turf, preferring the monochrome shades of green, instead of contrasting colours and materials.<\/p>\n<p>During the summer months, the parterre is embellished with flowers\u00a0: roses, impatiens, potentilla in tones of blue, yellow and white.[\/vc_column_text][\/vc_column][\/vc_row][vc_row el_class=&#8221;carousel&#8221; css=&#8221;.vc_custom_1516807923091{margin-top: 25px !important;margin-bottom: 25px !important;}&#8221;][vc_column]<div class=\"carousel-slider-outer carousel-slider-outer-image-carousel carousel-slider-outer-548\" style=\"--carousel-slider-nav-color:#a58b4b;--carousel-slider-active-nav-color:#a58b4b;--carousel-slider-arrow-size:72px;--carousel-slider-bullet-size:10px\">\n<div id=\"&#039;id-548\" class=\"carousel-slider carousel-slider-548 arrows-visibility-always dots-visibility-never arrows-outside dots-center dots-square owl-carousel\" data-slide-type=\"image-carousel\" data-owl-settings='{\"nav\":true,\"dots\":false,\"slideBy\":1,\"stagePadding\":0,\"margin\":10,\"loop\":false,\"lazyLoad\":false,\"autoplay\":true,\"autoplayTimeout\":5000,\"autoplaySpeed\":500,\"autoplayHoverPause\":true,\"autoWidth\":false,\"responsive\":{\"300\":{\"items\":1},\"576\":{\"items\":2},\"768\":{\"items\":2},\"1024\":{\"items\":3},\"1280\":{\"items\":4},\"1536\":{\"items\":5}}}'>\n<div class=\"carousel-slider__item\">\n\t<a class=\"magnific-popup\" href=\"https:\/\/www.eyrignac.com\/wp-content\/uploads\/2018\/01\/Le-Parterre-francais.jpg\" data-width=\"800\" data-height=\"533\"><img decoding=\"async\" width=\"270\" height=\"350\" src=\"https:\/\/www.eyrignac.com\/wp-content\/uploads\/2018\/01\/Le-Parterre-francais-270x350.jpg\" class=\"attachment-carousel size-carousel\" alt=\"Le Parterre fran\u00e7ais du Manoir d&#039;Eyrignac\" \/><\/a><\/div>\n\n<div class=\"carousel-slider__item\">\n\t<a class=\"magnific-popup\" href=\"https:\/\/www.eyrignac.com\/wp-content\/uploads\/2018\/01\/Le-Parterre-francais-3.jpg\" data-width=\"800\" data-height=\"531\"><img decoding=\"async\" width=\"270\" height=\"350\" src=\"https:\/\/www.eyrignac.com\/wp-content\/uploads\/2018\/01\/Le-Parterre-francais-3-270x350.jpg\" class=\"attachment-carousel size-carousel\" alt=\"Le parterre \u00e0 la Fran\u00e7aise et le Manoir \u00a9Olivier Anger\" \/><\/a><\/div>\n\n<div class=\"carousel-slider__item\">\n\t<a class=\"magnific-popup\" href=\"https:\/\/www.eyrignac.com\/wp-content\/uploads\/2018\/01\/Le-Parterre-francais-2.jpg\" data-width=\"400\" data-height=\"600\"><img decoding=\"async\" width=\"270\" height=\"350\" src=\"https:\/\/www.eyrignac.com\/wp-content\/uploads\/2018\/01\/Le-Parterre-francais-2-270x350.jpg\" class=\"attachment-carousel size-carousel\" alt=\"Le Parterre \u00e0 la Fran\u00e7aise\" \/><\/a><\/div>\n\n<div class=\"carousel-slider__item\">\n\t<a class=\"magnific-popup\" href=\"https:\/\/www.eyrignac.com\/wp-content\/uploads\/2018\/01\/EYRIGNAC-Arabesques-du-Jard.jpg\" data-width=\"800\" data-height=\"600\"><img decoding=\"async\" width=\"270\" height=\"350\" src=\"https:\/\/www.eyrignac.com\/wp-content\/uploads\/2018\/01\/EYRIGNAC-Arabesques-du-Jard-270x350.jpg\" class=\"attachment-carousel size-carousel\" alt=\"\" \/><\/a><\/div>\n\n<\/div><!-- .carousel-slider-548 -->\n<\/div><!-- .carousel-slider-outer-548 -->\n[\/vc_column][\/vc_row][vc_row][vc_column][vc_btn title=&#8221;Discover the gardens&#8221; style=&#8221;classic&#8221; shape=&#8221;square&#8221; color=&#8221;white&#8221; align=&#8221;center&#8221; i_align=&#8221;right&#8221; i_icon_fontawesome=&#8221;fa fa-caret-right&#8221; button_block=&#8221;true&#8221; add_icon=&#8221;true&#8221; link=&#8221;url:%2Fen%2Fdiscover-eyrignac%2F|||&#8221; el_class=&#8221;or&#8221;][\/vc_column][\/vc_row]<\/p>\n<\/div>","protected":false},"excerpt":{"rendered":"[vc_row][vc_column][vc_column_text el_class=&#8221;or&#8221;] The French-style \u2018Parterre\u2019 [\/vc_column_text][vc_column_text]The parterre is a fundamental component of the \u2018ornamental garden\u2019. It exists in all garden styles, composed of boxwood, or of a single type of flower. In the Middle Ages the parterre was basically four squares, bounded by low borders, either of wooden trellis or boxwood and modestly planted. With&#8230; <a class=\"view-article\" href=\"https:\/\/www.eyrignac.com\/en\/discover-the-gardens\/the-french-style-parterre\">View Article<\/a>","protected":false},"author":1,"featured_media":10787,"comment_status":"closed","ping_status":"open","sticky":false,"template":"","format":"standard","meta":{"_acf_changed":false,"footnotes":""},"categories":[15],"tags":[],"class_list":["post-945","post","type-post","status-publish","format-standard","has-post-thumbnail","hentry","category-discover-the-gardens"],"acf":[],"yoast_head":"<!-- This site is optimized with the Yoast SEO plugin v27.5 - https:\/\/yoast.com\/product\/yoast-seo-wordpress\/ -->\n<title>The French-style \u2018Parterre\u2019 - Eyrignac et ses jardins<\/title>\n<meta name=\"robots\" content=\"index, follow, max-snippet:-1, max-image-preview:large, max-video-preview:-1\" \/>\n<link rel=\"canonical\" href=\"https:\/\/www.eyrignac.com\/en\/discover-the-gardens\/the-french-style-parterre\" \/>\n<meta property=\"og:locale\" content=\"en_US\" \/>\n<meta property=\"og:type\" content=\"article\" \/>\n<meta property=\"og:title\" content=\"The French-style \u2018Parterre\u2019 - Eyrignac et ses jardins\" \/>\n<meta property=\"og:description\" content=\"[vc_row][vc_column][vc_column_text el_class=&#8221;or&#8221;] The French-style \u2018Parterre\u2019 [\/vc_column_text][vc_column_text]The parterre is a fundamental component of the \u2018ornamental garden\u2019. It exists in all garden styles, composed of boxwood, or of a single type of flower. In the Middle Ages the parterre was basically four squares, bounded by low borders, either of wooden trellis or boxwood and modestly planted. With... View Article\" \/>\n<meta property=\"og:url\" content=\"https:\/\/www.eyrignac.com\/en\/discover-the-gardens\/the-french-style-parterre\" \/>\n<meta property=\"og:site_name\" content=\"Eyrignac et ses jardins\" \/>\n<meta property=\"article:publisher\" content=\"https:\/\/www.facebook.com\/JardinsEyrignac\/\" \/>\n<meta property=\"article:published_time\" content=\"2018-01-22T14:56:11+00:00\" \/>\n<meta property=\"article:modified_time\" content=\"2018-03-15T11:49:24+00:00\" \/>\n<meta property=\"og:image\" content=\"https:\/\/www.eyrignac.com\/wp-content\/uploads\/2018\/01\/Eyrignac-le-jardin-francais.jpg\" \/>\n\t<meta property=\"og:image:width\" content=\"500\" \/>\n\t<meta property=\"og:image:height\" content=\"332\" \/>\n\t<meta property=\"og:image:type\" content=\"image\/jpeg\" \/>\n<meta name=\"author\" content=\"modifs\" \/>\n<meta name=\"twitter:card\" content=\"summary_large_image\" \/>\n<meta name=\"twitter:creator\" content=\"@eyrignac\" \/>\n<meta name=\"twitter:site\" content=\"@eyrignac\" \/>\n<meta name=\"twitter:label1\" content=\"Written by\" \/>\n\t<meta name=\"twitter:data1\" content=\"modifs\" \/>\n\t<meta name=\"twitter:label2\" content=\"Est. reading time\" \/>\n\t<meta name=\"twitter:data2\" content=\"2 minutes\" \/>\n<script type=\"application\/ld+json\" class=\"yoast-schema-graph\">{\"@context\":\"https:\\\/\\\/schema.org\",\"@graph\":[{\"@type\":\"Article\",\"@id\":\"https:\\\/\\\/www.eyrignac.com\\\/en\\\/discover-the-gardens\\\/the-french-style-parterre#article\",\"isPartOf\":{\"@id\":\"https:\\\/\\\/www.eyrignac.com\\\/en\\\/discover-the-gardens\\\/the-french-style-parterre\"},\"author\":{\"name\":\"modifs\",\"@id\":\"https:\\\/\\\/www.eyrignac.com\\\/fr\\\/#\\\/schema\\\/person\\\/6b23cb9e26d0d5fc9a6a178585528d02\"},\"headline\":\"The French-style \u2018Parterre\u2019\",\"datePublished\":\"2018-01-22T14:56:11+00:00\",\"dateModified\":\"2018-03-15T11:49:24+00:00\",\"mainEntityOfPage\":{\"@id\":\"https:\\\/\\\/www.eyrignac.com\\\/en\\\/discover-the-gardens\\\/the-french-style-parterre\"},\"wordCount\":375,\"publisher\":{\"@id\":\"https:\\\/\\\/www.eyrignac.com\\\/fr\\\/#organization\"},\"image\":{\"@id\":\"https:\\\/\\\/www.eyrignac.com\\\/en\\\/discover-the-gardens\\\/the-french-style-parterre#primaryimage\"},\"thumbnailUrl\":\"https:\\\/\\\/www.eyrignac.com\\\/wp-content\\\/uploads\\\/2018\\\/01\\\/Eyrignac-le-jardin-francais.jpg\",\"articleSection\":[\"Discover the Gardens\"],\"inLanguage\":\"en-US\"},{\"@type\":\"WebPage\",\"@id\":\"https:\\\/\\\/www.eyrignac.com\\\/en\\\/discover-the-gardens\\\/the-french-style-parterre\",\"url\":\"https:\\\/\\\/www.eyrignac.com\\\/en\\\/discover-the-gardens\\\/the-french-style-parterre\",\"name\":\"The French-style \u2018Parterre\u2019 - Eyrignac et ses jardins\",\"isPartOf\":{\"@id\":\"https:\\\/\\\/www.eyrignac.com\\\/fr\\\/#website\"},\"primaryImageOfPage\":{\"@id\":\"https:\\\/\\\/www.eyrignac.com\\\/en\\\/discover-the-gardens\\\/the-french-style-parterre#primaryimage\"},\"image\":{\"@id\":\"https:\\\/\\\/www.eyrignac.com\\\/en\\\/discover-the-gardens\\\/the-french-style-parterre#primaryimage\"},\"thumbnailUrl\":\"https:\\\/\\\/www.eyrignac.com\\\/wp-content\\\/uploads\\\/2018\\\/01\\\/Eyrignac-le-jardin-francais.jpg\",\"datePublished\":\"2018-01-22T14:56:11+00:00\",\"dateModified\":\"2018-03-15T11:49:24+00:00\",\"breadcrumb\":{\"@id\":\"https:\\\/\\\/www.eyrignac.com\\\/en\\\/discover-the-gardens\\\/the-french-style-parterre#breadcrumb\"},\"inLanguage\":\"en-US\",\"potentialAction\":[{\"@type\":\"ReadAction\",\"target\":[\"https:\\\/\\\/www.eyrignac.com\\\/en\\\/discover-the-gardens\\\/the-french-style-parterre\"]}]},{\"@type\":\"ImageObject\",\"inLanguage\":\"en-US\",\"@id\":\"https:\\\/\\\/www.eyrignac.com\\\/en\\\/discover-the-gardens\\\/the-french-style-parterre#primaryimage\",\"url\":\"https:\\\/\\\/www.eyrignac.com\\\/wp-content\\\/uploads\\\/2018\\\/01\\\/Eyrignac-le-jardin-francais.jpg\",\"contentUrl\":\"https:\\\/\\\/www.eyrignac.com\\\/wp-content\\\/uploads\\\/2018\\\/01\\\/Eyrignac-le-jardin-francais.jpg\",\"width\":500,\"height\":332,\"caption\":\"Vue a\u00e9rienne du parterre \u00e0 la Fran\u00e7aise\"},{\"@type\":\"BreadcrumbList\",\"@id\":\"https:\\\/\\\/www.eyrignac.com\\\/en\\\/discover-the-gardens\\\/the-french-style-parterre#breadcrumb\",\"itemListElement\":[{\"@type\":\"ListItem\",\"position\":1,\"name\":\"Accueil\",\"item\":\"https:\\\/\\\/www.eyrignac.com\\\/en\"},{\"@type\":\"ListItem\",\"position\":2,\"name\":\"The French-style \u2018Parterre\u2019\"}]},{\"@type\":\"WebSite\",\"@id\":\"https:\\\/\\\/www.eyrignac.com\\\/fr\\\/#website\",\"url\":\"https:\\\/\\\/www.eyrignac.com\\\/fr\\\/\",\"name\":\"Eyrignac et ses jardins\",\"description\":\"Lieu de verdure unique en Dordogne\",\"publisher\":{\"@id\":\"https:\\\/\\\/www.eyrignac.com\\\/fr\\\/#organization\"},\"potentialAction\":[{\"@type\":\"SearchAction\",\"target\":{\"@type\":\"EntryPoint\",\"urlTemplate\":\"https:\\\/\\\/www.eyrignac.com\\\/fr\\\/?s={search_term_string}\"},\"query-input\":{\"@type\":\"PropertyValueSpecification\",\"valueRequired\":true,\"valueName\":\"search_term_string\"}}],\"inLanguage\":\"en-US\"},{\"@type\":\"Organization\",\"@id\":\"https:\\\/\\\/www.eyrignac.com\\\/fr\\\/#organization\",\"name\":\"Eyrignac\",\"url\":\"https:\\\/\\\/www.eyrignac.com\\\/fr\\\/\",\"logo\":{\"@type\":\"ImageObject\",\"inLanguage\":\"en-US\",\"@id\":\"https:\\\/\\\/www.eyrignac.com\\\/fr\\\/#\\\/schema\\\/logo\\\/image\\\/\",\"url\":\"https:\\\/\\\/www.eyrignac.com\\\/wp-content\\\/uploads\\\/2017\\\/12\\\/logo-eyrignac.png\",\"contentUrl\":\"https:\\\/\\\/www.eyrignac.com\\\/wp-content\\\/uploads\\\/2017\\\/12\\\/logo-eyrignac.png\",\"width\":500,\"height\":189,\"caption\":\"Eyrignac\"},\"image\":{\"@id\":\"https:\\\/\\\/www.eyrignac.com\\\/fr\\\/#\\\/schema\\\/logo\\\/image\\\/\"},\"sameAs\":[\"https:\\\/\\\/www.facebook.com\\\/JardinsEyrignac\\\/\",\"https:\\\/\\\/x.com\\\/eyrignac\",\"https:\\\/\\\/www.instagram.com\\\/eyrignac\\\/\",\"https:\\\/\\\/www.pinterest.fr\\\/eyrignac\\\/\",\"https:\\\/\\\/www.youtube.com\\\/channel\\\/UCjWc47ArIew83eRXXjaBowg\"]},{\"@type\":\"Person\",\"@id\":\"https:\\\/\\\/www.eyrignac.com\\\/fr\\\/#\\\/schema\\\/person\\\/6b23cb9e26d0d5fc9a6a178585528d02\",\"name\":\"modifs\"}]}<\/script>\n<!-- \/ Yoast SEO plugin. -->","yoast_head_json":{"title":"The French-style \u2018Parterre\u2019 - Eyrignac et ses jardins","robots":{"index":"index","follow":"follow","max-snippet":"max-snippet:-1","max-image-preview":"max-image-preview:large","max-video-preview":"max-video-preview:-1"},"canonical":"https:\/\/www.eyrignac.com\/en\/discover-the-gardens\/the-french-style-parterre","og_locale":"en_US","og_type":"article","og_title":"The French-style \u2018Parterre\u2019 - Eyrignac et ses jardins","og_description":"[vc_row][vc_column][vc_column_text el_class=&#8221;or&#8221;] The French-style \u2018Parterre\u2019 [\/vc_column_text][vc_column_text]The parterre is a fundamental component of the \u2018ornamental garden\u2019. It exists in all garden styles, composed of boxwood, or of a single type of flower. In the Middle Ages the parterre was basically four squares, bounded by low borders, either of wooden trellis or boxwood and modestly planted. With... View Article","og_url":"https:\/\/www.eyrignac.com\/en\/discover-the-gardens\/the-french-style-parterre","og_site_name":"Eyrignac et ses jardins","article_publisher":"https:\/\/www.facebook.com\/JardinsEyrignac\/","article_published_time":"2018-01-22T14:56:11+00:00","article_modified_time":"2018-03-15T11:49:24+00:00","og_image":[{"width":500,"height":332,"url":"https:\/\/www.eyrignac.com\/wp-content\/uploads\/2018\/01\/Eyrignac-le-jardin-francais.jpg","type":"image\/jpeg"}],"author":"modifs","twitter_card":"summary_large_image","twitter_creator":"@eyrignac","twitter_site":"@eyrignac","twitter_misc":{"Written by":"modifs","Est. reading time":"2 minutes"},"schema":{"@context":"https:\/\/schema.org","@graph":[{"@type":"Article","@id":"https:\/\/www.eyrignac.com\/en\/discover-the-gardens\/the-french-style-parterre#article","isPartOf":{"@id":"https:\/\/www.eyrignac.com\/en\/discover-the-gardens\/the-french-style-parterre"},"author":{"name":"modifs","@id":"https:\/\/www.eyrignac.com\/fr\/#\/schema\/person\/6b23cb9e26d0d5fc9a6a178585528d02"},"headline":"The French-style \u2018Parterre\u2019","datePublished":"2018-01-22T14:56:11+00:00","dateModified":"2018-03-15T11:49:24+00:00","mainEntityOfPage":{"@id":"https:\/\/www.eyrignac.com\/en\/discover-the-gardens\/the-french-style-parterre"},"wordCount":375,"publisher":{"@id":"https:\/\/www.eyrignac.com\/fr\/#organization"},"image":{"@id":"https:\/\/www.eyrignac.com\/en\/discover-the-gardens\/the-french-style-parterre#primaryimage"},"thumbnailUrl":"https:\/\/www.eyrignac.com\/wp-content\/uploads\/2018\/01\/Eyrignac-le-jardin-francais.jpg","articleSection":["Discover the Gardens"],"inLanguage":"en-US"},{"@type":"WebPage","@id":"https:\/\/www.eyrignac.com\/en\/discover-the-gardens\/the-french-style-parterre","url":"https:\/\/www.eyrignac.com\/en\/discover-the-gardens\/the-french-style-parterre","name":"The French-style \u2018Parterre\u2019 - Eyrignac et ses jardins","isPartOf":{"@id":"https:\/\/www.eyrignac.com\/fr\/#website"},"primaryImageOfPage":{"@id":"https:\/\/www.eyrignac.com\/en\/discover-the-gardens\/the-french-style-parterre#primaryimage"},"image":{"@id":"https:\/\/www.eyrignac.com\/en\/discover-the-gardens\/the-french-style-parterre#primaryimage"},"thumbnailUrl":"https:\/\/www.eyrignac.com\/wp-content\/uploads\/2018\/01\/Eyrignac-le-jardin-francais.jpg","datePublished":"2018-01-22T14:56:11+00:00","dateModified":"2018-03-15T11:49:24+00:00","breadcrumb":{"@id":"https:\/\/www.eyrignac.com\/en\/discover-the-gardens\/the-french-style-parterre#breadcrumb"},"inLanguage":"en-US","potentialAction":[{"@type":"ReadAction","target":["https:\/\/www.eyrignac.com\/en\/discover-the-gardens\/the-french-style-parterre"]}]},{"@type":"ImageObject","inLanguage":"en-US","@id":"https:\/\/www.eyrignac.com\/en\/discover-the-gardens\/the-french-style-parterre#primaryimage","url":"https:\/\/www.eyrignac.com\/wp-content\/uploads\/2018\/01\/Eyrignac-le-jardin-francais.jpg","contentUrl":"https:\/\/www.eyrignac.com\/wp-content\/uploads\/2018\/01\/Eyrignac-le-jardin-francais.jpg","width":500,"height":332,"caption":"Vue a\u00e9rienne du parterre \u00e0 la Fran\u00e7aise"},{"@type":"BreadcrumbList","@id":"https:\/\/www.eyrignac.com\/en\/discover-the-gardens\/the-french-style-parterre#breadcrumb","itemListElement":[{"@type":"ListItem","position":1,"name":"Accueil","item":"https:\/\/www.eyrignac.com\/en"},{"@type":"ListItem","position":2,"name":"The French-style \u2018Parterre\u2019"}]},{"@type":"WebSite","@id":"https:\/\/www.eyrignac.com\/fr\/#website","url":"https:\/\/www.eyrignac.com\/fr\/","name":"Eyrignac et ses jardins","description":"Lieu de verdure unique en Dordogne","publisher":{"@id":"https:\/\/www.eyrignac.com\/fr\/#organization"},"potentialAction":[{"@type":"SearchAction","target":{"@type":"EntryPoint","urlTemplate":"https:\/\/www.eyrignac.com\/fr\/?s={search_term_string}"},"query-input":{"@type":"PropertyValueSpecification","valueRequired":true,"valueName":"search_term_string"}}],"inLanguage":"en-US"},{"@type":"Organization","@id":"https:\/\/www.eyrignac.com\/fr\/#organization","name":"Eyrignac","url":"https:\/\/www.eyrignac.com\/fr\/","logo":{"@type":"ImageObject","inLanguage":"en-US","@id":"https:\/\/www.eyrignac.com\/fr\/#\/schema\/logo\/image\/","url":"https:\/\/www.eyrignac.com\/wp-content\/uploads\/2017\/12\/logo-eyrignac.png","contentUrl":"https:\/\/www.eyrignac.com\/wp-content\/uploads\/2017\/12\/logo-eyrignac.png","width":500,"height":189,"caption":"Eyrignac"},"image":{"@id":"https:\/\/www.eyrignac.com\/fr\/#\/schema\/logo\/image\/"},"sameAs":["https:\/\/www.facebook.com\/JardinsEyrignac\/","https:\/\/x.com\/eyrignac","https:\/\/www.instagram.com\/eyrignac\/","https:\/\/www.pinterest.fr\/eyrignac\/","https:\/\/www.youtube.com\/channel\/UCjWc47ArIew83eRXXjaBowg"]},{"@type":"Person","@id":"https:\/\/www.eyrignac.com\/fr\/#\/schema\/person\/6b23cb9e26d0d5fc9a6a178585528d02","name":"modifs"}]}},"_links":{"self":[{"href":"https:\/\/www.eyrignac.com\/en\/wp-json\/wp\/v2\/posts\/945","targetHints":{"allow":["GET"]}}],"collection":[{"href":"https:\/\/www.eyrignac.com\/en\/wp-json\/wp\/v2\/posts"}],"about":[{"href":"https:\/\/www.eyrignac.com\/en\/wp-json\/wp\/v2\/types\/post"}],"author":[{"embeddable":true,"href":"https:\/\/www.eyrignac.com\/en\/wp-json\/wp\/v2\/users\/1"}],"replies":[{"embeddable":true,"href":"https:\/\/www.eyrignac.com\/en\/wp-json\/wp\/v2\/comments?post=945"}],"version-history":[{"count":0,"href":"https:\/\/www.eyrignac.com\/en\/wp-json\/wp\/v2\/posts\/945\/revisions"}],"wp:featuredmedia":[{"embeddable":true,"href":"https:\/\/www.eyrignac.com\/en\/wp-json\/wp\/v2\/media\/10787"}],"wp:attachment":[{"href":"https:\/\/www.eyrignac.com\/en\/wp-json\/wp\/v2\/media?parent=945"}],"wp:term":[{"taxonomy":"category","embeddable":true,"href":"https:\/\/www.eyrignac.com\/en\/wp-json\/wp\/v2\/categories?post=945"},{"taxonomy":"post_tag","embeddable":true,"href":"https:\/\/www.eyrignac.com\/en\/wp-json\/wp\/v2\/tags?post=945"}],"curies":[{"name":"wp","href":"https:\/\/api.w.org\/{rel}","templated":true}]}}